{"id":1434,"date":"2024-09-18T17:03:13","date_gmt":"2024-09-18T20:03:13","guid":{"rendered":"https:\/\/dataref.net\/mx\/?p=1434"},"modified":"2024-09-18T17:04:29","modified_gmt":"2024-09-18T20:04:29","slug":"champions-league-debuta-el-feyenoord-de-santiago-gimenez","status":"publish","type":"post","link":"https:\/\/dataref.net\/mx\/champions-league-debuta-el-feyenoord-de-santiago-gimenez\/","title":{"rendered":"Champions League: Debuta el Feyenoord de Santiago Gim\u00e9nez"},"content":{"rendered":"\n<p>La <strong><a href=\"https:\/\/dataref.net\/mx\/tag\/champions-league\/\">Champions League 2024\/25<\/a><\/strong> ya est\u00e1 en marcha, y este jueves, le tocar\u00e1 estrenarse en la competici\u00f3n al <strong><a href=\"https:\/\/dataref.net\/mx\/tag\/feyenoord\/\">Feyenoord<\/a><\/strong>, que tiene a <strong><a href=\"https:\/\/dataref.net\/mx\/tag\/santiago-gimenez\/\">Santiago Gim\u00e9nez<\/a><\/strong> como figura, frente a un duro rival como lo es <strong><a href=\"https:\/\/dataref.net\/mx\/tag\/bayer-leverkusen\/\">Bayer Leverkusen<\/a><\/strong>, \u00faltimo campe\u00f3n de la <strong>Bundesliga <\/strong>y finalista de la <strong>Europa League<\/strong>. <strong>Ent\u00e9rate todo lo que tienes que saber.<\/strong><\/p>\n\n\n\n<p><strong>El equipo del Bebote llega a esta competencia tras empatar contra Groningen en la Liga de Pa\u00edses Bajos, en la cual marchan en el puesto 8, con 6 puntos (1 victoria y 3 empates). <\/strong>Mientras tanto, el conjunto alem\u00e1n viene de golear a <strong>Hoffenheim<\/strong> en la Bundesliga, ubic\u00e1ndose en el puesto 5 con 6 unidades (2 triunfos y 1 derrota).<\/p>\n\n\n\n<p>En la edici\u00f3n pasada de la Champions, Gim\u00e9nez disput\u00f3 4 partidos (2 ante Lazio, 1 vs. Atl\u00e9tico de Madrid y 1 contra Celtic) de los 6 que jug\u00f3 Feyenoord, debido a una suspensi\u00f3n que acarreaba el delantero. Sin embargo, esos duelos le alcanzaron al ex Cruz Azul para convertir 2 goles y repartir 1 asistencia. En esta temporada del torneo, <strong>El Bebote podr\u00e1 estar presente en todos los juegos de la nueva fase de liga que tiene la Champions, la cual cuenta con 8 partidos.<\/strong><\/p>\n\n\n\n<h2 class=\"wp-block-heading\">Hora y TV del duelo entre Feyenoord y Bayer Leverkusen<\/h2>\n\n\n\n<p><strong>El duelo entre el equipo de la Eredivisie y los dirigidos por <a href=\"https:\/\/dataref.net\/mx\/tag\/xabi-alonso\/\">Xabi Alonso<\/a> ser\u00e1 este jueves, desde las 10:45 (hora del Centro de M\u00e9xico)<\/strong>, en el Stadion Feijenoord, Rotterdam, Holanda. <strong>La transmisi\u00f3n podr\u00e1 seguirse por MAX y TNT Sports<\/strong>. En\u00a0Estados Unidos\u00a0se podr\u00e1 seguir a trav\u00e9s de\u00a0Paramount+, fuboTV, <strong>TUDN<\/strong>, Univision y Vix.<\/p>\n\n\n\n<h2 class=\"wp-block-heading\">Xabi Alonso elogi\u00f3 a Santiago Gim\u00e9nez<\/h2>\n\n\n\n<p>En la previa al duelo por la Champions, Xabi Alonso, entrenador de Bayer Leverkusen, <strong>equipo para el que Gim\u00e9nez son\u00f3 en el \u00faltimo mercado de pases<\/strong>, elogi\u00f3 al delantero mexicano:<strong> &#8220;Es un gran jugador, siempre est\u00e1 esperando su momento.<\/strong> Es un gran rematador, tiene buenos movimientos, utiliza muy bien su cuerpo. <strong>Es un jugador muy completo.&#8221;.<\/strong><\/p>\n\n\n\n<figure class=\"wp-block-gallery has-nested-images columns-default is-cropped wp-block-gallery-1 is-layout-flex wp-block-gallery-is-layout-flex\">\n<figure class=\"wp-block-image size-large\"><img fetchpriority=\"high\" decoding=\"async\" width=\"800\" height=\"533\" data-id=\"1437\" src=\"https:\/\/dataref.net\/mx\/wp-content\/uploads\/2024\/09\/imago0762932215h.jpg\" alt=\"\" class=\"wp-image-1437\" srcset=\"https:\/\/dataref.net\/mx\/wp-content\/uploads\/2024\/09\/imago0762932215h.jpg 800w, https:\/\/dataref.net\/mx\/wp-content\/uploads\/2024\/09\/imago0762932215h-300x200.jpg 300w, https:\/\/dataref.net\/mx\/wp-content\/uploads\/2024\/09\/imago0762932215h-768x512.jpg 768w\" sizes=\"(max-width: 800px) 100vw, 800px\" \/><\/figure>\n<figcaption class=\"blocks-gallery-caption wp-element-caption\">Xabi Alonso elogi\u00f3 a Santiago Gim\u00e9nez (Imago).<\/figcaption><\/figure>\n\n\n\n<figure class=\"wp-block-embed is-type-rich is-provider-twitter wp-block-embed-twitter\"><div class=\"wp-block-embed__wrapper\">\n<blockquote class=\"twitter-tweet\" data-width=\"550\" data-dnt=\"true\"><p lang=\"fr\" dir=\"ltr\">Santiago Gim\u00e9nez&#39;s first <a href=\"https:\/\/twitter.com\/hashtag\/UCL?src=hash&amp;ref_src=twsrc%5Etfw\">#UCL<\/a> goals \ud83c\udfaf <a href=\"https:\/\/t.co\/xSodrDDo30\">pic.twitter.com\/xSodrDDo30<\/a><\/p>&mdash; UEFA Champions League (@ChampionsLeague) <a href=\"https:\/\/twitter.com\/ChampionsLeague\/status\/1719036944162967861?ref_src=twsrc%5Etfw\">October 30, 2023<\/a><\/blockquote><script async src=\"https:\/\/platform.twitter.com\/widgets.js\" charset=\"utf-8\"><\/script>\n<\/div><\/figure>\n<div class=\"ays-arp-under-posts-container ays-arp-classy-layout \" id=\"ays-arp-under-posts-container-1434-69f4d919cc80b\"  data-id=\"69f4d919cc80b\" data-ratio=\"0.75\"><h2 class=\"ays-arp-under-posts-container-title\">Noticias relacionadas<\/h2><input type=\"hidden\" name=\"ays-arp-id-69f4d919cc80b\" value=\"1434\"><div class=\"ays-arp-under-posts\"><div class=\"ays-arp-under-post\"><div class=\"ays-arp-under-post-header\"><div class=\"ays-arp-under-post-img-row\"><a href=\"https:\/\/dataref.net\/mx\/video-el-primer-gol-de-santiago-gimenez-en-la-temporada-con-ac-milan\/\" class=\"ays-arp-under-post-link\"  ><img src=\"https:\/\/dataref.net\/mx\/wp-content\/uploads\/2025\/09\/gettyimages-2236981297-2048x2048-1-768x461.jpg\" alt=\"\" class=\"ays-arp-under-post-img\"><img src=\"https:\/\/dataref.net\/mx\/wp-content\/uploads\/2025\/09\/gettyimages-2236981297-2048x2048-1-768x461.jpg\" alt=\"\" class=\"ays-arp-under-post-img ays-arp-under-post-img-mobile\"><span class=\"ays-arp-under-post-overlay-box\"><\/span><\/a><div class=\"ays-arp-under-post-title-row\"><div class=\"ays-arp-under-post-title\"><a href=\"https:\/\/dataref.net\/mx\/video-el-primer-gol-de-santiago-gimenez-en-la-temporada-con-ac-milan\/\" class=\"ays-arp-under-post-link\"  >VIDEO: el PRIMER GOL de SANTIAGO GIM\u00c9NEZ...<\/a><\/div><\/div><\/div><\/div><div class=\"ays-arp-under-post-content\"><div class=\"ays-arp-under-post-excerpt-row\"><span class=\"ays-arp-under-post-excerpt\">\nAC Milan le est\u00e1 ganando 1-0 a Lecce al t\u00e9rmino...<\/span><\/div><\/div><\/div><div class=\"ays-arp-under-post\"><div class=\"ays-arp-under-post-header\"><div class=\"ays-arp-under-post-img-row\"><a href=\"https:\/\/dataref.net\/mx\/la-asistencia-de-rodrigo-huescas-en-su-debut-en-al-uefa-champions-league-con-copenhague\/\" class=\"ays-arp-under-post-link\"  ><img src=\"https:\/\/dataref.net\/mx\/wp-content\/uploads\/2025\/09\/IMG_9739-768x461.jpg\" alt=\"\" class=\"ays-arp-under-post-img\"><img src=\"https:\/\/dataref.net\/mx\/wp-content\/uploads\/2025\/09\/IMG_9739-768x461.jpg\" alt=\"\" class=\"ays-arp-under-post-img ays-arp-under-post-img-mobile\"><span class=\"ays-arp-under-post-overlay-box\"><\/span><\/a><div class=\"ays-arp-under-post-title-row\"><div class=\"ays-arp-under-post-title\"><a href=\"https:\/\/dataref.net\/mx\/la-asistencia-de-rodrigo-huescas-en-su-debut-en-al-uefa-champions-league-con-copenhague\/\" class=\"ays-arp-under-post-link\"  >La ASISTENCIA de Rodrigo Huescas en su...<\/a><\/div><\/div><\/div><\/div><div class=\"ays-arp-under-post-content\"><div class=\"ays-arp-under-post-excerpt-row\"><span class=\"ays-arp-under-post-excerpt\">\nCopenhague y Bayer Leverkusen empataron 2-2 en Dinamarca en el...<\/span><\/div><\/div><\/div><div class=\"ays-arp-under-post\"><div class=\"ays-arp-under-post-header\"><div class=\"ays-arp-under-post-img-row\"><a href=\"https:\/\/dataref.net\/mx\/borrado-la-razon-por-la-que-santiago-gimenez-no-participara-de-la-pretemporada-de-ac-milan\/\" class=\"ays-arp-under-post-link\"  ><img src=\"https:\/\/dataref.net\/mx\/wp-content\/uploads\/2025\/07\/gettyimages-2214328508-2048x2048-1-768x461.jpg\" alt=\"\" class=\"ays-arp-under-post-img\"><img src=\"https:\/\/dataref.net\/mx\/wp-content\/uploads\/2025\/07\/gettyimages-2214328508-2048x2048-1-768x461.jpg\" alt=\"\" class=\"ays-arp-under-post-img ays-arp-under-post-img-mobile\"><span class=\"ays-arp-under-post-overlay-box\"><\/span><\/a><div class=\"ays-arp-under-post-title-row\"><div class=\"ays-arp-under-post-title\"><a href=\"https:\/\/dataref.net\/mx\/borrado-la-razon-por-la-que-santiago-gimenez-no-participara-de-la-pretemporada-de-ac-milan\/\" class=\"ays-arp-under-post-link\"  >\u00bfBORRADO? La RAZ\u00d3N por la que SANTIAGO...<\/a><\/div><\/div><\/div><\/div><div class=\"ays-arp-under-post-content\"><div class=\"ays-arp-under-post-excerpt-row\"><span class=\"ays-arp-under-post-excerpt\">\nHace instantes, el AC Milan dio a conocer la lista...<\/span><\/div><\/div><\/div><\/div><style type=\"text\/css\">\n            #ays-arp-under-posts-container-1434-69f4d919cc80b {\n                width: 100%;\n                word-break: break-word;\n            }\n\n            #ays-arp-under-posts-container-1434-69f4d919cc80b .ays-arp-under-post {\n                width: calc(33% - 10px);\n                padding: 10px;\n                border: none;\n            }\n\n            #ays-arp-under-posts-container-1434-69f4d919cc80b .ays-arp-under-post-img-row .ays-arp-under-post-img {\n\t\t\t    object-fit: contain;\n\t\t\t    object-position:center center;\n                border: unset;\n                padding: unset;\n                border-radius: 0px;\n                height: 100%\n            }\n\n            #ays-arp-under-posts-container-1434-69f4d919cc80b .ays-arp-under-posts-container-title,\n            #ays-arp-under-posts-container-1434-69f4d919cc80b .ays-arp-under-post-title  .ays-arp-under-post-link,\n            #ays-arp-under-posts-container-1434-69f4d919cc80b .ays-arp-under-post-excerpt-row {\n                color: #333333;\n            }\n\n            #ays-arp-under-posts-container-1434-69f4d919cc80b  .ays-arp-under-posts  .ays-arp-under-post {\n                background-color: rgba(255,255,255,0);\n            }\n\n            #ays-arp-under-posts-container-1434-69f4d919cc80b  .ays-arp-under-posts  .ays-arp-under-post:hover {\n                background-color: rgba(255,255,255,0);\n            }\n\n            #ays-arp-under-posts-container-1434-69f4d919cc80b .ays-arp-under-post-title,\n            #ays-arp-under-posts-container-1434-69f4d919cc80b .ays-arp-under-post-link {\n                line-height: 1.5;\n            }\n\n            #ays-arp-under-posts-container-1434-69f4d919cc80b .ays-arp-under-post-title a{\n                font-size: 12px;\n            }\n\n            #ays-arp-under-posts-container-1434-69f4d919cc80b .ays-arp-under-post-date-author-row {\n                color: rgba(51,51,51,0.7);\n            }\n\n            #ays-arp-under-posts-container-1434-69f4d919cc80b .ays-arp-under-posts a:active,\n            #ays-arp-under-posts-container-1434-69f4d919cc80b .ays-arp-under-posts a:hover,\n            #ays-arp-under-posts-container-1434-69f4d919cc80b .ays-arp-under-posts a:focus,\n            #ays-arp-under-posts-container-1434-69f4d919cc80b .ays-arp-under-posts a {\n                text-decoration: unset;\n                cursor: pointer;\n                outline: unset;\n                text-decoration-skip-ink: none;\n                background: unset;\n                opacity: 1;\n            }\n\n            #ays-arp-under-posts-container-1434-69f4d919cc80b .ays-arp-under-post-img-row .ays-arp-under-post-img.ays-arp-under-post-img-mobile {\n                display: none;                    \n            }\n\n            @media screen and (max-width: 768px){\n\n                #ays-arp-under-posts-container-1434-69f4d919cc80b .ays-arp-under-post-img-row .ays-arp-under-post-img {\n                    object-fit: contain;\n                    display: none;                    \n                }\n\n                #ays-arp-under-posts-container-1434-69f4d919cc80b .ays-arp-under-post-img-row .ays-arp-under-post-img.ays-arp-under-post-img-mobile {\n                    display: inline-block;                    \n                }\n\n                #ays-arp-under-posts-container-1434-69f4d919cc80b .ays-arp-under-post-title a{\n                    font-size: 12px;\n                }\n\n                #ays-arp-under-posts-container-1434-69f4d919cc80b .ays-arp-under-post {\n                    width: calc(33% - 10px);\n                    border: none;\n                }\n\n                #ays-arp-under-posts-container-1434-69f4d919cc80b .ays-arp-under-posts-container-title,\n                #ays-arp-under-posts-container-1434-69f4d919cc80b .ays-arp-under-post-title  .ays-arp-under-post-link,\n                #ays-arp-under-posts-container-1434-69f4d919cc80b .ays-arp-under-post-excerpt-row {\n                    color: #333;\n                }\n\n                #ays-arp-under-posts-container-1434-69f4d919cc80b .ays-arp-under-post-date-author-row {\n                    color: rgba(51,51,51,0.7);\n                }\n\n                #ays-arp-under-posts-container-1434-69f4d919cc80b  .ays-arp-under-posts  .ays-arp-under-post {\n                    background-color: rgba(255,255,255,0);\n                }\n            }\n\n            \n            \/* Layout CSS *\/\n            #ays-arp-under-posts-container-1434-69f4d919cc80b.ays-arp-classy-layout .ays-arp-under-post-date-author-row {\n                \/*border-bottom: 0.5px solid rgba(51,51,51,0.4);*\/\n                border: unset;\n            }\n\n            #ays-arp-under-posts-container-1434-69f4d919cc80b.ays-arp-classy-layout .ays-arp-under-post {\n                padding: 0;\n                \/*border: 0.5px solid rgb(236 237 241);*\/\n                border-radius: 0px;\n                overflow:hidden;\n            }\n\n            #ays-arp-under-posts-container-1434-69f4d919cc80b.ays-arp-classy-layout .ays-arp-under-post-content {\n                padding: 10px;\n            }\n\n            #ays-arp-under-posts-container-1434-69f4d919cc80b.ays-arp-classy-layout .ays-arp-under-post-img-row,\n            #ays-arp-under-posts-container-1434-69f4d919cc80b.ays-arp-classy-layout .ays-arp-under-post-img-row img {\n                border-radius: 0px;\n            }\n\n            #ays-arp-under-posts-container-1434-69f4d919cc80b.ays-arp-classy-layout .ays-arp-under-post-link {\n                color: #fff;\n            }\n            \n            <\/style><\/div>","protected":false},"excerpt":{"rendered":"<p>Santiago Gim\u00e9nez debuta en la Champions League 2024\/25 ante Bayer Leverkusen.<\/p>\n","protected":false},"author":8,"featured_media":1435,"comment_status":"open","ping_status":"open","sticky":false,"template":"","format":"standard","meta":{"_acf_changed":false,"footnotes":""},"categories":[139],"tags":[220,240,147,77,241],"class_list":["post-1434","post","type-post","status-publish","format-standard","has-post-thumbnail","hentry","category-mexicanos-en-el-extranjero","tag-bayer-leverkusen","tag-champions-league","tag-feyenoord","tag-santiago-gimenez","tag-xabi-alonso"],"acf":[],"yoast_head":"<!-- This site is optimized with the Yoast SEO Premium plugin v21.3 (Yoast SEO v26.9) - https:\/\/yoast.com\/product\/yoast-seo-premium-wordpress\/ -->\n<title>Champions League: Debuta el Feyenoord de Santiago Gim\u00e9nez - dataref M\u00e9xico<\/title>\n<meta name=\"robots\" content=\"index, follow, max-snippet:-1, max-image-preview:large, max-video-preview:-1\" \/>\n<link rel=\"canonical\" href=\"https:\/\/dataref.net\/mx\/champions-league-debuta-el-feyenoord-de-santiago-gimenez\/\" \/>\n<meta property=\"og:locale\" content=\"es_ES\" \/>\n<meta property=\"og:type\" content=\"article\" \/>\n<meta property=\"og:title\" content=\"Champions League: Debuta el Feyenoord de Santiago Gim\u00e9nez\" \/>\n<meta property=\"og:description\" content=\"Santiago Gim\u00e9nez debuta en la Champions League 2024\/25 ante Bayer Leverkusen.\" \/>\n<meta property=\"og:url\" content=\"https:\/\/dataref.net\/mx\/champions-league-debuta-el-feyenoord-de-santiago-gimenez\/\" \/>\n<meta property=\"og:site_name\" content=\"dataref M\u00e9xico\" \/>\n<meta property=\"article:published_time\" content=\"2024-09-18T20:03:13+00:00\" \/>\n<meta property=\"article:modified_time\" content=\"2024-09-18T20:04:29+00:00\" \/>\n<meta property=\"og:image\" content=\"https:\/\/dataref.net\/mx\/wp-content\/uploads\/2024\/09\/imago1036186149h.jpg\" \/>\n\t<meta property=\"og:image:width\" content=\"800\" \/>\n\t<meta property=\"og:image:height\" content=\"534\" \/>\n\t<meta property=\"og:image:type\" content=\"image\/jpeg\" \/>\n<meta name=\"author\" content=\"Mart\u00edn Iturralde\" \/>\n<meta name=\"twitter:card\" content=\"summary_large_image\" \/>\n<meta name=\"twitter:creator\" content=\"@dataref_ar\" \/>\n<meta name=\"twitter:site\" content=\"@dataref_ar\" \/>\n<meta name=\"twitter:label1\" content=\"Escrito por\" \/>\n\t<meta name=\"twitter:data1\" content=\"Mart\u00edn Iturralde\" \/>\n\t<meta name=\"twitter:label2\" content=\"Tiempo de lectura\" \/>\n\t<meta name=\"twitter:data2\" content=\"2 minutos\" \/>\n<script type=\"application\/ld+json\" class=\"yoast-schema-graph\">{\"@context\":\"https:\/\/schema.org\",\"@graph\":[{\"@type\":\"Article\",\"@id\":\"https:\/\/dataref.net\/mx\/champions-league-debuta-el-feyenoord-de-santiago-gimenez\/#article\",\"isPartOf\":{\"@id\":\"https:\/\/dataref.net\/mx\/champions-league-debuta-el-feyenoord-de-santiago-gimenez\/\"},\"author\":{\"name\":\"Mart\u00edn Iturralde\",\"@id\":\"https:\/\/dataref.net\/mx\/#\/schema\/person\/c16391902b5780b542ca0a28033c29ef\"},\"headline\":\"Champions League: Debuta el Feyenoord de Santiago Gim\u00e9nez\",\"datePublished\":\"2024-09-18T20:03:13+00:00\",\"dateModified\":\"2024-09-18T20:04:29+00:00\",\"mainEntityOfPage\":{\"@id\":\"https:\/\/dataref.net\/mx\/champions-league-debuta-el-feyenoord-de-santiago-gimenez\/\"},\"wordCount\":346,\"commentCount\":0,\"publisher\":{\"@id\":\"https:\/\/dataref.net\/mx\/#organization\"},\"image\":{\"@id\":\"https:\/\/dataref.net\/mx\/champions-league-debuta-el-feyenoord-de-santiago-gimenez\/#primaryimage\"},\"thumbnailUrl\":\"https:\/\/dataref.net\/mx\/wp-content\/uploads\/2024\/09\/imago1036186149h.jpg\",\"keywords\":[\"Bayer Leverkusen\",\"Champions League\",\"Feyenoord\",\"Santiago Gim\u00e9nez\",\"Xabi Alonso\"],\"articleSection\":[\"Mexicanos en el extranjero\"],\"inLanguage\":\"es-AR\",\"potentialAction\":[{\"@type\":\"CommentAction\",\"name\":\"Comment\",\"target\":[\"https:\/\/dataref.net\/mx\/champions-league-debuta-el-feyenoord-de-santiago-gimenez\/#respond\"]}]},{\"@type\":\"WebPage\",\"@id\":\"https:\/\/dataref.net\/mx\/champions-league-debuta-el-feyenoord-de-santiago-gimenez\/\",\"url\":\"https:\/\/dataref.net\/mx\/champions-league-debuta-el-feyenoord-de-santiago-gimenez\/\",\"name\":\"Champions League: Debuta el Feyenoord de Santiago Gim\u00e9nez - dataref M\u00e9xico\",\"isPartOf\":{\"@id\":\"https:\/\/dataref.net\/mx\/#website\"},\"primaryImageOfPage\":{\"@id\":\"https:\/\/dataref.net\/mx\/champions-league-debuta-el-feyenoord-de-santiago-gimenez\/#primaryimage\"},\"image\":{\"@id\":\"https:\/\/dataref.net\/mx\/champions-league-debuta-el-feyenoord-de-santiago-gimenez\/#primaryimage\"},\"thumbnailUrl\":\"https:\/\/dataref.net\/mx\/wp-content\/uploads\/2024\/09\/imago1036186149h.jpg\",\"datePublished\":\"2024-09-18T20:03:13+00:00\",\"dateModified\":\"2024-09-18T20:04:29+00:00\",\"breadcrumb\":{\"@id\":\"https:\/\/dataref.net\/mx\/champions-league-debuta-el-feyenoord-de-santiago-gimenez\/#breadcrumb\"},\"inLanguage\":\"es-AR\",\"potentialAction\":[{\"@type\":\"ReadAction\",\"target\":[\"https:\/\/dataref.net\/mx\/champions-league-debuta-el-feyenoord-de-santiago-gimenez\/\"]}]},{\"@type\":\"ImageObject\",\"inLanguage\":\"es-AR\",\"@id\":\"https:\/\/dataref.net\/mx\/champions-league-debuta-el-feyenoord-de-santiago-gimenez\/#primaryimage\",\"url\":\"https:\/\/dataref.net\/mx\/wp-content\/uploads\/2024\/09\/imago1036186149h.jpg\",\"contentUrl\":\"https:\/\/dataref.net\/mx\/wp-content\/uploads\/2024\/09\/imago1036186149h.jpg\",\"width\":800,\"height\":534},{\"@type\":\"BreadcrumbList\",\"@id\":\"https:\/\/dataref.net\/mx\/champions-league-debuta-el-feyenoord-de-santiago-gimenez\/#breadcrumb\",\"itemListElement\":[{\"@type\":\"ListItem\",\"position\":1,\"name\":\"Home\",\"item\":\"https:\/\/dataref.net\/mx\/\"},{\"@type\":\"ListItem\",\"position\":2,\"name\":\"Champions League: Debuta el Feyenoord de Santiago Gim\u00e9nez\"}]},{\"@type\":\"WebSite\",\"@id\":\"https:\/\/dataref.net\/mx\/#website\",\"url\":\"https:\/\/dataref.net\/mx\/\",\"name\":\"dataref\",\"description\":\"\",\"publisher\":{\"@id\":\"https:\/\/dataref.net\/mx\/#organization\"},\"potentialAction\":[{\"@type\":\"SearchAction\",\"target\":{\"@type\":\"EntryPoint\",\"urlTemplate\":\"https:\/\/dataref.net\/mx\/?s={search_term_string}\"},\"query-input\":{\"@type\":\"PropertyValueSpecification\",\"valueRequired\":true,\"valueName\":\"search_term_string\"}}],\"inLanguage\":\"es-AR\"},{\"@type\":\"Organization\",\"@id\":\"https:\/\/dataref.net\/mx\/#organization\",\"name\":\"dataref\",\"url\":\"https:\/\/dataref.net\/mx\/\",\"logo\":{\"@type\":\"ImageObject\",\"inLanguage\":\"es-AR\",\"@id\":\"https:\/\/dataref.net\/mx\/#\/schema\/logo\/image\/\",\"url\":\"https:\/\/dataref.net\/mx\/wp-content\/uploads\/2023\/12\/cropped-dataref-logo-blanco.4d39855902e69a709381.png\",\"contentUrl\":\"https:\/\/dataref.net\/mx\/wp-content\/uploads\/2023\/12\/cropped-dataref-logo-blanco.4d39855902e69a709381.png\",\"width\":1500,\"height\":429,\"caption\":\"dataref\"},\"image\":{\"@id\":\"https:\/\/dataref.net\/mx\/#\/schema\/logo\/image\/\"},\"sameAs\":[\"https:\/\/x.com\/dataref_ar\",\"https:\/\/www.instagram.com\/dataref_ar\/\"]},{\"@type\":\"Person\",\"@id\":\"https:\/\/dataref.net\/mx\/#\/schema\/person\/c16391902b5780b542ca0a28033c29ef\",\"name\":\"Mart\u00edn Iturralde\",\"image\":{\"@type\":\"ImageObject\",\"inLanguage\":\"es-AR\",\"@id\":\"https:\/\/dataref.net\/mx\/#\/schema\/person\/image\/\",\"url\":\"https:\/\/secure.gravatar.com\/avatar\/3efdf4967aa30966025c00271b67436f8205a8f30e7b8f3fabbd773b34980859?s=96&d=mm&r=g\",\"contentUrl\":\"https:\/\/secure.gravatar.com\/avatar\/3efdf4967aa30966025c00271b67436f8205a8f30e7b8f3fabbd773b34980859?s=96&d=mm&r=g\",\"caption\":\"Mart\u00edn Iturralde\"},\"url\":\"https:\/\/dataref.net\/mx\/author\/martiniturralde\/\"}]}<\/script>\n<!-- \/ Yoast SEO Premium plugin. -->","yoast_head_json":{"title":"Champions League: Debuta el Feyenoord de Santiago Gim\u00e9nez - dataref M\u00e9xico","robots":{"index":"index","follow":"follow","max-snippet":"max-snippet:-1","max-image-preview":"max-image-preview:large","max-video-preview":"max-video-preview:-1"},"canonical":"https:\/\/dataref.net\/mx\/champions-league-debuta-el-feyenoord-de-santiago-gimenez\/","og_locale":"es_ES","og_type":"article","og_title":"Champions League: Debuta el Feyenoord de Santiago Gim\u00e9nez","og_description":"Santiago Gim\u00e9nez debuta en la Champions League 2024\/25 ante Bayer Leverkusen.","og_url":"https:\/\/dataref.net\/mx\/champions-league-debuta-el-feyenoord-de-santiago-gimenez\/","og_site_name":"dataref M\u00e9xico","article_published_time":"2024-09-18T20:03:13+00:00","article_modified_time":"2024-09-18T20:04:29+00:00","og_image":[{"width":800,"height":534,"url":"https:\/\/dataref.net\/mx\/wp-content\/uploads\/2024\/09\/imago1036186149h.jpg","type":"image\/jpeg"}],"author":"Mart\u00edn Iturralde","twitter_card":"summary_large_image","twitter_creator":"@dataref_ar","twitter_site":"@dataref_ar","twitter_misc":{"Escrito por":"Mart\u00edn Iturralde","Tiempo de lectura":"2 minutos"},"schema":{"@context":"https:\/\/schema.org","@graph":[{"@type":"Article","@id":"https:\/\/dataref.net\/mx\/champions-league-debuta-el-feyenoord-de-santiago-gimenez\/#article","isPartOf":{"@id":"https:\/\/dataref.net\/mx\/champions-league-debuta-el-feyenoord-de-santiago-gimenez\/"},"author":{"name":"Mart\u00edn Iturralde","@id":"https:\/\/dataref.net\/mx\/#\/schema\/person\/c16391902b5780b542ca0a28033c29ef"},"headline":"Champions League: Debuta el Feyenoord de Santiago Gim\u00e9nez","datePublished":"2024-09-18T20:03:13+00:00","dateModified":"2024-09-18T20:04:29+00:00","mainEntityOfPage":{"@id":"https:\/\/dataref.net\/mx\/champions-league-debuta-el-feyenoord-de-santiago-gimenez\/"},"wordCount":346,"commentCount":0,"publisher":{"@id":"https:\/\/dataref.net\/mx\/#organization"},"image":{"@id":"https:\/\/dataref.net\/mx\/champions-league-debuta-el-feyenoord-de-santiago-gimenez\/#primaryimage"},"thumbnailUrl":"https:\/\/dataref.net\/mx\/wp-content\/uploads\/2024\/09\/imago1036186149h.jpg","keywords":["Bayer Leverkusen","Champions League","Feyenoord","Santiago Gim\u00e9nez","Xabi Alonso"],"articleSection":["Mexicanos en el extranjero"],"inLanguage":"es-AR","potentialAction":[{"@type":"CommentAction","name":"Comment","target":["https:\/\/dataref.net\/mx\/champions-league-debuta-el-feyenoord-de-santiago-gimenez\/#respond"]}]},{"@type":"WebPage","@id":"https:\/\/dataref.net\/mx\/champions-league-debuta-el-feyenoord-de-santiago-gimenez\/","url":"https:\/\/dataref.net\/mx\/champions-league-debuta-el-feyenoord-de-santiago-gimenez\/","name":"Champions League: Debuta el Feyenoord de Santiago Gim\u00e9nez - dataref M\u00e9xico","isPartOf":{"@id":"https:\/\/dataref.net\/mx\/#website"},"primaryImageOfPage":{"@id":"https:\/\/dataref.net\/mx\/champions-league-debuta-el-feyenoord-de-santiago-gimenez\/#primaryimage"},"image":{"@id":"https:\/\/dataref.net\/mx\/champions-league-debuta-el-feyenoord-de-santiago-gimenez\/#primaryimage"},"thumbnailUrl":"https:\/\/dataref.net\/mx\/wp-content\/uploads\/2024\/09\/imago1036186149h.jpg","datePublished":"2024-09-18T20:03:13+00:00","dateModified":"2024-09-18T20:04:29+00:00","breadcrumb":{"@id":"https:\/\/dataref.net\/mx\/champions-league-debuta-el-feyenoord-de-santiago-gimenez\/#breadcrumb"},"inLanguage":"es-AR","potentialAction":[{"@type":"ReadAction","target":["https:\/\/dataref.net\/mx\/champions-league-debuta-el-feyenoord-de-santiago-gimenez\/"]}]},{"@type":"ImageObject","inLanguage":"es-AR","@id":"https:\/\/dataref.net\/mx\/champions-league-debuta-el-feyenoord-de-santiago-gimenez\/#primaryimage","url":"https:\/\/dataref.net\/mx\/wp-content\/uploads\/2024\/09\/imago1036186149h.jpg","contentUrl":"https:\/\/dataref.net\/mx\/wp-content\/uploads\/2024\/09\/imago1036186149h.jpg","width":800,"height":534},{"@type":"BreadcrumbList","@id":"https:\/\/dataref.net\/mx\/champions-league-debuta-el-feyenoord-de-santiago-gimenez\/#breadcrumb","itemListElement":[{"@type":"ListItem","position":1,"name":"Home","item":"https:\/\/dataref.net\/mx\/"},{"@type":"ListItem","position":2,"name":"Champions League: Debuta el Feyenoord de Santiago Gim\u00e9nez"}]},{"@type":"WebSite","@id":"https:\/\/dataref.net\/mx\/#website","url":"https:\/\/dataref.net\/mx\/","name":"dataref","description":"","publisher":{"@id":"https:\/\/dataref.net\/mx\/#organization"},"potentialAction":[{"@type":"SearchAction","target":{"@type":"EntryPoint","urlTemplate":"https:\/\/dataref.net\/mx\/?s={search_term_string}"},"query-input":{"@type":"PropertyValueSpecification","valueRequired":true,"valueName":"search_term_string"}}],"inLanguage":"es-AR"},{"@type":"Organization","@id":"https:\/\/dataref.net\/mx\/#organization","name":"dataref","url":"https:\/\/dataref.net\/mx\/","logo":{"@type":"ImageObject","inLanguage":"es-AR","@id":"https:\/\/dataref.net\/mx\/#\/schema\/logo\/image\/","url":"https:\/\/dataref.net\/mx\/wp-content\/uploads\/2023\/12\/cropped-dataref-logo-blanco.4d39855902e69a709381.png","contentUrl":"https:\/\/dataref.net\/mx\/wp-content\/uploads\/2023\/12\/cropped-dataref-logo-blanco.4d39855902e69a709381.png","width":1500,"height":429,"caption":"dataref"},"image":{"@id":"https:\/\/dataref.net\/mx\/#\/schema\/logo\/image\/"},"sameAs":["https:\/\/x.com\/dataref_ar","https:\/\/www.instagram.com\/dataref_ar\/"]},{"@type":"Person","@id":"https:\/\/dataref.net\/mx\/#\/schema\/person\/c16391902b5780b542ca0a28033c29ef","name":"Mart\u00edn Iturralde","image":{"@type":"ImageObject","inLanguage":"es-AR","@id":"https:\/\/dataref.net\/mx\/#\/schema\/person\/image\/","url":"https:\/\/secure.gravatar.com\/avatar\/3efdf4967aa30966025c00271b67436f8205a8f30e7b8f3fabbd773b34980859?s=96&d=mm&r=g","contentUrl":"https:\/\/secure.gravatar.com\/avatar\/3efdf4967aa30966025c00271b67436f8205a8f30e7b8f3fabbd773b34980859?s=96&d=mm&r=g","caption":"Mart\u00edn Iturralde"},"url":"https:\/\/dataref.net\/mx\/author\/martiniturralde\/"}]}},"_links":{"self":[{"href":"https:\/\/dataref.net\/mx\/wp-json\/wp\/v2\/posts\/1434","targetHints":{"allow":["GET"]}}],"collection":[{"href":"https:\/\/dataref.net\/mx\/wp-json\/wp\/v2\/posts"}],"about":[{"href":"https:\/\/dataref.net\/mx\/wp-json\/wp\/v2\/types\/post"}],"author":[{"embeddable":true,"href":"https:\/\/dataref.net\/mx\/wp-json\/wp\/v2\/users\/8"}],"replies":[{"embeddable":true,"href":"https:\/\/dataref.net\/mx\/wp-json\/wp\/v2\/comments?post=1434"}],"version-history":[{"count":2,"href":"https:\/\/dataref.net\/mx\/wp-json\/wp\/v2\/posts\/1434\/revisions"}],"predecessor-version":[{"id":1443,"href":"https:\/\/dataref.net\/mx\/wp-json\/wp\/v2\/posts\/1434\/revisions\/1443"}],"wp:featuredmedia":[{"embeddable":true,"href":"https:\/\/dataref.net\/mx\/wp-json\/wp\/v2\/media\/1435"}],"wp:attachment":[{"href":"https:\/\/dataref.net\/mx\/wp-json\/wp\/v2\/media?parent=1434"}],"wp:term":[{"taxonomy":"category","embeddable":true,"href":"https:\/\/dataref.net\/mx\/wp-json\/wp\/v2\/categories?post=1434"},{"taxonomy":"post_tag","embeddable":true,"href":"https:\/\/dataref.net\/mx\/wp-json\/wp\/v2\/tags?post=1434"}],"curies":[{"name":"wp","href":"https:\/\/api.w.org\/{rel}","templated":true}]}}