{"id":8598,"date":"2024-12-11T19:05:43","date_gmt":"2024-12-11T22:05:43","guid":{"rendered":"https:\/\/dataref.net\/ar\/?p=8598"},"modified":"2024-12-11T19:05:44","modified_gmt":"2024-12-11T22:05:44","slug":"de-racha-el-atletico-madrid-de-diego-simeone-esta-imparable-en-europa","status":"publish","type":"post","link":"https:\/\/dataref.net\/ar\/de-racha-el-atletico-madrid-de-diego-simeone-esta-imparable-en-europa\/","title":{"rendered":"DE RACHA: el Atl\u00e9tico Madrid de Diego Simeone est\u00e1 imparable en Europa"},"content":{"rendered":"\n<p class=\"wp-block-paragraph\"><a href=\"https:\/\/dataref.net\/ar\/tag\/atletico-madrid\/\">Atl\u00e9tico Madrid<\/a> reafirm\u00f3 su gran momento al vencer 3-1 a <a href=\"https:\/\/dataref.net\/ar\/tag\/slovan-bratislava\/\">Slovan Bratislava<\/a> por la <a href=\"https:\/\/dataref.net\/ar\/tag\/uefa-champions-league\/\">UEFA Champions League<\/a>. Con un doblete de <a href=\"https:\/\/dataref.net\/ar\/tag\/antoine-griezmann\/\">Antoine Griezmann<\/a> y un gol de <a href=\"https:\/\/dataref.net\/ar\/tag\/julian-alvarez\/\">Juli\u00e1n \u00c1lvarez<\/a>, el equipo de <a href=\"https:\/\/dataref.net\/ar\/tag\/diego-simeone\/\">Diego Simeone<\/a> sell\u00f3 una victoria clave. Este resultado permite a los colchoneros consolidarse en la tabla de posiciones y extender una racha que los mantiene como uno de los equipos m\u00e1s en forma del f\u00fatbol europeo.<\/p>\n\n\n\n<p class=\"wp-block-paragraph\">Bajo la direcci\u00f3n de Simeone, el Atl\u00e9tico vive un renacimiento tras un inicio de temporada complicado. En Europa y en La Liga, <strong>los rojiblancos acumulan 10 triunfos consecutivos<\/strong>, demostrando solidez tanto en defensa como en ataque. Este repunte no solo despej\u00f3 las dudas sobre el entrenador argentino, sino que tambi\u00e9n ha devuelto al equipo la confianza de pelear en todos los frentes.<\/p>\n\n\n\n<figure class=\"wp-block-embed is-type-rich is-provider-twitter wp-block-embed-twitter\"><div class=\"wp-block-embed__wrapper\">\n<blockquote class=\"twitter-tweet\" data-width=\"550\" data-dnt=\"true\"><p lang=\"es\" dir=\"ltr\">\ud83d\udd1d\ud83c\uddea\ud83c\uddf8 El Atl\u00e9tico Madrid de DIEGO SIMEONE acumula 10 VICTORIAS CONSECUTIVAS:<br><br>\u2705 2-0 vs. Vic.<br>\u2705 2-0 vs. Las Palmas. <br>\u2705 2-1 vs. PSG.<br>\u2705 1-0 vs. Mallorca.<br>\u2705 2-1 vs. Alav\u00e9s. <br>\u2705 6-0 vs. Sparta Praha. <br>\u2705 5-0 vs. Real Valladolid. <br>\u2705 3-1 vs. Cacere\u00f1o.<br>\u2705 4-3 vs. Sevilla.<br>\u2705 3-1 vs.\u2026 <a href=\"https:\/\/t.co\/C5Qtq5HJiQ\">pic.twitter.com\/C5Qtq5HJiQ<\/a><\/p>&mdash; dataref (@dataref_ar) <a href=\"https:\/\/twitter.com\/dataref_ar\/status\/1866930555859927479?ref_src=twsrc%5Etfw\">December 11, 2024<\/a><\/blockquote><script async src=\"https:\/\/platform.twitter.com\/widgets.js\" charset=\"utf-8\"><\/script>\n<\/div><\/figure>\n\n\n\n<p class=\"wp-block-paragraph\">En la Champions, sin embargo, a\u00fan queda trabajo por hacer. Con 12 puntos, el Atl\u00e9tico ocupa el 11\u00ba lugar en la tabla general y permanece en puestos de playoffs. A falta de dos jornadas, <strong>el objetivo ser\u00e1 escalar al menos tres posiciones para asegurarse un lugar entre los primeros ocho y sellar su clasificaci\u00f3n directa a los octavos de final.<\/strong><\/p>\n\n\n\n<p class=\"wp-block-paragraph\">El aporte argentino fue clave en la \u00faltima victoria. <a href=\"https:\/\/dataref.net\/ar\/tag\/giuliano-simeone\/\">Giuliano Simeone<\/a> y <a href=\"https:\/\/dataref.net\/ar\/tag\/rodrigo-de-paul\/\">Rodrigo de Paul<\/a> tuvieron buenas actuaciones, con este \u00faltimo manejando los hilos en el mediocampo. Por su parte, Juli\u00e1n \u00c1lvarez no solo abri\u00f3 el marcador, sino que tambi\u00e9n se consolid\u00f3 como una pieza fundamental en el esquema del &#8220;Cholo&#8221;.<\/p>\n\n\n\n<h2 class=\"wp-block-heading\">La positiva racha de Juli\u00e1n \u00c1lvarez en el Atl\u00e9tico Madrid<\/h2>\n\n\n\n<p class=\"wp-block-paragraph\">Juli\u00e1n \u00c1lvarez volvi\u00f3 a ser protagonista en la victoria del Atl\u00e9tico Madrid en UEFA Champions League al anotar uno de los goles en el 3-1 frente a Slovan Bratislava. Con este tanto, el delantero argentino alcanz\u00f3 los 12 goles desde su llegada al club, consolid\u00e1ndose como el m\u00e1ximo goleador de la temporada para los colchoneros. <\/p>\n\n\n\n<figure class=\"wp-block-image size-full\"><img fetchpriority=\"high\" decoding=\"async\" width=\"512\" height=\"640\" src=\"https:\/\/dataref.net\/ar\/wp-content\/uploads\/2024\/12\/image-15.jpg\" alt=\"\" class=\"wp-image-8599\" srcset=\"https:\/\/dataref.net\/ar\/wp-content\/uploads\/2024\/12\/image-15.jpg 512w, https:\/\/dataref.net\/ar\/wp-content\/uploads\/2024\/12\/image-15-240x300.jpg 240w\" sizes=\"(max-width: 512px) 100vw, 512px\" \/><\/figure>\n<div class=\"ays-arp-under-posts-container ays-arp-classy-layout \" id=\"ays-arp-under-posts-container-8598-6a9c69abcf0db\"  data-id=\"6a9c69abcf0db\" data-ratio=\"0.75\"><h2 class=\"ays-arp-under-posts-container-title\">Noticias relacionadas<\/h2><input type=\"hidden\" name=\"ays-arp-id-6a9c69abcf0db\" value=\"8598\"><div class=\"ays-arp-under-posts\"><div class=\"ays-arp-under-post\"><div class=\"ays-arp-under-post-header\"><div class=\"ays-arp-under-post-img-row\"><a href=\"https:\/\/dataref.net\/ar\/hijo-de-p-la-bronca-de-angel-correa-luego-de-ser-expulsado-ante-getafe\/\" class=\"ays-arp-under-post-link\"  ><img src=\"https:\/\/dataref.net\/ar\/wp-content\/uploads\/2025\/03\/IMG_3080-768x554.jpeg\" alt=\"\" class=\"ays-arp-under-post-img\"><img src=\"https:\/\/dataref.net\/ar\/wp-content\/uploads\/2025\/03\/IMG_3080-768x554.jpeg\" alt=\"\" class=\"ays-arp-under-post-img ays-arp-under-post-img-mobile\"><span class=\"ays-arp-under-post-overlay-box\"><\/span><\/a><div class=\"ays-arp-under-post-title-row\"><div class=\"ays-arp-under-post-title\"><a href=\"https:\/\/dataref.net\/ar\/hijo-de-p-la-bronca-de-angel-correa-luego-de-ser-expulsado-ante-getafe\/\" class=\"ays-arp-under-post-link\"  >\u201cHIJO DE P\u2026\u201d: la BRONCA de \u00c1ngel...<\/a><\/div><\/div><\/div><\/div><div class=\"ays-arp-under-post-content\"><div class=\"ays-arp-under-post-excerpt-row\"><span class=\"ays-arp-under-post-excerpt\">\nAtl\u00e9tico Madrid perdi\u00f3 2-1 ante Getafe como visitante por la...<\/span><\/div><\/div><\/div><div class=\"ays-arp-under-post\"><div class=\"ays-arp-under-post-header\"><div class=\"ays-arp-under-post-img-row\"><a href=\"https:\/\/dataref.net\/ar\/video-el-cabezazo-de-lautaro-martinez-para-el-triunfo-de-inter\/\" class=\"ays-arp-under-post-link\"  ><img src=\"https:\/\/dataref.net\/ar\/wp-content\/uploads\/2025\/02\/IMG_2250-768x512.jpeg\" alt=\"\" class=\"ays-arp-under-post-img\"><img src=\"https:\/\/dataref.net\/ar\/wp-content\/uploads\/2025\/02\/IMG_2250-768x512.jpeg\" alt=\"\" class=\"ays-arp-under-post-img ays-arp-under-post-img-mobile\"><span class=\"ays-arp-under-post-overlay-box\"><\/span><\/a><div class=\"ays-arp-under-post-title-row\"><div class=\"ays-arp-under-post-title\"><a href=\"https:\/\/dataref.net\/ar\/video-el-cabezazo-de-lautaro-martinez-para-el-triunfo-de-inter\/\" class=\"ays-arp-under-post-link\"  >VIDEO: El CABEZAZO de Lautaro Mart\u00ednez para...<\/a><\/div><\/div><\/div><\/div><div class=\"ays-arp-under-post-content\"><div class=\"ays-arp-under-post-excerpt-row\"><span class=\"ays-arp-under-post-excerpt\">\nLautaro Mart\u00ednez fue el h\u00e9roe del Inter al marcar el...<\/span><\/div><\/div><\/div><div class=\"ays-arp-under-post\"><div class=\"ays-arp-under-post-header\"><div class=\"ays-arp-under-post-img-row\"><a href=\"https:\/\/dataref.net\/ar\/video-la-gran-volea-de-lautaro-martinez-para-el-golazo-ante-sparta-praga\/\" class=\"ays-arp-under-post-link\"  ><img src=\"https:\/\/dataref.net\/ar\/wp-content\/uploads\/2025\/01\/IMG_0255-768x510.jpeg\" alt=\"\" class=\"ays-arp-under-post-img\"><img src=\"https:\/\/dataref.net\/ar\/wp-content\/uploads\/2025\/01\/IMG_0255-768x510.jpeg\" alt=\"\" class=\"ays-arp-under-post-img ays-arp-under-post-img-mobile\"><span class=\"ays-arp-under-post-overlay-box\"><\/span><\/a><div class=\"ays-arp-under-post-title-row\"><div class=\"ays-arp-under-post-title\"><a href=\"https:\/\/dataref.net\/ar\/video-la-gran-volea-de-lautaro-martinez-para-el-golazo-ante-sparta-praga\/\" class=\"ays-arp-under-post-link\"  >VIDEO: la gran volea de Lautaro Mart\u00ednez...<\/a><\/div><\/div><\/div><\/div><div class=\"ays-arp-under-post-content\"><div class=\"ays-arp-under-post-excerpt-row\"><span class=\"ays-arp-under-post-excerpt\">\nLautaro Mart\u00ednez volvi\u00f3 a destacarse al marcar un golazo para...<\/span><\/div><\/div><\/div><\/div><style type=\"text\/css\">\n            #ays-arp-under-posts-container-8598-6a9c69abcf0db {\n                width: 100%;\n                word-break: break-word;\n            }\n\n            #ays-arp-under-posts-container-8598-6a9c69abcf0db .ays-arp-under-post {\n                width: calc(33% - 10px);\n                padding: 10px;\n                border: none;\n            }\n\n            #ays-arp-under-posts-container-8598-6a9c69abcf0db .ays-arp-under-post-img-row .ays-arp-under-post-img {\n\t\t\t    object-fit: contain;\n\t\t\t    object-position:center center;\n                border: unset;\n                padding: unset;\n                border-radius: 0px;\n                height: 100%\n            }\n\n            #ays-arp-under-posts-container-8598-6a9c69abcf0db .ays-arp-under-posts-container-title,\n            #ays-arp-under-posts-container-8598-6a9c69abcf0db .ays-arp-under-post-title  .ays-arp-under-post-link,\n            #ays-arp-under-posts-container-8598-6a9c69abcf0db .ays-arp-under-post-excerpt-row {\n                color: #333333;\n            }\n\n            #ays-arp-under-posts-container-8598-6a9c69abcf0db  .ays-arp-under-posts  .ays-arp-under-post {\n                background-color: rgba(255,255,255,0);\n            }\n\n            #ays-arp-under-posts-container-8598-6a9c69abcf0db  .ays-arp-under-posts  .ays-arp-under-post:hover {\n                background-color: rgba(255,255,255,0);\n            }\n\n            #ays-arp-under-posts-container-8598-6a9c69abcf0db .ays-arp-under-post-title,\n            #ays-arp-under-posts-container-8598-6a9c69abcf0db .ays-arp-under-post-link {\n                line-height: 1.5;\n            }\n\n            #ays-arp-under-posts-container-8598-6a9c69abcf0db .ays-arp-under-post-title a{\n                font-size: 12px;\n            }\n\n            #ays-arp-under-posts-container-8598-6a9c69abcf0db .ays-arp-under-post-date-author-row {\n                color: rgba(51,51,51,0.7);\n            }\n\n            #ays-arp-under-posts-container-8598-6a9c69abcf0db .ays-arp-under-posts a:active,\n            #ays-arp-under-posts-container-8598-6a9c69abcf0db .ays-arp-under-posts a:hover,\n            #ays-arp-under-posts-container-8598-6a9c69abcf0db .ays-arp-under-posts a:focus,\n            #ays-arp-under-posts-container-8598-6a9c69abcf0db .ays-arp-under-posts a {\n                text-decoration: unset;\n                cursor: pointer;\n                outline: unset;\n                text-decoration-skip-ink: none;\n                background: unset;\n                opacity: 1;\n            }\n\n            #ays-arp-under-posts-container-8598-6a9c69abcf0db .ays-arp-under-post-img-row .ays-arp-under-post-img.ays-arp-under-post-img-mobile {\n                display: none;                    \n            }\n\n            @media screen and (max-width: 768px){\n\n                #ays-arp-under-posts-container-8598-6a9c69abcf0db .ays-arp-under-post-img-row .ays-arp-under-post-img {\n                    object-fit: contain;\n                    display: none;                    \n                }\n\n                #ays-arp-under-posts-container-8598-6a9c69abcf0db .ays-arp-under-post-img-row .ays-arp-under-post-img.ays-arp-under-post-img-mobile {\n                    display: inline-block;                    \n                }\n\n                #ays-arp-under-posts-container-8598-6a9c69abcf0db .ays-arp-under-post-title a{\n                    font-size: 12px;\n                }\n\n                #ays-arp-under-posts-container-8598-6a9c69abcf0db .ays-arp-under-post {\n                    width: calc(33% - 10px);\n                    border: none;\n                }\n\n                #ays-arp-under-posts-container-8598-6a9c69abcf0db .ays-arp-under-posts-container-title,\n                #ays-arp-under-posts-container-8598-6a9c69abcf0db .ays-arp-under-post-title  .ays-arp-under-post-link,\n                #ays-arp-under-posts-container-8598-6a9c69abcf0db .ays-arp-under-post-excerpt-row {\n                    color: #333;\n                }\n\n                #ays-arp-under-posts-container-8598-6a9c69abcf0db .ays-arp-under-post-date-author-row {\n                    color: rgba(51,51,51,0.7);\n                }\n\n                #ays-arp-under-posts-container-8598-6a9c69abcf0db  .ays-arp-under-posts  .ays-arp-under-post {\n                    background-color: rgba(255,255,255,0);\n                }\n            }\n\n            \n            \/* Layout CSS *\/\n            #ays-arp-under-posts-container-8598-6a9c69abcf0db.ays-arp-classy-layout .ays-arp-under-post-date-author-row {\n                \/*border-bottom: 0.5px solid rgba(51,51,51,0.4);*\/\n                border: unset;\n            }\n\n            #ays-arp-under-posts-container-8598-6a9c69abcf0db.ays-arp-classy-layout .ays-arp-under-post {\n                padding: 0;\n                \/*border: 0.5px solid rgb(236 237 241);*\/\n                border-radius: 0px;\n                overflow:hidden;\n            }\n\n            #ays-arp-under-posts-container-8598-6a9c69abcf0db.ays-arp-classy-layout .ays-arp-under-post-content {\n                padding: 10px;\n            }\n\n            #ays-arp-under-posts-container-8598-6a9c69abcf0db.ays-arp-classy-layout .ays-arp-under-post-img-row,\n            #ays-arp-under-posts-container-8598-6a9c69abcf0db.ays-arp-classy-layout .ays-arp-under-post-img-row img {\n                border-radius: 0px;\n            }\n\n            #ays-arp-under-posts-container-8598-6a9c69abcf0db.ays-arp-classy-layout .ays-arp-under-post-link {\n                color: #fff;\n            }\n            \n            <\/style><\/div>","protected":false},"excerpt":{"rendered":"<p>Atl\u00e9tico Madrid reafirm\u00f3 su gran momento al vencer 3-1 a Slovan Bratislava por la UEFA Champions League. Con un doblete de Antoine Griezmann y un gol de Juli\u00e1n \u00c1lvarez, el equipo de Diego Simeone sell\u00f3 una victoria clave. Este resultado permite a los colchoneros consolidarse en la tabla de posiciones y extender una racha que [&hellip;]<\/p>\n","protected":false},"author":2,"featured_media":8600,"comment_status":"open","ping_status":"open","sticky":false,"template":"","format":"standard","meta":{"_acf_changed":false,"footnotes":""},"categories":[1],"tags":[285,401,216,100],"class_list":["post-8598","post","type-post","status-publish","format-standard","has-post-thumbnail","hentry","category-uncategorized","tag-atletico-madrid","tag-diego-simeone","tag-seleccion-argentina","tag-uefa-champions-league"],"acf":[],"yoast_head":"<!-- This site is optimized with the Yoast SEO Premium plugin v27.6.1 (Yoast SEO v26.9) - https:\/\/yoast.com\/product\/yoast-seo-premium-wordpress\/ -->\n<title>DE RACHA: el Atl\u00e9tico Madrid de Diego Simeone est\u00e1 imparable en Europa - dataref Argentina<\/title>\n<meta name=\"description\" content=\"Atl\u00e9tico Madrid reafirm\u00f3 su gran momento al vencer 3-1 a Slovan Bratislava por la UEFA Champions League. Con un doblete de Antoine Griezmann y un gol de Juli\u00e1n \u00c1lvarez, el equipo de Diego Simeone sell\u00f3 una victoria clave. Este resultado permite a los colchoneros consolidarse en la tabla de posiciones y extender una racha que los mantiene como uno de los equipos m\u00e1s en forma del f\u00fatbol europeo.\" \/>\n<meta name=\"robots\" content=\"index, follow, max-snippet:-1, max-image-preview:large, max-video-preview:-1\" \/>\n<link rel=\"canonical\" href=\"https:\/\/dataref.net\/ar\/de-racha-el-atletico-madrid-de-diego-simeone-esta-imparable-en-europa\/\" \/>\n<meta property=\"og:locale\" content=\"es_ES\" \/>\n<meta property=\"og:type\" content=\"article\" \/>\n<meta property=\"og:title\" content=\"DE RACHA: el Atl\u00e9tico Madrid de Diego Simeone est\u00e1 imparable en Europa - dataref Argentina\" \/>\n<meta property=\"og:description\" content=\"Atl\u00e9tico Madrid reafirm\u00f3 su gran momento al vencer 3-1 a Slovan Bratislava por la UEFA Champions League. Con un doblete de Antoine Griezmann y un gol de Juli\u00e1n \u00c1lvarez, el equipo de Diego Simeone sell\u00f3 una victoria clave. Este resultado permite a los colchoneros consolidarse en la tabla de posiciones y extender una racha que los mantiene como uno de los equipos m\u00e1s en forma del f\u00fatbol europeo.\" \/>\n<meta property=\"og:url\" content=\"https:\/\/dataref.net\/ar\/de-racha-el-atletico-madrid-de-diego-simeone-esta-imparable-en-europa\/\" \/>\n<meta property=\"og:site_name\" content=\"dataref Argentina\" \/>\n<meta property=\"article:published_time\" content=\"2024-12-11T22:05:43+00:00\" \/>\n<meta property=\"article:modified_time\" content=\"2024-12-11T22:05:44+00:00\" \/>\n<meta property=\"og:image\" content=\"https:\/\/dataref.net\/ar\/wp-content\/uploads\/2024\/12\/IMG_7183.jpg\" \/>\n\t<meta property=\"og:image:width\" content=\"800\" \/>\n\t<meta property=\"og:image:height\" content=\"520\" \/>\n\t<meta property=\"og:image:type\" content=\"image\/jpeg\" \/>\n<meta name=\"author\" content=\"Alejo Iwan\" \/>\n<meta name=\"twitter:card\" content=\"summary_large_image\" \/>\n<meta name=\"twitter:creator\" content=\"@alejoiwan\" \/>\n<meta name=\"twitter:site\" content=\"@dataref_ar\" \/>\n<meta name=\"twitter:label1\" content=\"Escrito por\" \/>\n\t<meta name=\"twitter:data1\" content=\"Alejo Iwan\" \/>\n\t<meta name=\"twitter:label2\" content=\"Tiempo de lectura\" \/>\n\t<meta name=\"twitter:data2\" content=\"2 minutos\" \/>\n<script type=\"application\/ld+json\" class=\"yoast-schema-graph\">{\"@context\":\"https:\/\/schema.org\",\"@graph\":[{\"@type\":\"Article\",\"@id\":\"https:\/\/dataref.net\/ar\/de-racha-el-atletico-madrid-de-diego-simeone-esta-imparable-en-europa\/#article\",\"isPartOf\":{\"@id\":\"https:\/\/dataref.net\/ar\/de-racha-el-atletico-madrid-de-diego-simeone-esta-imparable-en-europa\/\"},\"author\":{\"name\":\"Alejo Iwan\",\"@id\":\"https:\/\/dataref.net\/ar\/#\/schema\/person\/0161a0b3da94c7096c38099f9e3457f3\"},\"headline\":\"DE RACHA: el Atl\u00e9tico Madrid de Diego Simeone est\u00e1 imparable en Europa\",\"datePublished\":\"2024-12-11T22:05:43+00:00\",\"dateModified\":\"2024-12-11T22:05:44+00:00\",\"mainEntityOfPage\":{\"@id\":\"https:\/\/dataref.net\/ar\/de-racha-el-atletico-madrid-de-diego-simeone-esta-imparable-en-europa\/\"},\"wordCount\":339,\"commentCount\":0,\"publisher\":{\"@id\":\"https:\/\/dataref.net\/ar\/#\/schema\/person\/cbb7c456fbc21183bdb2dc5bbb7d63b3\"},\"image\":{\"@id\":\"https:\/\/dataref.net\/ar\/de-racha-el-atletico-madrid-de-diego-simeone-esta-imparable-en-europa\/#primaryimage\"},\"thumbnailUrl\":\"https:\/\/dataref.net\/ar\/wp-content\/uploads\/2024\/12\/IMG_7183.jpg\",\"keywords\":[\"Atletico Madrid\",\"Diego Simeone\",\"Selecci\u00f3n Argentina\",\"UEFA Champions League\"],\"articleSection\":[\"Uncategorized\"],\"inLanguage\":\"es-AR\",\"potentialAction\":[{\"@type\":\"CommentAction\",\"name\":\"Comment\",\"target\":[\"https:\/\/dataref.net\/ar\/de-racha-el-atletico-madrid-de-diego-simeone-esta-imparable-en-europa\/#respond\"]}]},{\"@type\":\"WebPage\",\"@id\":\"https:\/\/dataref.net\/ar\/de-racha-el-atletico-madrid-de-diego-simeone-esta-imparable-en-europa\/\",\"url\":\"https:\/\/dataref.net\/ar\/de-racha-el-atletico-madrid-de-diego-simeone-esta-imparable-en-europa\/\",\"name\":\"DE RACHA: el Atl\u00e9tico Madrid de Diego Simeone est\u00e1 imparable en Europa - dataref Argentina\",\"isPartOf\":{\"@id\":\"https:\/\/dataref.net\/ar\/#website\"},\"primaryImageOfPage\":{\"@id\":\"https:\/\/dataref.net\/ar\/de-racha-el-atletico-madrid-de-diego-simeone-esta-imparable-en-europa\/#primaryimage\"},\"image\":{\"@id\":\"https:\/\/dataref.net\/ar\/de-racha-el-atletico-madrid-de-diego-simeone-esta-imparable-en-europa\/#primaryimage\"},\"thumbnailUrl\":\"https:\/\/dataref.net\/ar\/wp-content\/uploads\/2024\/12\/IMG_7183.jpg\",\"datePublished\":\"2024-12-11T22:05:43+00:00\",\"dateModified\":\"2024-12-11T22:05:44+00:00\",\"description\":\"Atl\u00e9tico Madrid reafirm\u00f3 su gran momento al vencer 3-1 a Slovan Bratislava por la UEFA Champions League. Con un doblete de Antoine Griezmann y un gol de Juli\u00e1n \u00c1lvarez, el equipo de Diego Simeone sell\u00f3 una victoria clave. Este resultado permite a los colchoneros consolidarse en la tabla de posiciones y extender una racha que los mantiene como uno de los equipos m\u00e1s en forma del f\u00fatbol europeo.\",\"breadcrumb\":{\"@id\":\"https:\/\/dataref.net\/ar\/de-racha-el-atletico-madrid-de-diego-simeone-esta-imparable-en-europa\/#breadcrumb\"},\"inLanguage\":\"es-AR\",\"potentialAction\":[{\"@type\":\"ReadAction\",\"target\":[\"https:\/\/dataref.net\/ar\/de-racha-el-atletico-madrid-de-diego-simeone-esta-imparable-en-europa\/\"]}]},{\"@type\":\"ImageObject\",\"inLanguage\":\"es-AR\",\"@id\":\"https:\/\/dataref.net\/ar\/de-racha-el-atletico-madrid-de-diego-simeone-esta-imparable-en-europa\/#primaryimage\",\"url\":\"https:\/\/dataref.net\/ar\/wp-content\/uploads\/2024\/12\/IMG_7183.jpg\",\"contentUrl\":\"https:\/\/dataref.net\/ar\/wp-content\/uploads\/2024\/12\/IMG_7183.jpg\",\"width\":800,\"height\":520},{\"@type\":\"BreadcrumbList\",\"@id\":\"https:\/\/dataref.net\/ar\/de-racha-el-atletico-madrid-de-diego-simeone-esta-imparable-en-europa\/#breadcrumb\",\"itemListElement\":[{\"@type\":\"ListItem\",\"position\":1,\"name\":\"Home\",\"item\":\"https:\/\/dataref.net\/ar\/\"},{\"@type\":\"ListItem\",\"position\":2,\"name\":\"DE RACHA: el Atl\u00e9tico Madrid de Diego Simeone est\u00e1 imparable en Europa\"}]},{\"@type\":\"WebSite\",\"@id\":\"https:\/\/dataref.net\/ar\/#website\",\"url\":\"https:\/\/dataref.net\/ar\/\",\"name\":\"dataref\",\"description\":\"\",\"publisher\":{\"@id\":\"https:\/\/dataref.net\/ar\/#\/schema\/person\/cbb7c456fbc21183bdb2dc5bbb7d63b3\"},\"potentialAction\":[{\"@type\":\"SearchAction\",\"target\":{\"@type\":\"EntryPoint\",\"urlTemplate\":\"https:\/\/dataref.net\/ar\/?s={search_term_string}\"},\"query-input\":{\"@type\":\"PropertyValueSpecification\",\"valueRequired\":true,\"valueName\":\"search_term_string\"}}],\"inLanguage\":\"es-AR\"},{\"@type\":[\"Person\",\"Organization\"],\"@id\":\"https:\/\/dataref.net\/ar\/#\/schema\/person\/cbb7c456fbc21183bdb2dc5bbb7d63b3\",\"name\":\"datarefNews\",\"image\":{\"@type\":\"ImageObject\",\"inLanguage\":\"es-AR\",\"@id\":\"https:\/\/dataref.net\/ar\/#\/schema\/person\/image\/\",\"url\":\"https:\/\/dataref.net\/ar\/wp-content\/uploads\/2023\/12\/cropped-cropped-dataref-logo-blanco.4d39855902e69a709381.png\",\"contentUrl\":\"https:\/\/dataref.net\/ar\/wp-content\/uploads\/2023\/12\/cropped-cropped-dataref-logo-blanco.4d39855902e69a709381.png\",\"width\":1500,\"height\":428,\"caption\":\"datarefNews\"},\"logo\":{\"@id\":\"https:\/\/dataref.net\/ar\/#\/schema\/person\/image\/\"},\"description\":\"Creador de noticias de Dataref\",\"sameAs\":[\"https:\/\/dataref.net\/ar\",\"https:\/\/x.com\/dataref_ar\"]},{\"@type\":\"Person\",\"@id\":\"https:\/\/dataref.net\/ar\/#\/schema\/person\/0161a0b3da94c7096c38099f9e3457f3\",\"name\":\"Alejo Iwan\",\"image\":{\"@type\":\"ImageObject\",\"inLanguage\":\"es-AR\",\"@id\":\"https:\/\/dataref.net\/ar\/#\/schema\/person\/image\/\",\"url\":\"https:\/\/secure.gravatar.com\/avatar\/01b95f5f3fe097362da179ca9c91087bdefcc522d0782871a9fcbce2366dc139?s=96&d=mm&r=g\",\"contentUrl\":\"https:\/\/secure.gravatar.com\/avatar\/01b95f5f3fe097362da179ca9c91087bdefcc522d0782871a9fcbce2366dc139?s=96&d=mm&r=g\",\"caption\":\"Alejo Iwan\"},\"sameAs\":[\"https:\/\/x.com\/alejoiwan\"],\"url\":\"https:\/\/dataref.net\/ar\/author\/alejo-iwan\/\"}]}<\/script>\n<!-- \/ Yoast SEO Premium plugin. -->","yoast_head_json":{"title":"DE RACHA: el Atl\u00e9tico Madrid de Diego Simeone est\u00e1 imparable en Europa - dataref Argentina","description":"Atl\u00e9tico Madrid reafirm\u00f3 su gran momento al vencer 3-1 a Slovan Bratislava por la UEFA Champions League. Con un doblete de Antoine Griezmann y un gol de Juli\u00e1n \u00c1lvarez, el equipo de Diego Simeone sell\u00f3 una victoria clave. Este resultado permite a los colchoneros consolidarse en la tabla de posiciones y extender una racha que los mantiene como uno de los equipos m\u00e1s en forma del f\u00fatbol europeo.","robots":{"index":"index","follow":"follow","max-snippet":"max-snippet:-1","max-image-preview":"max-image-preview:large","max-video-preview":"max-video-preview:-1"},"canonical":"https:\/\/dataref.net\/ar\/de-racha-el-atletico-madrid-de-diego-simeone-esta-imparable-en-europa\/","og_locale":"es_ES","og_type":"article","og_title":"DE RACHA: el Atl\u00e9tico Madrid de Diego Simeone est\u00e1 imparable en Europa - dataref Argentina","og_description":"Atl\u00e9tico Madrid reafirm\u00f3 su gran momento al vencer 3-1 a Slovan Bratislava por la UEFA Champions League. Con un doblete de Antoine Griezmann y un gol de Juli\u00e1n \u00c1lvarez, el equipo de Diego Simeone sell\u00f3 una victoria clave. Este resultado permite a los colchoneros consolidarse en la tabla de posiciones y extender una racha que los mantiene como uno de los equipos m\u00e1s en forma del f\u00fatbol europeo.","og_url":"https:\/\/dataref.net\/ar\/de-racha-el-atletico-madrid-de-diego-simeone-esta-imparable-en-europa\/","og_site_name":"dataref Argentina","article_published_time":"2024-12-11T22:05:43+00:00","article_modified_time":"2024-12-11T22:05:44+00:00","og_image":[{"width":800,"height":520,"url":"https:\/\/dataref.net\/ar\/wp-content\/uploads\/2024\/12\/IMG_7183.jpg","type":"image\/jpeg"}],"author":"Alejo Iwan","twitter_card":"summary_large_image","twitter_creator":"@alejoiwan","twitter_site":"@dataref_ar","twitter_misc":{"Escrito por":"Alejo Iwan","Tiempo de lectura":"2 minutos"},"schema":{"@context":"https:\/\/schema.org","@graph":[{"@type":"Article","@id":"https:\/\/dataref.net\/ar\/de-racha-el-atletico-madrid-de-diego-simeone-esta-imparable-en-europa\/#article","isPartOf":{"@id":"https:\/\/dataref.net\/ar\/de-racha-el-atletico-madrid-de-diego-simeone-esta-imparable-en-europa\/"},"author":{"name":"Alejo Iwan","@id":"https:\/\/dataref.net\/ar\/#\/schema\/person\/0161a0b3da94c7096c38099f9e3457f3"},"headline":"DE RACHA: el Atl\u00e9tico Madrid de Diego Simeone est\u00e1 imparable en Europa","datePublished":"2024-12-11T22:05:43+00:00","dateModified":"2024-12-11T22:05:44+00:00","mainEntityOfPage":{"@id":"https:\/\/dataref.net\/ar\/de-racha-el-atletico-madrid-de-diego-simeone-esta-imparable-en-europa\/"},"wordCount":339,"commentCount":0,"publisher":{"@id":"https:\/\/dataref.net\/ar\/#\/schema\/person\/cbb7c456fbc21183bdb2dc5bbb7d63b3"},"image":{"@id":"https:\/\/dataref.net\/ar\/de-racha-el-atletico-madrid-de-diego-simeone-esta-imparable-en-europa\/#primaryimage"},"thumbnailUrl":"https:\/\/dataref.net\/ar\/wp-content\/uploads\/2024\/12\/IMG_7183.jpg","keywords":["Atletico Madrid","Diego Simeone","Selecci\u00f3n Argentina","UEFA Champions League"],"articleSection":["Uncategorized"],"inLanguage":"es-AR","potentialAction":[{"@type":"CommentAction","name":"Comment","target":["https:\/\/dataref.net\/ar\/de-racha-el-atletico-madrid-de-diego-simeone-esta-imparable-en-europa\/#respond"]}]},{"@type":"WebPage","@id":"https:\/\/dataref.net\/ar\/de-racha-el-atletico-madrid-de-diego-simeone-esta-imparable-en-europa\/","url":"https:\/\/dataref.net\/ar\/de-racha-el-atletico-madrid-de-diego-simeone-esta-imparable-en-europa\/","name":"DE RACHA: el Atl\u00e9tico Madrid de Diego Simeone est\u00e1 imparable en Europa - dataref Argentina","isPartOf":{"@id":"https:\/\/dataref.net\/ar\/#website"},"primaryImageOfPage":{"@id":"https:\/\/dataref.net\/ar\/de-racha-el-atletico-madrid-de-diego-simeone-esta-imparable-en-europa\/#primaryimage"},"image":{"@id":"https:\/\/dataref.net\/ar\/de-racha-el-atletico-madrid-de-diego-simeone-esta-imparable-en-europa\/#primaryimage"},"thumbnailUrl":"https:\/\/dataref.net\/ar\/wp-content\/uploads\/2024\/12\/IMG_7183.jpg","datePublished":"2024-12-11T22:05:43+00:00","dateModified":"2024-12-11T22:05:44+00:00","description":"Atl\u00e9tico Madrid reafirm\u00f3 su gran momento al vencer 3-1 a Slovan Bratislava por la UEFA Champions League. Con un doblete de Antoine Griezmann y un gol de Juli\u00e1n \u00c1lvarez, el equipo de Diego Simeone sell\u00f3 una victoria clave. Este resultado permite a los colchoneros consolidarse en la tabla de posiciones y extender una racha que los mantiene como uno de los equipos m\u00e1s en forma del f\u00fatbol europeo.","breadcrumb":{"@id":"https:\/\/dataref.net\/ar\/de-racha-el-atletico-madrid-de-diego-simeone-esta-imparable-en-europa\/#breadcrumb"},"inLanguage":"es-AR","potentialAction":[{"@type":"ReadAction","target":["https:\/\/dataref.net\/ar\/de-racha-el-atletico-madrid-de-diego-simeone-esta-imparable-en-europa\/"]}]},{"@type":"ImageObject","inLanguage":"es-AR","@id":"https:\/\/dataref.net\/ar\/de-racha-el-atletico-madrid-de-diego-simeone-esta-imparable-en-europa\/#primaryimage","url":"https:\/\/dataref.net\/ar\/wp-content\/uploads\/2024\/12\/IMG_7183.jpg","contentUrl":"https:\/\/dataref.net\/ar\/wp-content\/uploads\/2024\/12\/IMG_7183.jpg","width":800,"height":520},{"@type":"BreadcrumbList","@id":"https:\/\/dataref.net\/ar\/de-racha-el-atletico-madrid-de-diego-simeone-esta-imparable-en-europa\/#breadcrumb","itemListElement":[{"@type":"ListItem","position":1,"name":"Home","item":"https:\/\/dataref.net\/ar\/"},{"@type":"ListItem","position":2,"name":"DE RACHA: el Atl\u00e9tico Madrid de Diego Simeone est\u00e1 imparable en Europa"}]},{"@type":"WebSite","@id":"https:\/\/dataref.net\/ar\/#website","url":"https:\/\/dataref.net\/ar\/","name":"dataref","description":"","publisher":{"@id":"https:\/\/dataref.net\/ar\/#\/schema\/person\/cbb7c456fbc21183bdb2dc5bbb7d63b3"},"potentialAction":[{"@type":"SearchAction","target":{"@type":"EntryPoint","urlTemplate":"https:\/\/dataref.net\/ar\/?s={search_term_string}"},"query-input":{"@type":"PropertyValueSpecification","valueRequired":true,"valueName":"search_term_string"}}],"inLanguage":"es-AR"},{"@type":["Person","Organization"],"@id":"https:\/\/dataref.net\/ar\/#\/schema\/person\/cbb7c456fbc21183bdb2dc5bbb7d63b3","name":"datarefNews","image":{"@type":"ImageObject","inLanguage":"es-AR","@id":"https:\/\/dataref.net\/ar\/#\/schema\/person\/image\/","url":"https:\/\/dataref.net\/ar\/wp-content\/uploads\/2023\/12\/cropped-cropped-dataref-logo-blanco.4d39855902e69a709381.png","contentUrl":"https:\/\/dataref.net\/ar\/wp-content\/uploads\/2023\/12\/cropped-cropped-dataref-logo-blanco.4d39855902e69a709381.png","width":1500,"height":428,"caption":"datarefNews"},"logo":{"@id":"https:\/\/dataref.net\/ar\/#\/schema\/person\/image\/"},"description":"Creador de noticias de Dataref","sameAs":["https:\/\/dataref.net\/ar","https:\/\/x.com\/dataref_ar"]},{"@type":"Person","@id":"https:\/\/dataref.net\/ar\/#\/schema\/person\/0161a0b3da94c7096c38099f9e3457f3","name":"Alejo Iwan","image":{"@type":"ImageObject","inLanguage":"es-AR","@id":"https:\/\/dataref.net\/ar\/#\/schema\/person\/image\/","url":"https:\/\/secure.gravatar.com\/avatar\/01b95f5f3fe097362da179ca9c91087bdefcc522d0782871a9fcbce2366dc139?s=96&d=mm&r=g","contentUrl":"https:\/\/secure.gravatar.com\/avatar\/01b95f5f3fe097362da179ca9c91087bdefcc522d0782871a9fcbce2366dc139?s=96&d=mm&r=g","caption":"Alejo Iwan"},"sameAs":["https:\/\/x.com\/alejoiwan"],"url":"https:\/\/dataref.net\/ar\/author\/alejo-iwan\/"}]}},"_links":{"self":[{"href":"https:\/\/dataref.net\/ar\/wp-json\/wp\/v2\/posts\/8598","targetHints":{"allow":["GET"]}}],"collection":[{"href":"https:\/\/dataref.net\/ar\/wp-json\/wp\/v2\/posts"}],"about":[{"href":"https:\/\/dataref.net\/ar\/wp-json\/wp\/v2\/types\/post"}],"author":[{"embeddable":true,"href":"https:\/\/dataref.net\/ar\/wp-json\/wp\/v2\/users\/2"}],"replies":[{"embeddable":true,"href":"https:\/\/dataref.net\/ar\/wp-json\/wp\/v2\/comments?post=8598"}],"version-history":[{"count":1,"href":"https:\/\/dataref.net\/ar\/wp-json\/wp\/v2\/posts\/8598\/revisions"}],"predecessor-version":[{"id":8604,"href":"https:\/\/dataref.net\/ar\/wp-json\/wp\/v2\/posts\/8598\/revisions\/8604"}],"wp:featuredmedia":[{"embeddable":true,"href":"https:\/\/dataref.net\/ar\/wp-json\/wp\/v2\/media\/8600"}],"wp:attachment":[{"href":"https:\/\/dataref.net\/ar\/wp-json\/wp\/v2\/media?parent=8598"}],"wp:term":[{"taxonomy":"category","embeddable":true,"href":"https:\/\/dataref.net\/ar\/wp-json\/wp\/v2\/categories?post=8598"},{"taxonomy":"post_tag","embeddable":true,"href":"https:\/\/dataref.net\/ar\/wp-json\/wp\/v2\/tags?post=8598"}],"curies":[{"name":"wp","href":"https:\/\/api.w.org\/{rel}","templated":true}]}}