{"id":6537,"date":"2024-10-27T18:48:29","date_gmt":"2024-10-27T21:48:29","guid":{"rendered":"https:\/\/dataref.net\/ar\/?p=6537"},"modified":"2024-10-27T18:48:30","modified_gmt":"2024-10-27T21:48:30","slug":"no-lo-entiendo-el-kun-aguero-critico-al-cholo-simeone","status":"publish","type":"post","link":"https:\/\/dataref.net\/ar\/no-lo-entiendo-el-kun-aguero-critico-al-cholo-simeone\/","title":{"rendered":"&#8220;No lo entiendo&#8221;: el Kun Ag\u00fcero CRITIC\u00d3 al Cholo Simeone."},"content":{"rendered":"\n<p class=\"wp-block-paragraph\">El <strong><a href=\"https:\/\/dataref.net\/ar\/tag\/atletico-madrid\/\">Atl\u00e9tico Madrid<\/a> de Diego <a href=\"https:\/\/dataref.net\/ar\/tag\/diego-simeone\/\">Simeone<\/a> sufri\u00f3 una derrota complicada por 1-0 como visitante ante el <a href=\"https:\/\/dataref.net\/ar\/tag\/real-betis\/\">Real Betis<\/a> en el estadio Benito Villamar\u00edn, en el marco de la jornada 11 de<a href=\"https:\/\/dataref.net\/ar\/tag\/laliga\/\"> LaLiga<\/a><\/strong>. El equipo colchonero, que buscaba mantenerse en la pelea por los primeros puestos de la tabla, no logr\u00f3 imponer su juego y termin\u00f3 cayendo por la m\u00ednima.<\/p>\n\n\n\n<p class=\"wp-block-paragraph\">Actualmente, el Atl\u00e9tico atraviesa una racha alarmante, <strong>habiendo ganado solo uno de sus \u00faltimos seis encuentros en todas las competiciones.<\/strong> Este baj\u00f3n en el rendimiento ha empezado a generar un clima de tensi\u00f3n y cr\u00edticas entre los aficionados, quienes no encuentran respuestas claras en el rendimiento del equipo.<\/p>\n\n\n\n<p class=\"wp-block-paragraph\">Uno de los jugadores en el centro de las cr\u00edticas es el argentino <strong><a href=\"https:\/\/dataref.net\/ar\/tag\/rodrigo-de-paul\/\">Rodrigo De Paul.<\/a><\/strong> <strong>A pesar de ser una pieza fundamental en la Selecci\u00f3n Argentina, donde su nivel y su entrega han sido clave en los \u00e9xitos recientes, en el Atl\u00e9tico no ha logrado replicar el mismo impacto<\/strong>.<\/p>\n\n\n\n<p class=\"wp-block-paragraph\">El exdelantero <strong><a href=\"https:\/\/dataref.net\/ar\/tag\/kun-aguero\/\">Sergio &#8220;Kun&#8221; Ag\u00fcero<\/a><\/strong> expres\u00f3 su opini\u00f3n sobre la situaci\u00f3n, apuntando directamente a Simeone por el rendimiento del mediocampista: <strong><em>\u201cHay cosas que no entiendo. Hace poco escuch\u00e9 al \u2018Cholo\u2019 Simeone decir que De Paul no rend\u00eda como en la Selecci\u00f3n Argentina. No s\u00e9 a qu\u00e9 se quiso referir, pero me result\u00f3 extra\u00f1o que dijera eso cuando es el t\u00e9cnico quien debe hacerlo jugar mejor&#8221;<\/em><\/strong>, expres\u00f3 el argentino en Mundo Deportivo.<\/p>\n\n\n\n<figure class=\"wp-block-image size-full\"><img fetchpriority=\"high\" decoding=\"async\" width=\"800\" height=\"450\" src=\"https:\/\/dataref.net\/ar\/wp-content\/uploads\/2024\/10\/imago1052879830-edited.jpg\" alt=\"\" class=\"wp-image-6541\" srcset=\"https:\/\/dataref.net\/ar\/wp-content\/uploads\/2024\/10\/imago1052879830-edited.jpg 800w, https:\/\/dataref.net\/ar\/wp-content\/uploads\/2024\/10\/imago1052879830-edited-300x169.jpg 300w, https:\/\/dataref.net\/ar\/wp-content\/uploads\/2024\/10\/imago1052879830-edited-768x432.jpg 768w\" sizes=\"(max-width: 800px) 100vw, 800px\" \/><\/figure>\n\n\n\n<p class=\"wp-block-paragraph\">Adem\u00e1s, el ex Mancetser City critic\u00f3 las decisiones del entrenador respecto a la gesti\u00f3n de minutos de De Paul, poniendo como ejemplo su actuaci\u00f3n reciente ante el Real Madrid:<strong> <em>\u201cDe Paul estaba jugando bien contra el Real Madrid y lo sac\u00f3. No se entiende: si juega mal lo deja en la cancha y si juega bien lo saca\u201d<\/em><\/strong>. <\/p>\n\n\n\n<figure class=\"wp-block-embed is-type-video is-provider-youtube wp-block-embed-youtube wp-embed-aspect-16-9 wp-has-aspect-ratio\"><div class=\"wp-block-embed__wrapper\">\n<iframe title=\"EL ALETI DEL CHOLO CAY\u00d3 ANTE LOS B\u00c9TICOS Y NO LEVANTA CABEZA | Betis 1-0 Atl. Madrid | RESUMEN\" width=\"800\" height=\"450\" src=\"https:\/\/www.youtube.com\/embed\/PeK5MzKXgJE?feature=oembed\" frameborder=\"0\" allow=\"accelerometer; autoplay; clipboard-write; encrypted-media; gyroscope; picture-in-picture; web-share\" referrerpolicy=\"strict-origin-when-cross-origin\" allowfullscreen><\/iframe>\n<\/div><\/figure>\n\n\n\n<p class=\"wp-block-paragraph\">As\u00ed, el Atl\u00e9tico Madrid se encuentra en una encrucijada. Con un plantel de gran potencial, pero con una racha negativa que amenaza sus aspiraciones, el club madrile\u00f1o deber\u00e1 resolver estos problemas de rendimiento si pretende competir al nivel esperado. <\/p>\n\n\n\n<h2 class=\"wp-block-heading\">\u00bfCu\u00e1ndo juega el Atl\u00e9tico de Madrid?<\/h2>\n\n\n\n<p class=\"wp-block-paragraph\"><strong>El Atl\u00e9tico Madrid del Cholo simeone y compa\u00f1\u00eda jugar\u00e1 el pr\u00f3ximo jueves 31 de octubre a las 16:00 cuando enfrente a la Uni\u00f3 Esportiva de Vic por la Copa del Rey.<\/strong><\/p>\n\n\n\n<p class=\"wp-block-paragraph\"><\/p>\n<div class=\"ays-arp-under-posts-container ays-arp-classy-layout \" id=\"ays-arp-under-posts-container-6537-6a9c5ee19d846\"  data-id=\"6a9c5ee19d846\" data-ratio=\"0.75\"><h2 class=\"ays-arp-under-posts-container-title\">Noticias relacionadas<\/h2><input type=\"hidden\" name=\"ays-arp-id-6a9c5ee19d846\" value=\"6537\"><div class=\"ays-arp-under-posts\"><div class=\"ays-arp-under-post\"><div class=\"ays-arp-under-post-header\"><div class=\"ays-arp-under-post-img-row\"><a href=\"https:\/\/dataref.net\/ar\/el-entrenador-del-ascenso-argentino-que-supera-al-cholo-simeone\/\" class=\"ays-arp-under-post-link\"  ><img src=\"https:\/\/dataref.net\/ar\/wp-content\/uploads\/2026\/08\/WhatsApp-Image-2026-08-20-at-18.13.47-768x432.jpeg\" alt=\"\" class=\"ays-arp-under-post-img\"><img src=\"https:\/\/dataref.net\/ar\/wp-content\/uploads\/2026\/08\/WhatsApp-Image-2026-08-20-at-18.13.47-768x432.jpeg\" alt=\"\" class=\"ays-arp-under-post-img ays-arp-under-post-img-mobile\"><span class=\"ays-arp-under-post-overlay-box\"><\/span><\/a><div class=\"ays-arp-under-post-title-row\"><div class=\"ays-arp-under-post-title\"><a href=\"https:\/\/dataref.net\/ar\/el-entrenador-del-ascenso-argentino-que-supera-al-cholo-simeone\/\" class=\"ays-arp-under-post-link\"  >El entrenador del ASCENSO argentino que SUPERA...<\/a><\/div><\/div><\/div><\/div><div class=\"ays-arp-under-post-content\"><div class=\"ays-arp-under-post-excerpt-row\"><span class=\"ays-arp-under-post-excerpt\">\nDiego Simeone comenz\u00f3 su 15\u00aa temporada consecutiva como entrenador del...<\/span><\/div><\/div><\/div><div class=\"ays-arp-under-post\"><div class=\"ays-arp-under-post-header\"><div class=\"ays-arp-under-post-img-row\"><a href=\"https:\/\/dataref.net\/ar\/laliga-10-jugadores-que-jugaron-para-barcelona-y-atletico-de-madrid\/\" class=\"ays-arp-under-post-link\"  ><img src=\"https:\/\/dataref.net\/ar\/wp-content\/uploads\/2025\/12\/photo-output-8-768x434.jpeg\" alt=\"\" class=\"ays-arp-under-post-img\"><img src=\"https:\/\/dataref.net\/ar\/wp-content\/uploads\/2025\/12\/photo-output-8-768x434.jpeg\" alt=\"\" class=\"ays-arp-under-post-img ays-arp-under-post-img-mobile\"><span class=\"ays-arp-under-post-overlay-box\"><\/span><\/a><div class=\"ays-arp-under-post-title-row\"><div class=\"ays-arp-under-post-title\"><a href=\"https:\/\/dataref.net\/ar\/laliga-10-jugadores-que-jugaron-para-barcelona-y-atletico-de-madrid\/\" class=\"ays-arp-under-post-link\"  >LALIGA: 10 jugadores que jugaron para BARCELONA...<\/a><\/div><\/div><\/div><\/div><div class=\"ays-arp-under-post-content\"><div class=\"ays-arp-under-post-excerpt-row\"><span class=\"ays-arp-under-post-excerpt\">\nBarcelona y Atl\u00e9tico de Madrid volver\u00e1n a cruzarse esta tarde...<\/span><\/div><\/div><\/div><div class=\"ays-arp-under-post\"><div class=\"ays-arp-under-post-header\"><div class=\"ays-arp-under-post-img-row\"><a href=\"https:\/\/dataref.net\/ar\/ahora-si-todo-legal-kylian-mbappe-pone-1-0-para-real-madrid-ante-barcelona\/\" class=\"ays-arp-under-post-link\"  ><img src=\"https:\/\/dataref.net\/ar\/wp-content\/uploads\/2025\/10\/gettyimages-2243420978-2048x2048-1-768x461.jpg\" alt=\"\" class=\"ays-arp-under-post-img\"><img src=\"https:\/\/dataref.net\/ar\/wp-content\/uploads\/2025\/10\/gettyimages-2243420978-2048x2048-1-768x461.jpg\" alt=\"\" class=\"ays-arp-under-post-img ays-arp-under-post-img-mobile\"><span class=\"ays-arp-under-post-overlay-box\"><\/span><\/a><div class=\"ays-arp-under-post-title-row\"><div class=\"ays-arp-under-post-title\"><a href=\"https:\/\/dataref.net\/ar\/ahora-si-todo-legal-kylian-mbappe-pone-1-0-para-real-madrid-ante-barcelona\/\" class=\"ays-arp-under-post-link\"  >\u00a1AHORA S\u00ed TODO LEGAL! Kylian Mbapp\u00e9 pone...<\/a><\/div><\/div><\/div><\/div><div class=\"ays-arp-under-post-content\"><div class=\"ays-arp-under-post-excerpt-row\"><span class=\"ays-arp-under-post-excerpt\">\nEl Real Madrid volvi\u00f3 a golpear primero en el Cl\u00e1sico...<\/span><\/div><\/div><\/div><\/div><style type=\"text\/css\">\n            #ays-arp-under-posts-container-6537-6a9c5ee19d846 {\n                width: 100%;\n                word-break: break-word;\n            }\n\n            #ays-arp-under-posts-container-6537-6a9c5ee19d846 .ays-arp-under-post {\n                width: calc(33% - 10px);\n                padding: 10px;\n                border: none;\n            }\n\n            #ays-arp-under-posts-container-6537-6a9c5ee19d846 .ays-arp-under-post-img-row .ays-arp-under-post-img {\n\t\t\t    object-fit: contain;\n\t\t\t    object-position:center center;\n                border: unset;\n                padding: unset;\n                border-radius: 0px;\n                height: 100%\n            }\n\n            #ays-arp-under-posts-container-6537-6a9c5ee19d846 .ays-arp-under-posts-container-title,\n            #ays-arp-under-posts-container-6537-6a9c5ee19d846 .ays-arp-under-post-title  .ays-arp-under-post-link,\n            #ays-arp-under-posts-container-6537-6a9c5ee19d846 .ays-arp-under-post-excerpt-row {\n                color: #333333;\n            }\n\n            #ays-arp-under-posts-container-6537-6a9c5ee19d846  .ays-arp-under-posts  .ays-arp-under-post {\n                background-color: rgba(255,255,255,0);\n            }\n\n            #ays-arp-under-posts-container-6537-6a9c5ee19d846  .ays-arp-under-posts  .ays-arp-under-post:hover {\n                background-color: rgba(255,255,255,0);\n            }\n\n            #ays-arp-under-posts-container-6537-6a9c5ee19d846 .ays-arp-under-post-title,\n            #ays-arp-under-posts-container-6537-6a9c5ee19d846 .ays-arp-under-post-link {\n                line-height: 1.5;\n            }\n\n            #ays-arp-under-posts-container-6537-6a9c5ee19d846 .ays-arp-under-post-title a{\n                font-size: 12px;\n            }\n\n            #ays-arp-under-posts-container-6537-6a9c5ee19d846 .ays-arp-under-post-date-author-row {\n                color: rgba(51,51,51,0.7);\n            }\n\n            #ays-arp-under-posts-container-6537-6a9c5ee19d846 .ays-arp-under-posts a:active,\n            #ays-arp-under-posts-container-6537-6a9c5ee19d846 .ays-arp-under-posts a:hover,\n            #ays-arp-under-posts-container-6537-6a9c5ee19d846 .ays-arp-under-posts a:focus,\n            #ays-arp-under-posts-container-6537-6a9c5ee19d846 .ays-arp-under-posts a {\n                text-decoration: unset;\n                cursor: pointer;\n                outline: unset;\n                text-decoration-skip-ink: none;\n                background: unset;\n                opacity: 1;\n            }\n\n            #ays-arp-under-posts-container-6537-6a9c5ee19d846 .ays-arp-under-post-img-row .ays-arp-under-post-img.ays-arp-under-post-img-mobile {\n                display: none;                    \n            }\n\n            @media screen and (max-width: 768px){\n\n                #ays-arp-under-posts-container-6537-6a9c5ee19d846 .ays-arp-under-post-img-row .ays-arp-under-post-img {\n                    object-fit: contain;\n                    display: none;                    \n                }\n\n                #ays-arp-under-posts-container-6537-6a9c5ee19d846 .ays-arp-under-post-img-row .ays-arp-under-post-img.ays-arp-under-post-img-mobile {\n                    display: inline-block;                    \n                }\n\n                #ays-arp-under-posts-container-6537-6a9c5ee19d846 .ays-arp-under-post-title a{\n                    font-size: 12px;\n                }\n\n                #ays-arp-under-posts-container-6537-6a9c5ee19d846 .ays-arp-under-post {\n                    width: calc(33% - 10px);\n                    border: none;\n                }\n\n                #ays-arp-under-posts-container-6537-6a9c5ee19d846 .ays-arp-under-posts-container-title,\n                #ays-arp-under-posts-container-6537-6a9c5ee19d846 .ays-arp-under-post-title  .ays-arp-under-post-link,\n                #ays-arp-under-posts-container-6537-6a9c5ee19d846 .ays-arp-under-post-excerpt-row {\n                    color: #333;\n                }\n\n                #ays-arp-under-posts-container-6537-6a9c5ee19d846 .ays-arp-under-post-date-author-row {\n                    color: rgba(51,51,51,0.7);\n                }\n\n                #ays-arp-under-posts-container-6537-6a9c5ee19d846  .ays-arp-under-posts  .ays-arp-under-post {\n                    background-color: rgba(255,255,255,0);\n                }\n            }\n\n            \n            \/* Layout CSS *\/\n            #ays-arp-under-posts-container-6537-6a9c5ee19d846.ays-arp-classy-layout .ays-arp-under-post-date-author-row {\n                \/*border-bottom: 0.5px solid rgba(51,51,51,0.4);*\/\n                border: unset;\n            }\n\n            #ays-arp-under-posts-container-6537-6a9c5ee19d846.ays-arp-classy-layout .ays-arp-under-post {\n                padding: 0;\n                \/*border: 0.5px solid rgb(236 237 241);*\/\n                border-radius: 0px;\n                overflow:hidden;\n            }\n\n            #ays-arp-under-posts-container-6537-6a9c5ee19d846.ays-arp-classy-layout .ays-arp-under-post-content {\n                padding: 10px;\n            }\n\n            #ays-arp-under-posts-container-6537-6a9c5ee19d846.ays-arp-classy-layout .ays-arp-under-post-img-row,\n            #ays-arp-under-posts-container-6537-6a9c5ee19d846.ays-arp-classy-layout .ays-arp-under-post-img-row img {\n                border-radius: 0px;\n            }\n\n            #ays-arp-under-posts-container-6537-6a9c5ee19d846.ays-arp-classy-layout .ays-arp-under-post-link {\n                color: #fff;\n            }\n            \n            <\/style><\/div>","protected":false},"excerpt":{"rendered":"<p>El Atl\u00e9tico Madrid de Diego Simeone sufri\u00f3 una derrota complicada como visitante ante el Real Betis en el estadio Benito Villamar\u00edn, en el marco de la jornada 9 de LaLiga. El equipo colchonero, que buscaba mantenerse en la pelea por los primeros puestos de la tabla, no logr\u00f3 imponer su juego y termin\u00f3 cayendo por la m\u00ednima.<\/p>\n","protected":false},"author":5,"featured_media":6538,"comment_status":"open","ping_status":"open","sticky":false,"template":"","format":"standard","meta":{"_acf_changed":false,"footnotes":""},"categories":[54],"tags":[285,401,796,136,797,618],"class_list":["post-6537","post","type-post","status-publish","format-standard","has-post-thumbnail","hentry","category-europa","tag-atletico-madrid","tag-diego-simeone","tag-kun-aguero","tag-laliga","tag-real-betis","tag-rodrigo-de-paul"],"acf":[],"yoast_head":"<!-- This site is optimized with the Yoast SEO Premium plugin v27.6.1 (Yoast SEO v26.9) - https:\/\/yoast.com\/product\/yoast-seo-premium-wordpress\/ -->\n<title>&quot;No lo entiendo&quot;: el Kun Ag\u00fcero CRITIC\u00d3 al Cholo Simeone. - dataref Argentina<\/title>\n<meta name=\"robots\" content=\"index, follow, max-snippet:-1, max-image-preview:large, max-video-preview:-1\" \/>\n<link rel=\"canonical\" href=\"https:\/\/dataref.net\/ar\/no-lo-entiendo-el-kun-aguero-critico-al-cholo-simeone\/\" \/>\n<meta property=\"og:locale\" content=\"es_ES\" \/>\n<meta property=\"og:type\" content=\"article\" \/>\n<meta property=\"og:title\" content=\"&quot;No lo entiendo&quot;: el Kun Ag\u00fcero CRITIC\u00d3 al Cholo Simeone. - dataref Argentina\" \/>\n<meta property=\"og:description\" content=\"El Atl\u00e9tico Madrid de Diego Simeone sufri\u00f3 una derrota complicada como visitante ante el Real Betis en el estadio Benito Villamar\u00edn, en el marco de la jornada 9 de LaLiga. El equipo colchonero, que buscaba mantenerse en la pelea por los primeros puestos de la tabla, no logr\u00f3 imponer su juego y termin\u00f3 cayendo por la m\u00ednima.\" \/>\n<meta property=\"og:url\" content=\"https:\/\/dataref.net\/ar\/no-lo-entiendo-el-kun-aguero-critico-al-cholo-simeone\/\" \/>\n<meta property=\"og:site_name\" content=\"dataref Argentina\" \/>\n<meta property=\"article:published_time\" content=\"2024-10-27T21:48:29+00:00\" \/>\n<meta property=\"article:modified_time\" content=\"2024-10-27T21:48:30+00:00\" \/>\n<meta property=\"og:image\" content=\"https:\/\/dataref.net\/ar\/wp-content\/uploads\/2024\/10\/Ga1FYl9bsAAwxur.jpg\" \/>\n\t<meta property=\"og:image:width\" content=\"800\" \/>\n\t<meta property=\"og:image:height\" content=\"480\" \/>\n\t<meta property=\"og:image:type\" content=\"image\/jpeg\" \/>\n<meta name=\"author\" content=\"Pablo Torrado\" \/>\n<meta name=\"twitter:card\" content=\"summary_large_image\" \/>\n<meta name=\"twitter:creator\" content=\"@pablotorrado1\" \/>\n<meta name=\"twitter:site\" content=\"@dataref_ar\" \/>\n<meta name=\"twitter:label1\" content=\"Escrito por\" \/>\n\t<meta name=\"twitter:data1\" content=\"Pablo Torrado\" \/>\n\t<meta name=\"twitter:label2\" content=\"Tiempo de lectura\" \/>\n\t<meta name=\"twitter:data2\" content=\"3 minutos\" \/>\n<script type=\"application\/ld+json\" class=\"yoast-schema-graph\">{\"@context\":\"https:\/\/schema.org\",\"@graph\":[{\"@type\":\"Article\",\"@id\":\"https:\/\/dataref.net\/ar\/no-lo-entiendo-el-kun-aguero-critico-al-cholo-simeone\/#article\",\"isPartOf\":{\"@id\":\"https:\/\/dataref.net\/ar\/no-lo-entiendo-el-kun-aguero-critico-al-cholo-simeone\/\"},\"author\":{\"name\":\"Pablo Torrado\",\"@id\":\"https:\/\/dataref.net\/ar\/#\/schema\/person\/7d31a734ed991d8bf9a0241e4ee582b0\"},\"headline\":\"&#8220;No lo entiendo&#8221;: el Kun Ag\u00fcero CRITIC\u00d3 al Cholo Simeone.\",\"datePublished\":\"2024-10-27T21:48:29+00:00\",\"dateModified\":\"2024-10-27T21:48:30+00:00\",\"mainEntityOfPage\":{\"@id\":\"https:\/\/dataref.net\/ar\/no-lo-entiendo-el-kun-aguero-critico-al-cholo-simeone\/\"},\"wordCount\":411,\"commentCount\":0,\"publisher\":{\"@id\":\"https:\/\/dataref.net\/ar\/#\/schema\/person\/cbb7c456fbc21183bdb2dc5bbb7d63b3\"},\"image\":{\"@id\":\"https:\/\/dataref.net\/ar\/no-lo-entiendo-el-kun-aguero-critico-al-cholo-simeone\/#primaryimage\"},\"thumbnailUrl\":\"https:\/\/dataref.net\/ar\/wp-content\/uploads\/2024\/10\/Ga1FYl9bsAAwxur.jpg\",\"keywords\":[\"Atletico Madrid\",\"Diego Simeone\",\"Kun Aguero\",\"LaLiga\",\"Real Betis\",\"Rodrigo De Paul\"],\"articleSection\":[\"Europa\"],\"inLanguage\":\"es-AR\",\"potentialAction\":[{\"@type\":\"CommentAction\",\"name\":\"Comment\",\"target\":[\"https:\/\/dataref.net\/ar\/no-lo-entiendo-el-kun-aguero-critico-al-cholo-simeone\/#respond\"]}]},{\"@type\":\"WebPage\",\"@id\":\"https:\/\/dataref.net\/ar\/no-lo-entiendo-el-kun-aguero-critico-al-cholo-simeone\/\",\"url\":\"https:\/\/dataref.net\/ar\/no-lo-entiendo-el-kun-aguero-critico-al-cholo-simeone\/\",\"name\":\"\\\"No lo entiendo\\\": el Kun Ag\u00fcero CRITIC\u00d3 al Cholo Simeone. - dataref Argentina\",\"isPartOf\":{\"@id\":\"https:\/\/dataref.net\/ar\/#website\"},\"primaryImageOfPage\":{\"@id\":\"https:\/\/dataref.net\/ar\/no-lo-entiendo-el-kun-aguero-critico-al-cholo-simeone\/#primaryimage\"},\"image\":{\"@id\":\"https:\/\/dataref.net\/ar\/no-lo-entiendo-el-kun-aguero-critico-al-cholo-simeone\/#primaryimage\"},\"thumbnailUrl\":\"https:\/\/dataref.net\/ar\/wp-content\/uploads\/2024\/10\/Ga1FYl9bsAAwxur.jpg\",\"datePublished\":\"2024-10-27T21:48:29+00:00\",\"dateModified\":\"2024-10-27T21:48:30+00:00\",\"breadcrumb\":{\"@id\":\"https:\/\/dataref.net\/ar\/no-lo-entiendo-el-kun-aguero-critico-al-cholo-simeone\/#breadcrumb\"},\"inLanguage\":\"es-AR\",\"potentialAction\":[{\"@type\":\"ReadAction\",\"target\":[\"https:\/\/dataref.net\/ar\/no-lo-entiendo-el-kun-aguero-critico-al-cholo-simeone\/\"]}]},{\"@type\":\"ImageObject\",\"inLanguage\":\"es-AR\",\"@id\":\"https:\/\/dataref.net\/ar\/no-lo-entiendo-el-kun-aguero-critico-al-cholo-simeone\/#primaryimage\",\"url\":\"https:\/\/dataref.net\/ar\/wp-content\/uploads\/2024\/10\/Ga1FYl9bsAAwxur.jpg\",\"contentUrl\":\"https:\/\/dataref.net\/ar\/wp-content\/uploads\/2024\/10\/Ga1FYl9bsAAwxur.jpg\",\"width\":800,\"height\":480},{\"@type\":\"BreadcrumbList\",\"@id\":\"https:\/\/dataref.net\/ar\/no-lo-entiendo-el-kun-aguero-critico-al-cholo-simeone\/#breadcrumb\",\"itemListElement\":[{\"@type\":\"ListItem\",\"position\":1,\"name\":\"Home\",\"item\":\"https:\/\/dataref.net\/ar\/\"},{\"@type\":\"ListItem\",\"position\":2,\"name\":\"&#8220;No lo entiendo&#8221;: el Kun Ag\u00fcero CRITIC\u00d3 al Cholo Simeone.\"}]},{\"@type\":\"WebSite\",\"@id\":\"https:\/\/dataref.net\/ar\/#website\",\"url\":\"https:\/\/dataref.net\/ar\/\",\"name\":\"dataref\",\"description\":\"\",\"publisher\":{\"@id\":\"https:\/\/dataref.net\/ar\/#\/schema\/person\/cbb7c456fbc21183bdb2dc5bbb7d63b3\"},\"potentialAction\":[{\"@type\":\"SearchAction\",\"target\":{\"@type\":\"EntryPoint\",\"urlTemplate\":\"https:\/\/dataref.net\/ar\/?s={search_term_string}\"},\"query-input\":{\"@type\":\"PropertyValueSpecification\",\"valueRequired\":true,\"valueName\":\"search_term_string\"}}],\"inLanguage\":\"es-AR\"},{\"@type\":[\"Person\",\"Organization\"],\"@id\":\"https:\/\/dataref.net\/ar\/#\/schema\/person\/cbb7c456fbc21183bdb2dc5bbb7d63b3\",\"name\":\"datarefNews\",\"image\":{\"@type\":\"ImageObject\",\"inLanguage\":\"es-AR\",\"@id\":\"https:\/\/dataref.net\/ar\/#\/schema\/person\/image\/\",\"url\":\"https:\/\/dataref.net\/ar\/wp-content\/uploads\/2023\/12\/cropped-cropped-dataref-logo-blanco.4d39855902e69a709381.png\",\"contentUrl\":\"https:\/\/dataref.net\/ar\/wp-content\/uploads\/2023\/12\/cropped-cropped-dataref-logo-blanco.4d39855902e69a709381.png\",\"width\":1500,\"height\":428,\"caption\":\"datarefNews\"},\"logo\":{\"@id\":\"https:\/\/dataref.net\/ar\/#\/schema\/person\/image\/\"},\"description\":\"Creador de noticias de Dataref\",\"sameAs\":[\"https:\/\/dataref.net\/ar\",\"https:\/\/x.com\/dataref_ar\"]},{\"@type\":\"Person\",\"@id\":\"https:\/\/dataref.net\/ar\/#\/schema\/person\/7d31a734ed991d8bf9a0241e4ee582b0\",\"name\":\"Pablo Torrado\",\"image\":{\"@type\":\"ImageObject\",\"inLanguage\":\"es-AR\",\"@id\":\"https:\/\/dataref.net\/ar\/#\/schema\/person\/image\/\",\"url\":\"https:\/\/secure.gravatar.com\/avatar\/ed11bc43a7be13565747f5ca3e52c4370764d399e7436984d84006b7df2a58a6?s=96&d=mm&r=g\",\"contentUrl\":\"https:\/\/secure.gravatar.com\/avatar\/ed11bc43a7be13565747f5ca3e52c4370764d399e7436984d84006b7df2a58a6?s=96&d=mm&r=g\",\"caption\":\"Pablo Torrado\"},\"sameAs\":[\"https:\/\/x.com\/pablotorrado1\"],\"url\":\"https:\/\/dataref.net\/ar\/author\/ptorrado\/\"}]}<\/script>\n<!-- \/ Yoast SEO Premium plugin. -->","yoast_head_json":{"title":"\"No lo entiendo\": el Kun Ag\u00fcero CRITIC\u00d3 al Cholo Simeone. - dataref Argentina","robots":{"index":"index","follow":"follow","max-snippet":"max-snippet:-1","max-image-preview":"max-image-preview:large","max-video-preview":"max-video-preview:-1"},"canonical":"https:\/\/dataref.net\/ar\/no-lo-entiendo-el-kun-aguero-critico-al-cholo-simeone\/","og_locale":"es_ES","og_type":"article","og_title":"\"No lo entiendo\": el Kun Ag\u00fcero CRITIC\u00d3 al Cholo Simeone. - dataref Argentina","og_description":"El Atl\u00e9tico Madrid de Diego Simeone sufri\u00f3 una derrota complicada como visitante ante el Real Betis en el estadio Benito Villamar\u00edn, en el marco de la jornada 9 de LaLiga. El equipo colchonero, que buscaba mantenerse en la pelea por los primeros puestos de la tabla, no logr\u00f3 imponer su juego y termin\u00f3 cayendo por la m\u00ednima.","og_url":"https:\/\/dataref.net\/ar\/no-lo-entiendo-el-kun-aguero-critico-al-cholo-simeone\/","og_site_name":"dataref Argentina","article_published_time":"2024-10-27T21:48:29+00:00","article_modified_time":"2024-10-27T21:48:30+00:00","og_image":[{"width":800,"height":480,"url":"https:\/\/dataref.net\/ar\/wp-content\/uploads\/2024\/10\/Ga1FYl9bsAAwxur.jpg","type":"image\/jpeg"}],"author":"Pablo Torrado","twitter_card":"summary_large_image","twitter_creator":"@pablotorrado1","twitter_site":"@dataref_ar","twitter_misc":{"Escrito por":"Pablo Torrado","Tiempo de lectura":"3 minutos"},"schema":{"@context":"https:\/\/schema.org","@graph":[{"@type":"Article","@id":"https:\/\/dataref.net\/ar\/no-lo-entiendo-el-kun-aguero-critico-al-cholo-simeone\/#article","isPartOf":{"@id":"https:\/\/dataref.net\/ar\/no-lo-entiendo-el-kun-aguero-critico-al-cholo-simeone\/"},"author":{"name":"Pablo Torrado","@id":"https:\/\/dataref.net\/ar\/#\/schema\/person\/7d31a734ed991d8bf9a0241e4ee582b0"},"headline":"&#8220;No lo entiendo&#8221;: el Kun Ag\u00fcero CRITIC\u00d3 al Cholo Simeone.","datePublished":"2024-10-27T21:48:29+00:00","dateModified":"2024-10-27T21:48:30+00:00","mainEntityOfPage":{"@id":"https:\/\/dataref.net\/ar\/no-lo-entiendo-el-kun-aguero-critico-al-cholo-simeone\/"},"wordCount":411,"commentCount":0,"publisher":{"@id":"https:\/\/dataref.net\/ar\/#\/schema\/person\/cbb7c456fbc21183bdb2dc5bbb7d63b3"},"image":{"@id":"https:\/\/dataref.net\/ar\/no-lo-entiendo-el-kun-aguero-critico-al-cholo-simeone\/#primaryimage"},"thumbnailUrl":"https:\/\/dataref.net\/ar\/wp-content\/uploads\/2024\/10\/Ga1FYl9bsAAwxur.jpg","keywords":["Atletico Madrid","Diego Simeone","Kun Aguero","LaLiga","Real Betis","Rodrigo De Paul"],"articleSection":["Europa"],"inLanguage":"es-AR","potentialAction":[{"@type":"CommentAction","name":"Comment","target":["https:\/\/dataref.net\/ar\/no-lo-entiendo-el-kun-aguero-critico-al-cholo-simeone\/#respond"]}]},{"@type":"WebPage","@id":"https:\/\/dataref.net\/ar\/no-lo-entiendo-el-kun-aguero-critico-al-cholo-simeone\/","url":"https:\/\/dataref.net\/ar\/no-lo-entiendo-el-kun-aguero-critico-al-cholo-simeone\/","name":"\"No lo entiendo\": el Kun Ag\u00fcero CRITIC\u00d3 al Cholo Simeone. - dataref Argentina","isPartOf":{"@id":"https:\/\/dataref.net\/ar\/#website"},"primaryImageOfPage":{"@id":"https:\/\/dataref.net\/ar\/no-lo-entiendo-el-kun-aguero-critico-al-cholo-simeone\/#primaryimage"},"image":{"@id":"https:\/\/dataref.net\/ar\/no-lo-entiendo-el-kun-aguero-critico-al-cholo-simeone\/#primaryimage"},"thumbnailUrl":"https:\/\/dataref.net\/ar\/wp-content\/uploads\/2024\/10\/Ga1FYl9bsAAwxur.jpg","datePublished":"2024-10-27T21:48:29+00:00","dateModified":"2024-10-27T21:48:30+00:00","breadcrumb":{"@id":"https:\/\/dataref.net\/ar\/no-lo-entiendo-el-kun-aguero-critico-al-cholo-simeone\/#breadcrumb"},"inLanguage":"es-AR","potentialAction":[{"@type":"ReadAction","target":["https:\/\/dataref.net\/ar\/no-lo-entiendo-el-kun-aguero-critico-al-cholo-simeone\/"]}]},{"@type":"ImageObject","inLanguage":"es-AR","@id":"https:\/\/dataref.net\/ar\/no-lo-entiendo-el-kun-aguero-critico-al-cholo-simeone\/#primaryimage","url":"https:\/\/dataref.net\/ar\/wp-content\/uploads\/2024\/10\/Ga1FYl9bsAAwxur.jpg","contentUrl":"https:\/\/dataref.net\/ar\/wp-content\/uploads\/2024\/10\/Ga1FYl9bsAAwxur.jpg","width":800,"height":480},{"@type":"BreadcrumbList","@id":"https:\/\/dataref.net\/ar\/no-lo-entiendo-el-kun-aguero-critico-al-cholo-simeone\/#breadcrumb","itemListElement":[{"@type":"ListItem","position":1,"name":"Home","item":"https:\/\/dataref.net\/ar\/"},{"@type":"ListItem","position":2,"name":"&#8220;No lo entiendo&#8221;: el Kun Ag\u00fcero CRITIC\u00d3 al Cholo Simeone."}]},{"@type":"WebSite","@id":"https:\/\/dataref.net\/ar\/#website","url":"https:\/\/dataref.net\/ar\/","name":"dataref","description":"","publisher":{"@id":"https:\/\/dataref.net\/ar\/#\/schema\/person\/cbb7c456fbc21183bdb2dc5bbb7d63b3"},"potentialAction":[{"@type":"SearchAction","target":{"@type":"EntryPoint","urlTemplate":"https:\/\/dataref.net\/ar\/?s={search_term_string}"},"query-input":{"@type":"PropertyValueSpecification","valueRequired":true,"valueName":"search_term_string"}}],"inLanguage":"es-AR"},{"@type":["Person","Organization"],"@id":"https:\/\/dataref.net\/ar\/#\/schema\/person\/cbb7c456fbc21183bdb2dc5bbb7d63b3","name":"datarefNews","image":{"@type":"ImageObject","inLanguage":"es-AR","@id":"https:\/\/dataref.net\/ar\/#\/schema\/person\/image\/","url":"https:\/\/dataref.net\/ar\/wp-content\/uploads\/2023\/12\/cropped-cropped-dataref-logo-blanco.4d39855902e69a709381.png","contentUrl":"https:\/\/dataref.net\/ar\/wp-content\/uploads\/2023\/12\/cropped-cropped-dataref-logo-blanco.4d39855902e69a709381.png","width":1500,"height":428,"caption":"datarefNews"},"logo":{"@id":"https:\/\/dataref.net\/ar\/#\/schema\/person\/image\/"},"description":"Creador de noticias de Dataref","sameAs":["https:\/\/dataref.net\/ar","https:\/\/x.com\/dataref_ar"]},{"@type":"Person","@id":"https:\/\/dataref.net\/ar\/#\/schema\/person\/7d31a734ed991d8bf9a0241e4ee582b0","name":"Pablo Torrado","image":{"@type":"ImageObject","inLanguage":"es-AR","@id":"https:\/\/dataref.net\/ar\/#\/schema\/person\/image\/","url":"https:\/\/secure.gravatar.com\/avatar\/ed11bc43a7be13565747f5ca3e52c4370764d399e7436984d84006b7df2a58a6?s=96&d=mm&r=g","contentUrl":"https:\/\/secure.gravatar.com\/avatar\/ed11bc43a7be13565747f5ca3e52c4370764d399e7436984d84006b7df2a58a6?s=96&d=mm&r=g","caption":"Pablo Torrado"},"sameAs":["https:\/\/x.com\/pablotorrado1"],"url":"https:\/\/dataref.net\/ar\/author\/ptorrado\/"}]}},"_links":{"self":[{"href":"https:\/\/dataref.net\/ar\/wp-json\/wp\/v2\/posts\/6537","targetHints":{"allow":["GET"]}}],"collection":[{"href":"https:\/\/dataref.net\/ar\/wp-json\/wp\/v2\/posts"}],"about":[{"href":"https:\/\/dataref.net\/ar\/wp-json\/wp\/v2\/types\/post"}],"author":[{"embeddable":true,"href":"https:\/\/dataref.net\/ar\/wp-json\/wp\/v2\/users\/5"}],"replies":[{"embeddable":true,"href":"https:\/\/dataref.net\/ar\/wp-json\/wp\/v2\/comments?post=6537"}],"version-history":[{"count":4,"href":"https:\/\/dataref.net\/ar\/wp-json\/wp\/v2\/posts\/6537\/revisions"}],"predecessor-version":[{"id":6548,"href":"https:\/\/dataref.net\/ar\/wp-json\/wp\/v2\/posts\/6537\/revisions\/6548"}],"wp:featuredmedia":[{"embeddable":true,"href":"https:\/\/dataref.net\/ar\/wp-json\/wp\/v2\/media\/6538"}],"wp:attachment":[{"href":"https:\/\/dataref.net\/ar\/wp-json\/wp\/v2\/media?parent=6537"}],"wp:term":[{"taxonomy":"category","embeddable":true,"href":"https:\/\/dataref.net\/ar\/wp-json\/wp\/v2\/categories?post=6537"},{"taxonomy":"post_tag","embeddable":true,"href":"https:\/\/dataref.net\/ar\/wp-json\/wp\/v2\/tags?post=6537"}],"curies":[{"name":"wp","href":"https:\/\/api.w.org\/{rel}","templated":true}]}}