{"id":5344,"date":"2024-09-19T20:19:48","date_gmt":"2024-09-19T23:19:48","guid":{"rendered":"https:\/\/dataref.net\/ar\/?p=5344"},"modified":"2024-09-19T20:19:51","modified_gmt":"2024-09-19T23:19:51","slug":"diego-simeone-hablo-sobre-el-presente-de-julian-alvarez-en-atletico-madrid-los-goles-van-a-llegar","status":"publish","type":"post","link":"https:\/\/dataref.net\/ar\/diego-simeone-hablo-sobre-el-presente-de-julian-alvarez-en-atletico-madrid-los-goles-van-a-llegar\/","title":{"rendered":"Diego Simeone habl\u00f3 sobre el presente de Juli\u00e1n \u00c1lvarez en Atl\u00e9tico Madrid: &#8220;los goles van a llegar&#8221;"},"content":{"rendered":"\n<p class=\"wp-block-paragraph\">En su debut en la <a href=\"https:\/\/dataref.net\/ar\/tag\/champions-league\/\">Champions League<\/a> 2024\/25, el <a href=\"https:\/\/dataref.net\/ar\/tag\/atletico-madrid\/\">Atl\u00e9tico Madrid<\/a> logr\u00f3 una ag\u00f3nica victoria por 2-1 ante <a href=\"https:\/\/dataref.net\/ar\/tag\/leipzig\/\">Leipzig<\/a> en el <strong>Wanda Metropolitano<\/strong>. El equipo de <a href=\"https:\/\/dataref.net\/ar\/tag\/diego-simeone\/\">Diego Simeone<\/a> dio vuelta el marcador con goles de <a href=\"https:\/\/dataref.net\/ar\/tag\/antoine-griezmann\/\">Antoine Griezmann<\/a> y <strong>Jos\u00e9 Mar\u00eda Gim\u00e9nez<\/strong>, quien sentenci\u00f3 el partido<strong> sobre el final<\/strong>. Este triunfo dej\u00f3 al conjunto colchonero bien posicionado en su grupo.<\/p>\n\n\n\n<p class=\"wp-block-paragraph\">Entre los titulares del equipo del Cholo, estuvieron los argentinos <a href=\"https:\/\/dataref.net\/ar\/tag\/rodrigo-de-paul\/\">Rodrigo De Paul<\/a>, <a href=\"https:\/\/dataref.net\/ar\/tag\/angel-correa\/\">\u00c1ngel Correa<\/a> y <a href=\"https:\/\/dataref.net\/ar\/tag\/julian-alvarez\/\">Juli\u00e1n \u00c1lvarez<\/a>. En la conferencia de prensa despu\u00e9s del encuentro,<strong> Simeone<\/strong> fue consultado sobre el desempe\u00f1o de la &#8220;Ara\u00f1a&#8221;, quien se incorpor\u00f3 recientemente al club, generando altas expectativas en los hinchas y en el cuerpo t\u00e9cnico.<\/p>\n\n\n\n<p class=\"wp-block-paragraph\">\u201cA Juli\u00e1n le doy minutos porque <strong>es un jugador important\u00edsimo para nosotros<\/strong>. Vino para jugar y mostrar toda su jerarqu\u00eda. <strong>Lo est\u00e1 haciendo<\/strong>&#8220;, coment\u00f3 el DT argentino, elogiando la contribuci\u00f3n del exjugador del<strong> Manchester City<\/strong>, quien ha venido sumando protagonismo desde su llegada.<\/p>\n\n\n\n<p class=\"wp-block-paragraph\">Sobre la falta de gol de <strong>\u00c1lvarez<\/strong>, <strong>el Cholo fue claro<\/strong>: \u201cNo est\u00e1 siendo de cara a gol como \u00e9l quisiera, pero de la misma manera le pasa a S\u00f8rloth. Seguiremos trabajando y esperando porque <strong>los goles van a llegar<\/strong>\u201d. Con confianza en sus delanteros, Simeone dej\u00f3 en claro que, aunque los goles a\u00fan no han aparecido,<strong> el equipo cree firmemente en el potencial de sus atacantes.<\/strong><\/p>\n\n\n\n<figure class=\"wp-block-embed is-type-rich is-provider-twitter wp-block-embed-twitter\"><div class=\"wp-block-embed__wrapper\">\n<blockquote class=\"twitter-tweet\" data-width=\"550\" data-dnt=\"true\"><p lang=\"es\" dir=\"ltr\">\ud83d\udde3\ufe0f Diego Simeone sobre Juli\u00e1n \u00c1lvarez en conferencia:<br><br>\u201cA Juli\u00e1n le doy minutos porque es un jugador important\u00edsimo para nosotros. Vino para jugar y mostrar toda su jerarqu\u00eda. Lo est\u00e1 haciendo. <br><br>No est\u00e1 siendo de cara a gol c\u00f3mo \u00e9l quisiera, pero de la misma manera le pasa a\u2026 <a href=\"https:\/\/t.co\/thKwyrQdfd\">pic.twitter.com\/thKwyrQdfd<\/a><\/p>&mdash; dataref (@dataref_ar) <a href=\"https:\/\/twitter.com\/dataref_ar\/status\/1836890818323320967?ref_src=twsrc%5Etfw\">September 19, 2024<\/a><\/blockquote><script async src=\"https:\/\/platform.twitter.com\/widgets.js\" charset=\"utf-8\"><\/script>\n<\/div><\/figure>\n\n\n\n<h2 class=\"wp-block-heading\">\u00bfCu\u00e1ndo vuelve a jugar el Atl\u00e9tico Madrid en la UEFA Champions League?<\/h2>\n\n\n\n<p class=\"wp-block-paragraph\"><strong>Atl\u00e9tico Madrid<\/strong> volver\u00e1 a la acci\u00f3n en la <strong>UEFA Champions League<\/strong> el pr\u00f3ximo mi\u00e9rcoles 2 de octubre a las 16:00 horas, cuando enfrente a <strong>Benfica<\/strong> en condici\u00f3n de visitante. Este ser\u00e1 el partido correspondiente a la segunda fecha de la fase de grupos, donde los dirigidos por <strong>Diego Simeone<\/strong> buscar\u00e1n consolidar su buen inicio en la competici\u00f3n.<\/p>\n<div class=\"ays-arp-under-posts-container ays-arp-classy-layout \" id=\"ays-arp-under-posts-container-5344-6a9c698456142\"  data-id=\"6a9c698456142\" data-ratio=\"0.75\"><h2 class=\"ays-arp-under-posts-container-title\">Noticias relacionadas<\/h2><input type=\"hidden\" name=\"ays-arp-id-6a9c698456142\" value=\"5344\"><div class=\"ays-arp-under-posts\"><div class=\"ays-arp-under-post\"><div class=\"ays-arp-under-post-header\"><div class=\"ays-arp-under-post-img-row\"><a href=\"https:\/\/dataref.net\/ar\/el-entrenador-del-ascenso-argentino-que-supera-al-cholo-simeone\/\" class=\"ays-arp-under-post-link\"  ><img src=\"https:\/\/dataref.net\/ar\/wp-content\/uploads\/2026\/08\/WhatsApp-Image-2026-08-20-at-18.13.47-768x432.jpeg\" alt=\"\" class=\"ays-arp-under-post-img\"><img src=\"https:\/\/dataref.net\/ar\/wp-content\/uploads\/2026\/08\/WhatsApp-Image-2026-08-20-at-18.13.47-768x432.jpeg\" alt=\"\" class=\"ays-arp-under-post-img ays-arp-under-post-img-mobile\"><span class=\"ays-arp-under-post-overlay-box\"><\/span><\/a><div class=\"ays-arp-under-post-title-row\"><div class=\"ays-arp-under-post-title\"><a href=\"https:\/\/dataref.net\/ar\/el-entrenador-del-ascenso-argentino-que-supera-al-cholo-simeone\/\" class=\"ays-arp-under-post-link\"  >El entrenador del ASCENSO argentino que SUPERA...<\/a><\/div><\/div><\/div><\/div><div class=\"ays-arp-under-post-content\"><div class=\"ays-arp-under-post-excerpt-row\"><span class=\"ays-arp-under-post-excerpt\">\nDiego Simeone comenz\u00f3 su 15\u00aa temporada consecutiva como entrenador del...<\/span><\/div><\/div><\/div><div class=\"ays-arp-under-post\"><div class=\"ays-arp-under-post-header\"><div class=\"ays-arp-under-post-img-row\"><a href=\"https:\/\/dataref.net\/ar\/sin-real-madrid-los-5-equipos-mas-anotadores-de-las-5-ligas-top-de-europa\/\" class=\"ays-arp-under-post-link\"  ><img src=\"https:\/\/dataref.net\/ar\/wp-content\/uploads\/2026\/01\/2256129507_f-768x461.jpg\" alt=\"\" class=\"ays-arp-under-post-img\"><img src=\"https:\/\/dataref.net\/ar\/wp-content\/uploads\/2026\/01\/2256129507_f-768x461.jpg\" alt=\"\" class=\"ays-arp-under-post-img ays-arp-under-post-img-mobile\"><span class=\"ays-arp-under-post-overlay-box\"><\/span><\/a><div class=\"ays-arp-under-post-title-row\"><div class=\"ays-arp-under-post-title\"><a href=\"https:\/\/dataref.net\/ar\/sin-real-madrid-los-5-equipos-mas-anotadores-de-las-5-ligas-top-de-europa\/\" class=\"ays-arp-under-post-link\"  >SIN REAL MADRID: los 5 equipos m\u00e1s...<\/a><\/div><\/div><\/div><\/div><div class=\"ays-arp-under-post-content\"><div class=\"ays-arp-under-post-excerpt-row\"><span class=\"ays-arp-under-post-excerpt\">\nEn apenas 48 horas se pondr\u00e1 en marcha la octava...<\/span><\/div><\/div><\/div><div class=\"ays-arp-under-post\"><div class=\"ays-arp-under-post-header\"><div class=\"ays-arp-under-post-img-row\"><a href=\"https:\/\/dataref.net\/ar\/no-es-erling-haaland-ni-harry-kane-el-maximo-goleador-de-la-uefa-champions-league-2025-26\/\" class=\"ays-arp-under-post-link\"  ><img src=\"https:\/\/dataref.net\/ar\/wp-content\/uploads\/2025\/11\/unnamed-3-768x432.jpg\" alt=\"\" class=\"ays-arp-under-post-img\"><img src=\"https:\/\/dataref.net\/ar\/wp-content\/uploads\/2025\/11\/unnamed-3-768x432.jpg\" alt=\"\" class=\"ays-arp-under-post-img ays-arp-under-post-img-mobile\"><span class=\"ays-arp-under-post-overlay-box\"><\/span><\/a><div class=\"ays-arp-under-post-title-row\"><div class=\"ays-arp-under-post-title\"><a href=\"https:\/\/dataref.net\/ar\/no-es-erling-haaland-ni-harry-kane-el-maximo-goleador-de-la-uefa-champions-league-2025-26\/\" class=\"ays-arp-under-post-link\"  >No es ERLING HAALAND ni HARRY KANE:...<\/a><\/div><\/div><\/div><\/div><div class=\"ays-arp-under-post-content\"><div class=\"ays-arp-under-post-excerpt-row\"><span class=\"ays-arp-under-post-excerpt\">\nLa \u00faltima jornada de la UEFA Champions League 2025\/26 dej\u00f3...<\/span><\/div><\/div><\/div><\/div><style type=\"text\/css\">\n            #ays-arp-under-posts-container-5344-6a9c698456142 {\n                width: 100%;\n                word-break: break-word;\n            }\n\n            #ays-arp-under-posts-container-5344-6a9c698456142 .ays-arp-under-post {\n                width: calc(33% - 10px);\n                padding: 10px;\n                border: none;\n            }\n\n            #ays-arp-under-posts-container-5344-6a9c698456142 .ays-arp-under-post-img-row .ays-arp-under-post-img {\n\t\t\t    object-fit: contain;\n\t\t\t    object-position:center center;\n                border: unset;\n                padding: unset;\n                border-radius: 0px;\n                height: 100%\n            }\n\n            #ays-arp-under-posts-container-5344-6a9c698456142 .ays-arp-under-posts-container-title,\n            #ays-arp-under-posts-container-5344-6a9c698456142 .ays-arp-under-post-title  .ays-arp-under-post-link,\n            #ays-arp-under-posts-container-5344-6a9c698456142 .ays-arp-under-post-excerpt-row {\n                color: #333333;\n            }\n\n            #ays-arp-under-posts-container-5344-6a9c698456142  .ays-arp-under-posts  .ays-arp-under-post {\n                background-color: rgba(255,255,255,0);\n            }\n\n            #ays-arp-under-posts-container-5344-6a9c698456142  .ays-arp-under-posts  .ays-arp-under-post:hover {\n                background-color: rgba(255,255,255,0);\n            }\n\n            #ays-arp-under-posts-container-5344-6a9c698456142 .ays-arp-under-post-title,\n            #ays-arp-under-posts-container-5344-6a9c698456142 .ays-arp-under-post-link {\n                line-height: 1.5;\n            }\n\n            #ays-arp-under-posts-container-5344-6a9c698456142 .ays-arp-under-post-title a{\n                font-size: 12px;\n            }\n\n            #ays-arp-under-posts-container-5344-6a9c698456142 .ays-arp-under-post-date-author-row {\n                color: rgba(51,51,51,0.7);\n            }\n\n            #ays-arp-under-posts-container-5344-6a9c698456142 .ays-arp-under-posts a:active,\n            #ays-arp-under-posts-container-5344-6a9c698456142 .ays-arp-under-posts a:hover,\n            #ays-arp-under-posts-container-5344-6a9c698456142 .ays-arp-under-posts a:focus,\n            #ays-arp-under-posts-container-5344-6a9c698456142 .ays-arp-under-posts a {\n                text-decoration: unset;\n                cursor: pointer;\n                outline: unset;\n                text-decoration-skip-ink: none;\n                background: unset;\n                opacity: 1;\n            }\n\n            #ays-arp-under-posts-container-5344-6a9c698456142 .ays-arp-under-post-img-row .ays-arp-under-post-img.ays-arp-under-post-img-mobile {\n                display: none;                    \n            }\n\n            @media screen and (max-width: 768px){\n\n                #ays-arp-under-posts-container-5344-6a9c698456142 .ays-arp-under-post-img-row .ays-arp-under-post-img {\n                    object-fit: contain;\n                    display: none;                    \n                }\n\n                #ays-arp-under-posts-container-5344-6a9c698456142 .ays-arp-under-post-img-row .ays-arp-under-post-img.ays-arp-under-post-img-mobile {\n                    display: inline-block;                    \n                }\n\n                #ays-arp-under-posts-container-5344-6a9c698456142 .ays-arp-under-post-title a{\n                    font-size: 12px;\n                }\n\n                #ays-arp-under-posts-container-5344-6a9c698456142 .ays-arp-under-post {\n                    width: calc(33% - 10px);\n                    border: none;\n                }\n\n                #ays-arp-under-posts-container-5344-6a9c698456142 .ays-arp-under-posts-container-title,\n                #ays-arp-under-posts-container-5344-6a9c698456142 .ays-arp-under-post-title  .ays-arp-under-post-link,\n                #ays-arp-under-posts-container-5344-6a9c698456142 .ays-arp-under-post-excerpt-row {\n                    color: #333;\n                }\n\n                #ays-arp-under-posts-container-5344-6a9c698456142 .ays-arp-under-post-date-author-row {\n                    color: rgba(51,51,51,0.7);\n                }\n\n                #ays-arp-under-posts-container-5344-6a9c698456142  .ays-arp-under-posts  .ays-arp-under-post {\n                    background-color: rgba(255,255,255,0);\n                }\n            }\n\n            \n            \/* Layout CSS *\/\n            #ays-arp-under-posts-container-5344-6a9c698456142.ays-arp-classy-layout .ays-arp-under-post-date-author-row {\n                \/*border-bottom: 0.5px solid rgba(51,51,51,0.4);*\/\n                border: unset;\n            }\n\n            #ays-arp-under-posts-container-5344-6a9c698456142.ays-arp-classy-layout .ays-arp-under-post {\n                padding: 0;\n                \/*border: 0.5px solid rgb(236 237 241);*\/\n                border-radius: 0px;\n                overflow:hidden;\n            }\n\n            #ays-arp-under-posts-container-5344-6a9c698456142.ays-arp-classy-layout .ays-arp-under-post-content {\n                padding: 10px;\n            }\n\n            #ays-arp-under-posts-container-5344-6a9c698456142.ays-arp-classy-layout .ays-arp-under-post-img-row,\n            #ays-arp-under-posts-container-5344-6a9c698456142.ays-arp-classy-layout .ays-arp-under-post-img-row img {\n                border-radius: 0px;\n            }\n\n            #ays-arp-under-posts-container-5344-6a9c698456142.ays-arp-classy-layout .ays-arp-under-post-link {\n                color: #fff;\n            }\n            \n            <\/style><\/div>","protected":false},"excerpt":{"rendered":"<p>En su debut en la Champions League 2024\/25, el Atl\u00e9tico Madrid logr\u00f3 una ag\u00f3nica victoria por 2-1 ante Leipzig en el Wanda Metropolitano. El equipo de Diego Simeone dio vuelta el marcador con goles de Antoine Griezmann y Jos\u00e9 Mar\u00eda Gim\u00e9nez, quien sentenci\u00f3 el partido sobre el final. Este triunfo dej\u00f3 al conjunto colchonero bien [&hellip;]<\/p>\n","protected":false},"author":2,"featured_media":5345,"comment_status":"open","ping_status":"open","sticky":false,"template":"","format":"standard","meta":{"_acf_changed":false,"footnotes":""},"categories":[54],"tags":[401,58,530,216,100],"class_list":["post-5344","post","type-post","status-publish","format-standard","has-post-thumbnail","hentry","category-europa","tag-diego-simeone","tag-europa","tag-julian-alvarez-2","tag-seleccion-argentina","tag-uefa-champions-league"],"acf":[],"yoast_head":"<!-- This site is optimized with the Yoast SEO Premium plugin v27.6.1 (Yoast SEO v26.9) - https:\/\/yoast.com\/product\/yoast-seo-premium-wordpress\/ -->\n<title>Diego Simeone habl\u00f3 sobre el presente de Juli\u00e1n \u00c1lvarez en Atl\u00e9tico Madrid: &quot;los goles van a llegar&quot; - dataref Argentina<\/title>\n<meta name=\"description\" content=\"En su debut en la Champions League 2024\/25, el Atl\u00e9tico Madrid logr\u00f3 una ag\u00f3nica victoria por 2-1 ante Leipzig en el Wanda Metropolitano. El equipo de Diego Simeone dio vuelta el marcador con goles de Antoine Griezmann y Jos\u00e9 Mar\u00eda Gim\u00e9nez, quien sentenci\u00f3 el partido sobre el final. Este triunfo dej\u00f3 al conjunto colchonero bien posicionado en su grupo.\" \/>\n<meta name=\"robots\" content=\"index, follow, max-snippet:-1, max-image-preview:large, max-video-preview:-1\" \/>\n<link rel=\"canonical\" href=\"https:\/\/dataref.net\/ar\/diego-simeone-hablo-sobre-el-presente-de-julian-alvarez-en-atletico-madrid-los-goles-van-a-llegar\/\" \/>\n<meta property=\"og:locale\" content=\"es_ES\" \/>\n<meta property=\"og:type\" content=\"article\" \/>\n<meta property=\"og:title\" content=\"Diego Simeone habl\u00f3 sobre el presente de Juli\u00e1n \u00c1lvarez en Atl\u00e9tico Madrid: &quot;los goles van a llegar&quot; - dataref Argentina\" \/>\n<meta property=\"og:description\" content=\"En su debut en la Champions League 2024\/25, el Atl\u00e9tico Madrid logr\u00f3 una ag\u00f3nica victoria por 2-1 ante Leipzig en el Wanda Metropolitano. El equipo de Diego Simeone dio vuelta el marcador con goles de Antoine Griezmann y Jos\u00e9 Mar\u00eda Gim\u00e9nez, quien sentenci\u00f3 el partido sobre el final. Este triunfo dej\u00f3 al conjunto colchonero bien posicionado en su grupo.\" \/>\n<meta property=\"og:url\" content=\"https:\/\/dataref.net\/ar\/diego-simeone-hablo-sobre-el-presente-de-julian-alvarez-en-atletico-madrid-los-goles-van-a-llegar\/\" \/>\n<meta property=\"og:site_name\" content=\"dataref Argentina\" \/>\n<meta property=\"article:published_time\" content=\"2024-09-19T23:19:48+00:00\" \/>\n<meta property=\"article:modified_time\" content=\"2024-09-19T23:19:51+00:00\" \/>\n<meta property=\"og:image\" content=\"https:\/\/dataref.net\/ar\/wp-content\/uploads\/2024\/09\/IMG_1679.jpg\" \/>\n\t<meta property=\"og:image:width\" content=\"800\" \/>\n\t<meta property=\"og:image:height\" content=\"605\" \/>\n\t<meta property=\"og:image:type\" content=\"image\/jpeg\" \/>\n<meta name=\"author\" content=\"Alejo Iwan\" \/>\n<meta name=\"twitter:card\" content=\"summary_large_image\" \/>\n<meta name=\"twitter:creator\" content=\"@alejoiwan\" \/>\n<meta name=\"twitter:site\" content=\"@dataref_ar\" \/>\n<meta name=\"twitter:label1\" content=\"Escrito por\" \/>\n\t<meta name=\"twitter:data1\" content=\"Alejo Iwan\" \/>\n\t<meta name=\"twitter:label2\" content=\"Tiempo de lectura\" \/>\n\t<meta name=\"twitter:data2\" content=\"2 minutos\" \/>\n<script type=\"application\/ld+json\" class=\"yoast-schema-graph\">{\"@context\":\"https:\/\/schema.org\",\"@graph\":[{\"@type\":\"Article\",\"@id\":\"https:\/\/dataref.net\/ar\/diego-simeone-hablo-sobre-el-presente-de-julian-alvarez-en-atletico-madrid-los-goles-van-a-llegar\/#article\",\"isPartOf\":{\"@id\":\"https:\/\/dataref.net\/ar\/diego-simeone-hablo-sobre-el-presente-de-julian-alvarez-en-atletico-madrid-los-goles-van-a-llegar\/\"},\"author\":{\"name\":\"Alejo Iwan\",\"@id\":\"https:\/\/dataref.net\/ar\/#\/schema\/person\/0161a0b3da94c7096c38099f9e3457f3\"},\"headline\":\"Diego Simeone habl\u00f3 sobre el presente de Juli\u00e1n \u00c1lvarez en Atl\u00e9tico Madrid: &#8220;los goles van a llegar&#8221;\",\"datePublished\":\"2024-09-19T23:19:48+00:00\",\"dateModified\":\"2024-09-19T23:19:51+00:00\",\"mainEntityOfPage\":{\"@id\":\"https:\/\/dataref.net\/ar\/diego-simeone-hablo-sobre-el-presente-de-julian-alvarez-en-atletico-madrid-los-goles-van-a-llegar\/\"},\"wordCount\":336,\"commentCount\":0,\"publisher\":{\"@id\":\"https:\/\/dataref.net\/ar\/#\/schema\/person\/cbb7c456fbc21183bdb2dc5bbb7d63b3\"},\"image\":{\"@id\":\"https:\/\/dataref.net\/ar\/diego-simeone-hablo-sobre-el-presente-de-julian-alvarez-en-atletico-madrid-los-goles-van-a-llegar\/#primaryimage\"},\"thumbnailUrl\":\"https:\/\/dataref.net\/ar\/wp-content\/uploads\/2024\/09\/IMG_1679.jpg\",\"keywords\":[\"Diego Simeone\",\"Europa\",\"Julian Alvarez\",\"Selecci\u00f3n Argentina\",\"UEFA Champions League\"],\"articleSection\":[\"Europa\"],\"inLanguage\":\"es-AR\",\"potentialAction\":[{\"@type\":\"CommentAction\",\"name\":\"Comment\",\"target\":[\"https:\/\/dataref.net\/ar\/diego-simeone-hablo-sobre-el-presente-de-julian-alvarez-en-atletico-madrid-los-goles-van-a-llegar\/#respond\"]}]},{\"@type\":\"WebPage\",\"@id\":\"https:\/\/dataref.net\/ar\/diego-simeone-hablo-sobre-el-presente-de-julian-alvarez-en-atletico-madrid-los-goles-van-a-llegar\/\",\"url\":\"https:\/\/dataref.net\/ar\/diego-simeone-hablo-sobre-el-presente-de-julian-alvarez-en-atletico-madrid-los-goles-van-a-llegar\/\",\"name\":\"Diego Simeone habl\u00f3 sobre el presente de Juli\u00e1n \u00c1lvarez en Atl\u00e9tico Madrid: \\\"los goles van a llegar\\\" - dataref Argentina\",\"isPartOf\":{\"@id\":\"https:\/\/dataref.net\/ar\/#website\"},\"primaryImageOfPage\":{\"@id\":\"https:\/\/dataref.net\/ar\/diego-simeone-hablo-sobre-el-presente-de-julian-alvarez-en-atletico-madrid-los-goles-van-a-llegar\/#primaryimage\"},\"image\":{\"@id\":\"https:\/\/dataref.net\/ar\/diego-simeone-hablo-sobre-el-presente-de-julian-alvarez-en-atletico-madrid-los-goles-van-a-llegar\/#primaryimage\"},\"thumbnailUrl\":\"https:\/\/dataref.net\/ar\/wp-content\/uploads\/2024\/09\/IMG_1679.jpg\",\"datePublished\":\"2024-09-19T23:19:48+00:00\",\"dateModified\":\"2024-09-19T23:19:51+00:00\",\"description\":\"En su debut en la Champions League 2024\/25, el Atl\u00e9tico Madrid logr\u00f3 una ag\u00f3nica victoria por 2-1 ante Leipzig en el Wanda Metropolitano. El equipo de Diego Simeone dio vuelta el marcador con goles de Antoine Griezmann y Jos\u00e9 Mar\u00eda Gim\u00e9nez, quien sentenci\u00f3 el partido sobre el final. Este triunfo dej\u00f3 al conjunto colchonero bien posicionado en su grupo.\",\"breadcrumb\":{\"@id\":\"https:\/\/dataref.net\/ar\/diego-simeone-hablo-sobre-el-presente-de-julian-alvarez-en-atletico-madrid-los-goles-van-a-llegar\/#breadcrumb\"},\"inLanguage\":\"es-AR\",\"potentialAction\":[{\"@type\":\"ReadAction\",\"target\":[\"https:\/\/dataref.net\/ar\/diego-simeone-hablo-sobre-el-presente-de-julian-alvarez-en-atletico-madrid-los-goles-van-a-llegar\/\"]}]},{\"@type\":\"ImageObject\",\"inLanguage\":\"es-AR\",\"@id\":\"https:\/\/dataref.net\/ar\/diego-simeone-hablo-sobre-el-presente-de-julian-alvarez-en-atletico-madrid-los-goles-van-a-llegar\/#primaryimage\",\"url\":\"https:\/\/dataref.net\/ar\/wp-content\/uploads\/2024\/09\/IMG_1679.jpg\",\"contentUrl\":\"https:\/\/dataref.net\/ar\/wp-content\/uploads\/2024\/09\/IMG_1679.jpg\",\"width\":800,\"height\":605},{\"@type\":\"BreadcrumbList\",\"@id\":\"https:\/\/dataref.net\/ar\/diego-simeone-hablo-sobre-el-presente-de-julian-alvarez-en-atletico-madrid-los-goles-van-a-llegar\/#breadcrumb\",\"itemListElement\":[{\"@type\":\"ListItem\",\"position\":1,\"name\":\"Home\",\"item\":\"https:\/\/dataref.net\/ar\/\"},{\"@type\":\"ListItem\",\"position\":2,\"name\":\"Diego Simeone habl\u00f3 sobre el presente de Juli\u00e1n \u00c1lvarez en Atl\u00e9tico Madrid: &#8220;los goles van a llegar&#8221;\"}]},{\"@type\":\"WebSite\",\"@id\":\"https:\/\/dataref.net\/ar\/#website\",\"url\":\"https:\/\/dataref.net\/ar\/\",\"name\":\"dataref\",\"description\":\"\",\"publisher\":{\"@id\":\"https:\/\/dataref.net\/ar\/#\/schema\/person\/cbb7c456fbc21183bdb2dc5bbb7d63b3\"},\"potentialAction\":[{\"@type\":\"SearchAction\",\"target\":{\"@type\":\"EntryPoint\",\"urlTemplate\":\"https:\/\/dataref.net\/ar\/?s={search_term_string}\"},\"query-input\":{\"@type\":\"PropertyValueSpecification\",\"valueRequired\":true,\"valueName\":\"search_term_string\"}}],\"inLanguage\":\"es-AR\"},{\"@type\":[\"Person\",\"Organization\"],\"@id\":\"https:\/\/dataref.net\/ar\/#\/schema\/person\/cbb7c456fbc21183bdb2dc5bbb7d63b3\",\"name\":\"datarefNews\",\"image\":{\"@type\":\"ImageObject\",\"inLanguage\":\"es-AR\",\"@id\":\"https:\/\/dataref.net\/ar\/#\/schema\/person\/image\/\",\"url\":\"https:\/\/dataref.net\/ar\/wp-content\/uploads\/2023\/12\/cropped-cropped-dataref-logo-blanco.4d39855902e69a709381.png\",\"contentUrl\":\"https:\/\/dataref.net\/ar\/wp-content\/uploads\/2023\/12\/cropped-cropped-dataref-logo-blanco.4d39855902e69a709381.png\",\"width\":1500,\"height\":428,\"caption\":\"datarefNews\"},\"logo\":{\"@id\":\"https:\/\/dataref.net\/ar\/#\/schema\/person\/image\/\"},\"description\":\"Creador de noticias de Dataref\",\"sameAs\":[\"https:\/\/dataref.net\/ar\",\"https:\/\/x.com\/dataref_ar\"]},{\"@type\":\"Person\",\"@id\":\"https:\/\/dataref.net\/ar\/#\/schema\/person\/0161a0b3da94c7096c38099f9e3457f3\",\"name\":\"Alejo Iwan\",\"image\":{\"@type\":\"ImageObject\",\"inLanguage\":\"es-AR\",\"@id\":\"https:\/\/dataref.net\/ar\/#\/schema\/person\/image\/\",\"url\":\"https:\/\/secure.gravatar.com\/avatar\/01b95f5f3fe097362da179ca9c91087bdefcc522d0782871a9fcbce2366dc139?s=96&d=mm&r=g\",\"contentUrl\":\"https:\/\/secure.gravatar.com\/avatar\/01b95f5f3fe097362da179ca9c91087bdefcc522d0782871a9fcbce2366dc139?s=96&d=mm&r=g\",\"caption\":\"Alejo Iwan\"},\"sameAs\":[\"https:\/\/x.com\/alejoiwan\"],\"url\":\"https:\/\/dataref.net\/ar\/author\/alejo-iwan\/\"}]}<\/script>\n<!-- \/ Yoast SEO Premium plugin. -->","yoast_head_json":{"title":"Diego Simeone habl\u00f3 sobre el presente de Juli\u00e1n \u00c1lvarez en Atl\u00e9tico Madrid: \"los goles van a llegar\" - dataref Argentina","description":"En su debut en la Champions League 2024\/25, el Atl\u00e9tico Madrid logr\u00f3 una ag\u00f3nica victoria por 2-1 ante Leipzig en el Wanda Metropolitano. El equipo de Diego Simeone dio vuelta el marcador con goles de Antoine Griezmann y Jos\u00e9 Mar\u00eda Gim\u00e9nez, quien sentenci\u00f3 el partido sobre el final. Este triunfo dej\u00f3 al conjunto colchonero bien posicionado en su grupo.","robots":{"index":"index","follow":"follow","max-snippet":"max-snippet:-1","max-image-preview":"max-image-preview:large","max-video-preview":"max-video-preview:-1"},"canonical":"https:\/\/dataref.net\/ar\/diego-simeone-hablo-sobre-el-presente-de-julian-alvarez-en-atletico-madrid-los-goles-van-a-llegar\/","og_locale":"es_ES","og_type":"article","og_title":"Diego Simeone habl\u00f3 sobre el presente de Juli\u00e1n \u00c1lvarez en Atl\u00e9tico Madrid: \"los goles van a llegar\" - dataref Argentina","og_description":"En su debut en la Champions League 2024\/25, el Atl\u00e9tico Madrid logr\u00f3 una ag\u00f3nica victoria por 2-1 ante Leipzig en el Wanda Metropolitano. El equipo de Diego Simeone dio vuelta el marcador con goles de Antoine Griezmann y Jos\u00e9 Mar\u00eda Gim\u00e9nez, quien sentenci\u00f3 el partido sobre el final. Este triunfo dej\u00f3 al conjunto colchonero bien posicionado en su grupo.","og_url":"https:\/\/dataref.net\/ar\/diego-simeone-hablo-sobre-el-presente-de-julian-alvarez-en-atletico-madrid-los-goles-van-a-llegar\/","og_site_name":"dataref Argentina","article_published_time":"2024-09-19T23:19:48+00:00","article_modified_time":"2024-09-19T23:19:51+00:00","og_image":[{"width":800,"height":605,"url":"https:\/\/dataref.net\/ar\/wp-content\/uploads\/2024\/09\/IMG_1679.jpg","type":"image\/jpeg"}],"author":"Alejo Iwan","twitter_card":"summary_large_image","twitter_creator":"@alejoiwan","twitter_site":"@dataref_ar","twitter_misc":{"Escrito por":"Alejo Iwan","Tiempo de lectura":"2 minutos"},"schema":{"@context":"https:\/\/schema.org","@graph":[{"@type":"Article","@id":"https:\/\/dataref.net\/ar\/diego-simeone-hablo-sobre-el-presente-de-julian-alvarez-en-atletico-madrid-los-goles-van-a-llegar\/#article","isPartOf":{"@id":"https:\/\/dataref.net\/ar\/diego-simeone-hablo-sobre-el-presente-de-julian-alvarez-en-atletico-madrid-los-goles-van-a-llegar\/"},"author":{"name":"Alejo Iwan","@id":"https:\/\/dataref.net\/ar\/#\/schema\/person\/0161a0b3da94c7096c38099f9e3457f3"},"headline":"Diego Simeone habl\u00f3 sobre el presente de Juli\u00e1n \u00c1lvarez en Atl\u00e9tico Madrid: &#8220;los goles van a llegar&#8221;","datePublished":"2024-09-19T23:19:48+00:00","dateModified":"2024-09-19T23:19:51+00:00","mainEntityOfPage":{"@id":"https:\/\/dataref.net\/ar\/diego-simeone-hablo-sobre-el-presente-de-julian-alvarez-en-atletico-madrid-los-goles-van-a-llegar\/"},"wordCount":336,"commentCount":0,"publisher":{"@id":"https:\/\/dataref.net\/ar\/#\/schema\/person\/cbb7c456fbc21183bdb2dc5bbb7d63b3"},"image":{"@id":"https:\/\/dataref.net\/ar\/diego-simeone-hablo-sobre-el-presente-de-julian-alvarez-en-atletico-madrid-los-goles-van-a-llegar\/#primaryimage"},"thumbnailUrl":"https:\/\/dataref.net\/ar\/wp-content\/uploads\/2024\/09\/IMG_1679.jpg","keywords":["Diego Simeone","Europa","Julian Alvarez","Selecci\u00f3n Argentina","UEFA Champions League"],"articleSection":["Europa"],"inLanguage":"es-AR","potentialAction":[{"@type":"CommentAction","name":"Comment","target":["https:\/\/dataref.net\/ar\/diego-simeone-hablo-sobre-el-presente-de-julian-alvarez-en-atletico-madrid-los-goles-van-a-llegar\/#respond"]}]},{"@type":"WebPage","@id":"https:\/\/dataref.net\/ar\/diego-simeone-hablo-sobre-el-presente-de-julian-alvarez-en-atletico-madrid-los-goles-van-a-llegar\/","url":"https:\/\/dataref.net\/ar\/diego-simeone-hablo-sobre-el-presente-de-julian-alvarez-en-atletico-madrid-los-goles-van-a-llegar\/","name":"Diego Simeone habl\u00f3 sobre el presente de Juli\u00e1n \u00c1lvarez en Atl\u00e9tico Madrid: \"los goles van a llegar\" - dataref Argentina","isPartOf":{"@id":"https:\/\/dataref.net\/ar\/#website"},"primaryImageOfPage":{"@id":"https:\/\/dataref.net\/ar\/diego-simeone-hablo-sobre-el-presente-de-julian-alvarez-en-atletico-madrid-los-goles-van-a-llegar\/#primaryimage"},"image":{"@id":"https:\/\/dataref.net\/ar\/diego-simeone-hablo-sobre-el-presente-de-julian-alvarez-en-atletico-madrid-los-goles-van-a-llegar\/#primaryimage"},"thumbnailUrl":"https:\/\/dataref.net\/ar\/wp-content\/uploads\/2024\/09\/IMG_1679.jpg","datePublished":"2024-09-19T23:19:48+00:00","dateModified":"2024-09-19T23:19:51+00:00","description":"En su debut en la Champions League 2024\/25, el Atl\u00e9tico Madrid logr\u00f3 una ag\u00f3nica victoria por 2-1 ante Leipzig en el Wanda Metropolitano. El equipo de Diego Simeone dio vuelta el marcador con goles de Antoine Griezmann y Jos\u00e9 Mar\u00eda Gim\u00e9nez, quien sentenci\u00f3 el partido sobre el final. Este triunfo dej\u00f3 al conjunto colchonero bien posicionado en su grupo.","breadcrumb":{"@id":"https:\/\/dataref.net\/ar\/diego-simeone-hablo-sobre-el-presente-de-julian-alvarez-en-atletico-madrid-los-goles-van-a-llegar\/#breadcrumb"},"inLanguage":"es-AR","potentialAction":[{"@type":"ReadAction","target":["https:\/\/dataref.net\/ar\/diego-simeone-hablo-sobre-el-presente-de-julian-alvarez-en-atletico-madrid-los-goles-van-a-llegar\/"]}]},{"@type":"ImageObject","inLanguage":"es-AR","@id":"https:\/\/dataref.net\/ar\/diego-simeone-hablo-sobre-el-presente-de-julian-alvarez-en-atletico-madrid-los-goles-van-a-llegar\/#primaryimage","url":"https:\/\/dataref.net\/ar\/wp-content\/uploads\/2024\/09\/IMG_1679.jpg","contentUrl":"https:\/\/dataref.net\/ar\/wp-content\/uploads\/2024\/09\/IMG_1679.jpg","width":800,"height":605},{"@type":"BreadcrumbList","@id":"https:\/\/dataref.net\/ar\/diego-simeone-hablo-sobre-el-presente-de-julian-alvarez-en-atletico-madrid-los-goles-van-a-llegar\/#breadcrumb","itemListElement":[{"@type":"ListItem","position":1,"name":"Home","item":"https:\/\/dataref.net\/ar\/"},{"@type":"ListItem","position":2,"name":"Diego Simeone habl\u00f3 sobre el presente de Juli\u00e1n \u00c1lvarez en Atl\u00e9tico Madrid: &#8220;los goles van a llegar&#8221;"}]},{"@type":"WebSite","@id":"https:\/\/dataref.net\/ar\/#website","url":"https:\/\/dataref.net\/ar\/","name":"dataref","description":"","publisher":{"@id":"https:\/\/dataref.net\/ar\/#\/schema\/person\/cbb7c456fbc21183bdb2dc5bbb7d63b3"},"potentialAction":[{"@type":"SearchAction","target":{"@type":"EntryPoint","urlTemplate":"https:\/\/dataref.net\/ar\/?s={search_term_string}"},"query-input":{"@type":"PropertyValueSpecification","valueRequired":true,"valueName":"search_term_string"}}],"inLanguage":"es-AR"},{"@type":["Person","Organization"],"@id":"https:\/\/dataref.net\/ar\/#\/schema\/person\/cbb7c456fbc21183bdb2dc5bbb7d63b3","name":"datarefNews","image":{"@type":"ImageObject","inLanguage":"es-AR","@id":"https:\/\/dataref.net\/ar\/#\/schema\/person\/image\/","url":"https:\/\/dataref.net\/ar\/wp-content\/uploads\/2023\/12\/cropped-cropped-dataref-logo-blanco.4d39855902e69a709381.png","contentUrl":"https:\/\/dataref.net\/ar\/wp-content\/uploads\/2023\/12\/cropped-cropped-dataref-logo-blanco.4d39855902e69a709381.png","width":1500,"height":428,"caption":"datarefNews"},"logo":{"@id":"https:\/\/dataref.net\/ar\/#\/schema\/person\/image\/"},"description":"Creador de noticias de Dataref","sameAs":["https:\/\/dataref.net\/ar","https:\/\/x.com\/dataref_ar"]},{"@type":"Person","@id":"https:\/\/dataref.net\/ar\/#\/schema\/person\/0161a0b3da94c7096c38099f9e3457f3","name":"Alejo Iwan","image":{"@type":"ImageObject","inLanguage":"es-AR","@id":"https:\/\/dataref.net\/ar\/#\/schema\/person\/image\/","url":"https:\/\/secure.gravatar.com\/avatar\/01b95f5f3fe097362da179ca9c91087bdefcc522d0782871a9fcbce2366dc139?s=96&d=mm&r=g","contentUrl":"https:\/\/secure.gravatar.com\/avatar\/01b95f5f3fe097362da179ca9c91087bdefcc522d0782871a9fcbce2366dc139?s=96&d=mm&r=g","caption":"Alejo Iwan"},"sameAs":["https:\/\/x.com\/alejoiwan"],"url":"https:\/\/dataref.net\/ar\/author\/alejo-iwan\/"}]}},"_links":{"self":[{"href":"https:\/\/dataref.net\/ar\/wp-json\/wp\/v2\/posts\/5344","targetHints":{"allow":["GET"]}}],"collection":[{"href":"https:\/\/dataref.net\/ar\/wp-json\/wp\/v2\/posts"}],"about":[{"href":"https:\/\/dataref.net\/ar\/wp-json\/wp\/v2\/types\/post"}],"author":[{"embeddable":true,"href":"https:\/\/dataref.net\/ar\/wp-json\/wp\/v2\/users\/2"}],"replies":[{"embeddable":true,"href":"https:\/\/dataref.net\/ar\/wp-json\/wp\/v2\/comments?post=5344"}],"version-history":[{"count":1,"href":"https:\/\/dataref.net\/ar\/wp-json\/wp\/v2\/posts\/5344\/revisions"}],"predecessor-version":[{"id":5349,"href":"https:\/\/dataref.net\/ar\/wp-json\/wp\/v2\/posts\/5344\/revisions\/5349"}],"wp:featuredmedia":[{"embeddable":true,"href":"https:\/\/dataref.net\/ar\/wp-json\/wp\/v2\/media\/5345"}],"wp:attachment":[{"href":"https:\/\/dataref.net\/ar\/wp-json\/wp\/v2\/media?parent=5344"}],"wp:term":[{"taxonomy":"category","embeddable":true,"href":"https:\/\/dataref.net\/ar\/wp-json\/wp\/v2\/categories?post=5344"},{"taxonomy":"post_tag","embeddable":true,"href":"https:\/\/dataref.net\/ar\/wp-json\/wp\/v2\/tags?post=5344"}],"curies":[{"name":"wp","href":"https:\/\/api.w.org\/{rel}","templated":true}]}}