{"id":25121,"date":"2026-08-21T14:34:57","date_gmt":"2026-08-21T17:34:57","guid":{"rendered":"https:\/\/dataref.net\/ar\/?p=25121"},"modified":"2026-08-21T14:36:59","modified_gmt":"2026-08-21T17:36:59","slug":"las-sanciones-que-recibira-la-seleccion-argentina-tras-los-altercados-en-la-final-del-mundial-2026-ante-espana","status":"publish","type":"post","link":"https:\/\/dataref.net\/ar\/las-sanciones-que-recibira-la-seleccion-argentina-tras-los-altercados-en-la-final-del-mundial-2026-ante-espana\/","title":{"rendered":"Las SANCIONES que recibir\u00e1 la Selecci\u00f3n Argentina tras los altercados en la Final del Mundial 2026 ante Espa\u00f1a"},"content":{"rendered":"\n<p class=\"wp-block-paragraph\"><strong>A poco m\u00e1s de un mes de la final del <a href=\"https:\/\/dataref.net\/ar\/tag\/mundial-2026\/\">Mundial 2026<\/a> entre <a href=\"https:\/\/dataref.net\/ar\/tag\/seleccion-argentina\/\">Argentina <\/a>y <a href=\"https:\/\/dataref.net\/ar\/tag\/seleccion-espana\/\">Espa\u00f1a<\/a>, la FIFA dio a conocer las sanciones econ\u00f3micas y deportivas por los incidentes ocurridos en Nueva Jersey.<\/strong><\/p>\n\n\n\n<p class=\"wp-block-paragraph\"><strong>Las determinaciones no s\u00f3lo responden a lo sucedido tras la final, sino tambi\u00e9n a distintos episodios del torneo, entre ellos la aparici\u00f3n de una bandera vinculada a las Islas Malvinas ante <a href=\"https:\/\/dataref.net\/ar\/tag\/seleccion-inglaterra\/\">Inglaterra<\/a>.<\/strong><\/p>\n\n\n\n<p class=\"wp-block-paragraph\"><strong>Sanciones para la Selecci\u00f3n Argentina:<\/strong><\/p>\n\n\n\n<p class=\"wp-block-paragraph\">\ud83d\udea8 <strong>10.000 D\u00d3LARES<\/strong> por la exhibici\u00f3n de la bandera de las Islas Malvinas y <strong>20.000 D\u00d3LARES<\/strong> por conducta inapropiada de los espectadores.<\/p>\n\n\n\n<p class=\"wp-block-paragraph\">\ud83d\udea8 <strong>100.000 D\u00d3LARES<\/strong> por c\u00e1nticos e insultos racistas, homof\u00f3bicos y discriminatorios por parte de los espectadores ante Cabo Verde, Egipto, Suiza, Inglaterra y Espa\u00f1a.<\/p>\n\n\n\n<p class=\"wp-block-paragraph\">\ud83d\udea8 <strong>91.000 D\u00d3LARES<\/strong> por el lanzamiento de objetos al campo ante Suiza e Inglaterra, el retraso del inicio del juego y el incumplimiento del protocolo de seguridad de la FIFA.<\/p>\n\n\n\n<p class=\"wp-block-paragraph\">\ud83d\udea8 <strong>50% de aforo<\/strong> en el pr\u00f3ximo partido como local de la Selecci\u00f3n Argentina.<\/p>\n\n\n\n<figure class=\"wp-block-embed is-type-rich is-provider-x wp-block-embed-x\"><div class=\"wp-block-embed__wrapper\">\n<blockquote class=\"twitter-tweet\" data-width=\"550\" data-dnt=\"true\"><p lang=\"es\" dir=\"ltr\">\ud83c\udde6\ud83c\uddf7 Estas son TODAS LAS SANCIONES que recibi\u00f3 la Selecci\u00f3n Argentina por parte de la Comisi\u00f3n Disciplinaria de la FIFA tras la Copa del Mundo 2026:<br><br>\ud83d\udea8 10.000 D\u00d3LARES por la exhibici\u00f3n de la bandera de las Islas Malvinas y 20.000 D\u00d3LARES por conducta inapropiada de los\u2026 <a href=\"https:\/\/t.co\/g6HySHDKHO\">pic.twitter.com\/g6HySHDKHO<\/a><\/p>&mdash; dataref (@dataref_ar) <a href=\"https:\/\/x.com\/dataref_ar\/status\/2090815253097353383?ref_src=twsrc%5Etfw\">August 21, 2026<\/a><\/blockquote><script async src=\"https:\/\/platform.x.com\/widgets.js\" charset=\"utf-8\"><\/script>\n<\/div><\/figure>\n\n\n\n<p class=\"wp-block-paragraph\"><strong>En cuanto a los futbolistas y miembros del cuerpo t\u00e9cnico, estas fueron las sanciones:<\/strong><\/p>\n\n\n\n<p class=\"wp-block-paragraph\">\ud83d\udea8 <strong>Leandro Paredes:<\/strong> 10 partidos de suspensi\u00f3n y <strong>90.000 D\u00d3LARES<\/strong>.<\/p>\n\n\n\n<p class=\"wp-block-paragraph\">\ud83d\udea8 <strong>Nahuel Molina:<\/strong> 7 partidos de suspensi\u00f3n y <strong>90.000 D\u00d3LARES<\/strong>.<\/p>\n\n\n\n<p class=\"wp-block-paragraph\">\ud83d\udea8 <strong>Roberto Ayala:<\/strong> 3 partidos de suspensi\u00f3n y <strong>30.000 D\u00d3LARES<\/strong>.<\/p>\n\n\n\n<p class=\"wp-block-paragraph\">\ud83d\udea8 <strong>Thiago Almada:<\/strong> 1 partido de suspensi\u00f3n y <strong>30.000 D\u00d3LARES<\/strong>.<\/p>\n\n\n\n<p class=\"wp-block-paragraph\">De esta manera, el Mundial 2026 sigue dejando consecuencias para la Albiceleste, con fuertes multas econ\u00f3micas y sanciones deportivas que condicionar\u00e1n sus pr\u00f3ximos compromisos.<\/p>\n\n\n\n<h2 class=\"wp-block-heading\">\u00bfQu\u00e9 dijo la AFA luego de estas sanciones por parte de la FIFA?<\/h2>\n\n\n\n<p class=\"wp-block-paragraph\"><strong>Al momento de la redacci\u00f3n de esta nota, la Asociaci\u00f3n del F\u00fatbol Argentino no se ha pronunciado acerca de las sanciones de la FIFA para la Selecci\u00f3n Argentina luego del Mundial 2026<\/strong>.<\/p>\n\n\n\n<figure class=\"wp-block-embed is-type-video is-provider-youtube wp-block-embed-youtube wp-embed-aspect-16-9 wp-has-aspect-ratio\"><div class=\"wp-block-embed__wrapper\">\n<iframe title=\"ESPA\u00d1A VENCI\u00d3 A ARGENTINA Y CONSIGUI\u00d3 SU SEGUNDA ESTRELLA | Espa\u00f1a 1-0 Argentina | RESUMEN | M104\" width=\"800\" height=\"450\" src=\"https:\/\/www.youtube.com\/embed\/6CTMAuxbkNM?feature=oembed\" frameborder=\"0\" allow=\"accelerometer; autoplay; clipboard-write; encrypted-media; gyroscope; picture-in-picture; web-share\" referrerpolicy=\"strict-origin-when-cross-origin\" allowfullscreen><\/iframe>\n<\/div><\/figure>\n<div class=\"ays-arp-under-posts-container ays-arp-classy-layout \" id=\"ays-arp-under-posts-container-25121-6a9c5324b3abf\"  data-id=\"6a9c5324b3abf\" data-ratio=\"0.75\"><h2 class=\"ays-arp-under-posts-container-title\">Noticias relacionadas<\/h2><input type=\"hidden\" name=\"ays-arp-id-6a9c5324b3abf\" value=\"25121\"><div class=\"ays-arp-under-posts\"><div class=\"ays-arp-under-post\"><div class=\"ays-arp-under-post-header\"><div class=\"ays-arp-under-post-img-row\"><a href=\"https:\/\/dataref.net\/ar\/faltaba-el-otro-zaguero-el-gol-de-cuti-romero-para-el-3-2-de-argentina-ante-cabo-verde\/\" class=\"ays-arp-under-post-link\"  ><img src=\"https:\/\/dataref.net\/ar\/wp-content\/uploads\/2026\/07\/2284555411_f-768x461.jpg\" alt=\"\" class=\"ays-arp-under-post-img\"><img src=\"https:\/\/dataref.net\/ar\/wp-content\/uploads\/2026\/07\/2284555411_f-768x461.jpg\" alt=\"\" class=\"ays-arp-under-post-img ays-arp-under-post-img-mobile\"><span class=\"ays-arp-under-post-overlay-box\"><\/span><\/a><div class=\"ays-arp-under-post-title-row\"><div class=\"ays-arp-under-post-title\"><a href=\"https:\/\/dataref.net\/ar\/faltaba-el-otro-zaguero-el-gol-de-cuti-romero-para-el-3-2-de-argentina-ante-cabo-verde\/\" class=\"ays-arp-under-post-link\"  >\u00a1FALTABA EL OTRO ZAGUERO! El gol de...<\/a><\/div><\/div><\/div><\/div><div class=\"ays-arp-under-post-content\"><div class=\"ays-arp-under-post-excerpt-row\"><span class=\"ays-arp-under-post-excerpt\">\nA los 6 minutos del segundo tiempo del alargue, la...<\/span><\/div><\/div><\/div><div class=\"ays-arp-under-post\"><div class=\"ays-arp-under-post-header\"><div class=\"ays-arp-under-post-img-row\"><a href=\"https:\/\/dataref.net\/ar\/para-volver-a-respirar-el-golazo-de-lisandro-martinez-para-el-2-1-de-argentina-ante-cabo-verde\/\" class=\"ays-arp-under-post-link\"  ><img src=\"https:\/\/dataref.net\/ar\/wp-content\/uploads\/2026\/07\/2284553397_f-768x461.jpg\" alt=\"\" class=\"ays-arp-under-post-img\"><img src=\"https:\/\/dataref.net\/ar\/wp-content\/uploads\/2026\/07\/2284553397_f-768x461.jpg\" alt=\"\" class=\"ays-arp-under-post-img ays-arp-under-post-img-mobile\"><span class=\"ays-arp-under-post-overlay-box\"><\/span><\/a><div class=\"ays-arp-under-post-title-row\"><div class=\"ays-arp-under-post-title\"><a href=\"https:\/\/dataref.net\/ar\/para-volver-a-respirar-el-golazo-de-lisandro-martinez-para-el-2-1-de-argentina-ante-cabo-verde\/\" class=\"ays-arp-under-post-link\"  >\u00a1PARA VOLVER A RESPIRAR! El GOLAZO de...<\/a><\/div><\/div><\/div><\/div><div class=\"ays-arp-under-post-content\"><div class=\"ays-arp-under-post-excerpt-row\"><span class=\"ays-arp-under-post-excerpt\">\nLa Selecci\u00f3n Argentina de Lionel Scaloni vuelve a ponerse en...<\/span><\/div><\/div><\/div><div class=\"ays-arp-under-post\"><div class=\"ays-arp-under-post-header\"><div class=\"ays-arp-under-post-img-row\"><a href=\"https:\/\/dataref.net\/ar\/descuenta-jordania-el-golazo-de-moussa-al-tamari-ante-argentina-en-el-mundial-2026\/\" class=\"ays-arp-under-post-link\"  ><img src=\"https:\/\/dataref.net\/ar\/wp-content\/uploads\/2026\/06\/2283648704_f-768x461.jpg\" alt=\"\" class=\"ays-arp-under-post-img\"><img src=\"https:\/\/dataref.net\/ar\/wp-content\/uploads\/2026\/06\/2283648704_f-768x461.jpg\" alt=\"\" class=\"ays-arp-under-post-img ays-arp-under-post-img-mobile\"><span class=\"ays-arp-under-post-overlay-box\"><\/span><\/a><div class=\"ays-arp-under-post-title-row\"><div class=\"ays-arp-under-post-title\"><a href=\"https:\/\/dataref.net\/ar\/descuenta-jordania-el-golazo-de-moussa-al-tamari-ante-argentina-en-el-mundial-2026\/\" class=\"ays-arp-under-post-link\"  >\u00a1DESCUENTA JORDANIA! El GOLAZO de Moussa Al-Tamari...<\/a><\/div><\/div><\/div><\/div><div class=\"ays-arp-under-post-content\"><div class=\"ays-arp-under-post-excerpt-row\"><span class=\"ays-arp-under-post-excerpt\">\nA los 10 minutos de la segunda parte, la Selecci\u00f3n...<\/span><\/div><\/div><\/div><\/div><style type=\"text\/css\">\n            #ays-arp-under-posts-container-25121-6a9c5324b3abf {\n                width: 100%;\n                word-break: break-word;\n            }\n\n            #ays-arp-under-posts-container-25121-6a9c5324b3abf .ays-arp-under-post {\n                width: calc(33% - 10px);\n                padding: 10px;\n                border: none;\n            }\n\n            #ays-arp-under-posts-container-25121-6a9c5324b3abf .ays-arp-under-post-img-row .ays-arp-under-post-img {\n\t\t\t    object-fit: contain;\n\t\t\t    object-position:center center;\n                border: unset;\n                padding: unset;\n                border-radius: 0px;\n                height: 100%\n            }\n\n            #ays-arp-under-posts-container-25121-6a9c5324b3abf .ays-arp-under-posts-container-title,\n            #ays-arp-under-posts-container-25121-6a9c5324b3abf .ays-arp-under-post-title  .ays-arp-under-post-link,\n            #ays-arp-under-posts-container-25121-6a9c5324b3abf .ays-arp-under-post-excerpt-row {\n                color: #333333;\n            }\n\n            #ays-arp-under-posts-container-25121-6a9c5324b3abf  .ays-arp-under-posts  .ays-arp-under-post {\n                background-color: rgba(255,255,255,0);\n            }\n\n            #ays-arp-under-posts-container-25121-6a9c5324b3abf  .ays-arp-under-posts  .ays-arp-under-post:hover {\n                background-color: rgba(255,255,255,0);\n            }\n\n            #ays-arp-under-posts-container-25121-6a9c5324b3abf .ays-arp-under-post-title,\n            #ays-arp-under-posts-container-25121-6a9c5324b3abf .ays-arp-under-post-link {\n                line-height: 1.5;\n            }\n\n            #ays-arp-under-posts-container-25121-6a9c5324b3abf .ays-arp-under-post-title a{\n                font-size: 12px;\n            }\n\n            #ays-arp-under-posts-container-25121-6a9c5324b3abf .ays-arp-under-post-date-author-row {\n                color: rgba(51,51,51,0.7);\n            }\n\n            #ays-arp-under-posts-container-25121-6a9c5324b3abf .ays-arp-under-posts a:active,\n            #ays-arp-under-posts-container-25121-6a9c5324b3abf .ays-arp-under-posts a:hover,\n            #ays-arp-under-posts-container-25121-6a9c5324b3abf .ays-arp-under-posts a:focus,\n            #ays-arp-under-posts-container-25121-6a9c5324b3abf .ays-arp-under-posts a {\n                text-decoration: unset;\n                cursor: pointer;\n                outline: unset;\n                text-decoration-skip-ink: none;\n                background: unset;\n                opacity: 1;\n            }\n\n            #ays-arp-under-posts-container-25121-6a9c5324b3abf .ays-arp-under-post-img-row .ays-arp-under-post-img.ays-arp-under-post-img-mobile {\n                display: none;                    \n            }\n\n            @media screen and (max-width: 768px){\n\n                #ays-arp-under-posts-container-25121-6a9c5324b3abf .ays-arp-under-post-img-row .ays-arp-under-post-img {\n                    object-fit: contain;\n                    display: none;                    \n                }\n\n                #ays-arp-under-posts-container-25121-6a9c5324b3abf .ays-arp-under-post-img-row .ays-arp-under-post-img.ays-arp-under-post-img-mobile {\n                    display: inline-block;                    \n                }\n\n                #ays-arp-under-posts-container-25121-6a9c5324b3abf .ays-arp-under-post-title a{\n                    font-size: 12px;\n                }\n\n                #ays-arp-under-posts-container-25121-6a9c5324b3abf .ays-arp-under-post {\n                    width: calc(33% - 10px);\n                    border: none;\n                }\n\n                #ays-arp-under-posts-container-25121-6a9c5324b3abf .ays-arp-under-posts-container-title,\n                #ays-arp-under-posts-container-25121-6a9c5324b3abf .ays-arp-under-post-title  .ays-arp-under-post-link,\n                #ays-arp-under-posts-container-25121-6a9c5324b3abf .ays-arp-under-post-excerpt-row {\n                    color: #333;\n                }\n\n                #ays-arp-under-posts-container-25121-6a9c5324b3abf .ays-arp-under-post-date-author-row {\n                    color: rgba(51,51,51,0.7);\n                }\n\n                #ays-arp-under-posts-container-25121-6a9c5324b3abf  .ays-arp-under-posts  .ays-arp-under-post {\n                    background-color: rgba(255,255,255,0);\n                }\n            }\n\n            \n            \/* Layout CSS *\/\n            #ays-arp-under-posts-container-25121-6a9c5324b3abf.ays-arp-classy-layout .ays-arp-under-post-date-author-row {\n                \/*border-bottom: 0.5px solid rgba(51,51,51,0.4);*\/\n                border: unset;\n            }\n\n            #ays-arp-under-posts-container-25121-6a9c5324b3abf.ays-arp-classy-layout .ays-arp-under-post {\n                padding: 0;\n                \/*border: 0.5px solid rgb(236 237 241);*\/\n                border-radius: 0px;\n                overflow:hidden;\n            }\n\n            #ays-arp-under-posts-container-25121-6a9c5324b3abf.ays-arp-classy-layout .ays-arp-under-post-content {\n                padding: 10px;\n            }\n\n            #ays-arp-under-posts-container-25121-6a9c5324b3abf.ays-arp-classy-layout .ays-arp-under-post-img-row,\n            #ays-arp-under-posts-container-25121-6a9c5324b3abf.ays-arp-classy-layout .ays-arp-under-post-img-row img {\n                border-radius: 0px;\n            }\n\n            #ays-arp-under-posts-container-25121-6a9c5324b3abf.ays-arp-classy-layout .ays-arp-under-post-link {\n                color: #fff;\n            }\n            \n            <\/style><\/div>","protected":false},"excerpt":{"rendered":"<p>A poco m\u00e1s de un mes de la final del Mundial 2026 entre Argentina y Espa\u00f1a, la FIFA dio a conocer las sanciones econ\u00f3micas y deportivas por los incidentes ocurridos en Nueva Jersey. Las determinaciones no s\u00f3lo responden a lo sucedido tras la final, sino tambi\u00e9n a distintos episodios del torneo, entre ellos la aparici\u00f3n [&hellip;]<\/p>\n","protected":false},"author":5,"featured_media":25122,"comment_status":"open","ping_status":"open","sticky":false,"template":"","format":"standard","meta":{"_acf_changed":false,"footnotes":""},"categories":[81],"tags":[1361,216,373,389],"class_list":["post-25121","post","type-post","status-publish","format-standard","has-post-thumbnail","hentry","category-seleccion-argentina","tag-mundial-2026","tag-seleccion-argentina","tag-seleccion-espana","tag-seleccion-inglaterra"],"acf":[],"yoast_head":"<!-- This site is optimized with the Yoast SEO Premium plugin v27.6.1 (Yoast SEO v26.9) - https:\/\/yoast.com\/product\/yoast-seo-premium-wordpress\/ -->\n<title>Las SANCIONES que recibir\u00e1 la Selecci\u00f3n Argentina tras los altercados en la Final del Mundial 2026 ante Espa\u00f1a - dataref Argentina<\/title>\n<meta name=\"robots\" content=\"index, follow, max-snippet:-1, max-image-preview:large, max-video-preview:-1\" \/>\n<link rel=\"canonical\" href=\"https:\/\/dataref.net\/ar\/las-sanciones-que-recibira-la-seleccion-argentina-tras-los-altercados-en-la-final-del-mundial-2026-ante-espana\/\" \/>\n<meta property=\"og:locale\" content=\"es_ES\" \/>\n<meta property=\"og:type\" content=\"article\" \/>\n<meta property=\"og:title\" content=\"Las SANCIONES que recibir\u00e1 la Selecci\u00f3n Argentina tras los altercados en la Final del Mundial 2026 ante Espa\u00f1a - dataref Argentina\" \/>\n<meta property=\"og:description\" content=\"A poco m\u00e1s de un mes de la final del Mundial 2026 entre Argentina y Espa\u00f1a, la FIFA dio a conocer las sanciones econ\u00f3micas y deportivas por los incidentes ocurridos en Nueva Jersey. Las determinaciones no s\u00f3lo responden a lo sucedido tras la final, sino tambi\u00e9n a distintos episodios del torneo, entre ellos la aparici\u00f3n [&hellip;]\" \/>\n<meta property=\"og:url\" content=\"https:\/\/dataref.net\/ar\/las-sanciones-que-recibira-la-seleccion-argentina-tras-los-altercados-en-la-final-del-mundial-2026-ante-espana\/\" \/>\n<meta property=\"og:site_name\" content=\"dataref Argentina\" \/>\n<meta property=\"article:published_time\" content=\"2026-08-21T17:34:57+00:00\" \/>\n<meta property=\"article:modified_time\" content=\"2026-08-21T17:36:59+00:00\" \/>\n<meta property=\"og:image\" content=\"https:\/\/dataref.net\/ar\/wp-content\/uploads\/2026\/08\/2286422408_f.jpg\" \/>\n\t<meta property=\"og:image:width\" content=\"800\" \/>\n\t<meta property=\"og:image:height\" content=\"480\" \/>\n\t<meta property=\"og:image:type\" content=\"image\/jpeg\" \/>\n<meta name=\"author\" content=\"Pablo Torrado\" \/>\n<meta name=\"twitter:card\" content=\"summary_large_image\" \/>\n<meta name=\"twitter:creator\" content=\"@pablotorrado1\" \/>\n<meta name=\"twitter:site\" content=\"@dataref_ar\" \/>\n<meta name=\"twitter:label1\" content=\"Escrito por\" \/>\n\t<meta name=\"twitter:data1\" content=\"Pablo Torrado\" \/>\n\t<meta name=\"twitter:label2\" content=\"Tiempo de lectura\" \/>\n\t<meta name=\"twitter:data2\" content=\"2 minutos\" \/>\n<script type=\"application\/ld+json\" class=\"yoast-schema-graph\">{\"@context\":\"https:\/\/schema.org\",\"@graph\":[{\"@type\":\"Article\",\"@id\":\"https:\/\/dataref.net\/ar\/las-sanciones-que-recibira-la-seleccion-argentina-tras-los-altercados-en-la-final-del-mundial-2026-ante-espana\/#article\",\"isPartOf\":{\"@id\":\"https:\/\/dataref.net\/ar\/las-sanciones-que-recibira-la-seleccion-argentina-tras-los-altercados-en-la-final-del-mundial-2026-ante-espana\/\"},\"author\":{\"name\":\"Pablo Torrado\",\"@id\":\"https:\/\/dataref.net\/ar\/#\/schema\/person\/7d31a734ed991d8bf9a0241e4ee582b0\"},\"headline\":\"Las SANCIONES que recibir\u00e1 la Selecci\u00f3n Argentina tras los altercados en la Final del Mundial 2026 ante Espa\u00f1a\",\"datePublished\":\"2026-08-21T17:34:57+00:00\",\"dateModified\":\"2026-08-21T17:36:59+00:00\",\"mainEntityOfPage\":{\"@id\":\"https:\/\/dataref.net\/ar\/las-sanciones-que-recibira-la-seleccion-argentina-tras-los-altercados-en-la-final-del-mundial-2026-ante-espana\/\"},\"wordCount\":329,\"commentCount\":0,\"publisher\":{\"@id\":\"https:\/\/dataref.net\/ar\/#\/schema\/person\/cbb7c456fbc21183bdb2dc5bbb7d63b3\"},\"image\":{\"@id\":\"https:\/\/dataref.net\/ar\/las-sanciones-que-recibira-la-seleccion-argentina-tras-los-altercados-en-la-final-del-mundial-2026-ante-espana\/#primaryimage\"},\"thumbnailUrl\":\"https:\/\/dataref.net\/ar\/wp-content\/uploads\/2026\/08\/2286422408_f.jpg\",\"keywords\":[\"Mundial 2026\",\"Selecci\u00f3n Argentina\",\"Selecci\u00f3n Espa\u00f1a\",\"Selecci\u00f3n Inglaterra\"],\"articleSection\":[\"Selecci\u00f3n Argentina\"],\"inLanguage\":\"es-AR\",\"potentialAction\":[{\"@type\":\"CommentAction\",\"name\":\"Comment\",\"target\":[\"https:\/\/dataref.net\/ar\/las-sanciones-que-recibira-la-seleccion-argentina-tras-los-altercados-en-la-final-del-mundial-2026-ante-espana\/#respond\"]}]},{\"@type\":\"WebPage\",\"@id\":\"https:\/\/dataref.net\/ar\/las-sanciones-que-recibira-la-seleccion-argentina-tras-los-altercados-en-la-final-del-mundial-2026-ante-espana\/\",\"url\":\"https:\/\/dataref.net\/ar\/las-sanciones-que-recibira-la-seleccion-argentina-tras-los-altercados-en-la-final-del-mundial-2026-ante-espana\/\",\"name\":\"Las SANCIONES que recibir\u00e1 la Selecci\u00f3n Argentina tras los altercados en la Final del Mundial 2026 ante Espa\u00f1a - dataref Argentina\",\"isPartOf\":{\"@id\":\"https:\/\/dataref.net\/ar\/#website\"},\"primaryImageOfPage\":{\"@id\":\"https:\/\/dataref.net\/ar\/las-sanciones-que-recibira-la-seleccion-argentina-tras-los-altercados-en-la-final-del-mundial-2026-ante-espana\/#primaryimage\"},\"image\":{\"@id\":\"https:\/\/dataref.net\/ar\/las-sanciones-que-recibira-la-seleccion-argentina-tras-los-altercados-en-la-final-del-mundial-2026-ante-espana\/#primaryimage\"},\"thumbnailUrl\":\"https:\/\/dataref.net\/ar\/wp-content\/uploads\/2026\/08\/2286422408_f.jpg\",\"datePublished\":\"2026-08-21T17:34:57+00:00\",\"dateModified\":\"2026-08-21T17:36:59+00:00\",\"breadcrumb\":{\"@id\":\"https:\/\/dataref.net\/ar\/las-sanciones-que-recibira-la-seleccion-argentina-tras-los-altercados-en-la-final-del-mundial-2026-ante-espana\/#breadcrumb\"},\"inLanguage\":\"es-AR\",\"potentialAction\":[{\"@type\":\"ReadAction\",\"target\":[\"https:\/\/dataref.net\/ar\/las-sanciones-que-recibira-la-seleccion-argentina-tras-los-altercados-en-la-final-del-mundial-2026-ante-espana\/\"]}]},{\"@type\":\"ImageObject\",\"inLanguage\":\"es-AR\",\"@id\":\"https:\/\/dataref.net\/ar\/las-sanciones-que-recibira-la-seleccion-argentina-tras-los-altercados-en-la-final-del-mundial-2026-ante-espana\/#primaryimage\",\"url\":\"https:\/\/dataref.net\/ar\/wp-content\/uploads\/2026\/08\/2286422408_f.jpg\",\"contentUrl\":\"https:\/\/dataref.net\/ar\/wp-content\/uploads\/2026\/08\/2286422408_f.jpg\",\"width\":800,\"height\":480},{\"@type\":\"BreadcrumbList\",\"@id\":\"https:\/\/dataref.net\/ar\/las-sanciones-que-recibira-la-seleccion-argentina-tras-los-altercados-en-la-final-del-mundial-2026-ante-espana\/#breadcrumb\",\"itemListElement\":[{\"@type\":\"ListItem\",\"position\":1,\"name\":\"Home\",\"item\":\"https:\/\/dataref.net\/ar\/\"},{\"@type\":\"ListItem\",\"position\":2,\"name\":\"Las SANCIONES que recibir\u00e1 la Selecci\u00f3n Argentina tras los altercados en la Final del Mundial 2026 ante Espa\u00f1a\"}]},{\"@type\":\"WebSite\",\"@id\":\"https:\/\/dataref.net\/ar\/#website\",\"url\":\"https:\/\/dataref.net\/ar\/\",\"name\":\"dataref\",\"description\":\"\",\"publisher\":{\"@id\":\"https:\/\/dataref.net\/ar\/#\/schema\/person\/cbb7c456fbc21183bdb2dc5bbb7d63b3\"},\"potentialAction\":[{\"@type\":\"SearchAction\",\"target\":{\"@type\":\"EntryPoint\",\"urlTemplate\":\"https:\/\/dataref.net\/ar\/?s={search_term_string}\"},\"query-input\":{\"@type\":\"PropertyValueSpecification\",\"valueRequired\":true,\"valueName\":\"search_term_string\"}}],\"inLanguage\":\"es-AR\"},{\"@type\":[\"Person\",\"Organization\"],\"@id\":\"https:\/\/dataref.net\/ar\/#\/schema\/person\/cbb7c456fbc21183bdb2dc5bbb7d63b3\",\"name\":\"datarefNews\",\"image\":{\"@type\":\"ImageObject\",\"inLanguage\":\"es-AR\",\"@id\":\"https:\/\/dataref.net\/ar\/#\/schema\/person\/image\/\",\"url\":\"https:\/\/dataref.net\/ar\/wp-content\/uploads\/2023\/12\/cropped-cropped-dataref-logo-blanco.4d39855902e69a709381.png\",\"contentUrl\":\"https:\/\/dataref.net\/ar\/wp-content\/uploads\/2023\/12\/cropped-cropped-dataref-logo-blanco.4d39855902e69a709381.png\",\"width\":1500,\"height\":428,\"caption\":\"datarefNews\"},\"logo\":{\"@id\":\"https:\/\/dataref.net\/ar\/#\/schema\/person\/image\/\"},\"description\":\"Creador de noticias de Dataref\",\"sameAs\":[\"https:\/\/dataref.net\/ar\",\"https:\/\/x.com\/dataref_ar\"]},{\"@type\":\"Person\",\"@id\":\"https:\/\/dataref.net\/ar\/#\/schema\/person\/7d31a734ed991d8bf9a0241e4ee582b0\",\"name\":\"Pablo Torrado\",\"image\":{\"@type\":\"ImageObject\",\"inLanguage\":\"es-AR\",\"@id\":\"https:\/\/dataref.net\/ar\/#\/schema\/person\/image\/\",\"url\":\"https:\/\/secure.gravatar.com\/avatar\/ed11bc43a7be13565747f5ca3e52c4370764d399e7436984d84006b7df2a58a6?s=96&d=mm&r=g\",\"contentUrl\":\"https:\/\/secure.gravatar.com\/avatar\/ed11bc43a7be13565747f5ca3e52c4370764d399e7436984d84006b7df2a58a6?s=96&d=mm&r=g\",\"caption\":\"Pablo Torrado\"},\"sameAs\":[\"https:\/\/x.com\/pablotorrado1\"],\"url\":\"https:\/\/dataref.net\/ar\/author\/ptorrado\/\"}]}<\/script>\n<!-- \/ Yoast SEO Premium plugin. -->","yoast_head_json":{"title":"Las SANCIONES que recibir\u00e1 la Selecci\u00f3n Argentina tras los altercados en la Final del Mundial 2026 ante Espa\u00f1a - dataref Argentina","robots":{"index":"index","follow":"follow","max-snippet":"max-snippet:-1","max-image-preview":"max-image-preview:large","max-video-preview":"max-video-preview:-1"},"canonical":"https:\/\/dataref.net\/ar\/las-sanciones-que-recibira-la-seleccion-argentina-tras-los-altercados-en-la-final-del-mundial-2026-ante-espana\/","og_locale":"es_ES","og_type":"article","og_title":"Las SANCIONES que recibir\u00e1 la Selecci\u00f3n Argentina tras los altercados en la Final del Mundial 2026 ante Espa\u00f1a - dataref Argentina","og_description":"A poco m\u00e1s de un mes de la final del Mundial 2026 entre Argentina y Espa\u00f1a, la FIFA dio a conocer las sanciones econ\u00f3micas y deportivas por los incidentes ocurridos en Nueva Jersey. Las determinaciones no s\u00f3lo responden a lo sucedido tras la final, sino tambi\u00e9n a distintos episodios del torneo, entre ellos la aparici\u00f3n [&hellip;]","og_url":"https:\/\/dataref.net\/ar\/las-sanciones-que-recibira-la-seleccion-argentina-tras-los-altercados-en-la-final-del-mundial-2026-ante-espana\/","og_site_name":"dataref Argentina","article_published_time":"2026-08-21T17:34:57+00:00","article_modified_time":"2026-08-21T17:36:59+00:00","og_image":[{"width":800,"height":480,"url":"https:\/\/dataref.net\/ar\/wp-content\/uploads\/2026\/08\/2286422408_f.jpg","type":"image\/jpeg"}],"author":"Pablo Torrado","twitter_card":"summary_large_image","twitter_creator":"@pablotorrado1","twitter_site":"@dataref_ar","twitter_misc":{"Escrito por":"Pablo Torrado","Tiempo de lectura":"2 minutos"},"schema":{"@context":"https:\/\/schema.org","@graph":[{"@type":"Article","@id":"https:\/\/dataref.net\/ar\/las-sanciones-que-recibira-la-seleccion-argentina-tras-los-altercados-en-la-final-del-mundial-2026-ante-espana\/#article","isPartOf":{"@id":"https:\/\/dataref.net\/ar\/las-sanciones-que-recibira-la-seleccion-argentina-tras-los-altercados-en-la-final-del-mundial-2026-ante-espana\/"},"author":{"name":"Pablo Torrado","@id":"https:\/\/dataref.net\/ar\/#\/schema\/person\/7d31a734ed991d8bf9a0241e4ee582b0"},"headline":"Las SANCIONES que recibir\u00e1 la Selecci\u00f3n Argentina tras los altercados en la Final del Mundial 2026 ante Espa\u00f1a","datePublished":"2026-08-21T17:34:57+00:00","dateModified":"2026-08-21T17:36:59+00:00","mainEntityOfPage":{"@id":"https:\/\/dataref.net\/ar\/las-sanciones-que-recibira-la-seleccion-argentina-tras-los-altercados-en-la-final-del-mundial-2026-ante-espana\/"},"wordCount":329,"commentCount":0,"publisher":{"@id":"https:\/\/dataref.net\/ar\/#\/schema\/person\/cbb7c456fbc21183bdb2dc5bbb7d63b3"},"image":{"@id":"https:\/\/dataref.net\/ar\/las-sanciones-que-recibira-la-seleccion-argentina-tras-los-altercados-en-la-final-del-mundial-2026-ante-espana\/#primaryimage"},"thumbnailUrl":"https:\/\/dataref.net\/ar\/wp-content\/uploads\/2026\/08\/2286422408_f.jpg","keywords":["Mundial 2026","Selecci\u00f3n Argentina","Selecci\u00f3n Espa\u00f1a","Selecci\u00f3n Inglaterra"],"articleSection":["Selecci\u00f3n Argentina"],"inLanguage":"es-AR","potentialAction":[{"@type":"CommentAction","name":"Comment","target":["https:\/\/dataref.net\/ar\/las-sanciones-que-recibira-la-seleccion-argentina-tras-los-altercados-en-la-final-del-mundial-2026-ante-espana\/#respond"]}]},{"@type":"WebPage","@id":"https:\/\/dataref.net\/ar\/las-sanciones-que-recibira-la-seleccion-argentina-tras-los-altercados-en-la-final-del-mundial-2026-ante-espana\/","url":"https:\/\/dataref.net\/ar\/las-sanciones-que-recibira-la-seleccion-argentina-tras-los-altercados-en-la-final-del-mundial-2026-ante-espana\/","name":"Las SANCIONES que recibir\u00e1 la Selecci\u00f3n Argentina tras los altercados en la Final del Mundial 2026 ante Espa\u00f1a - dataref Argentina","isPartOf":{"@id":"https:\/\/dataref.net\/ar\/#website"},"primaryImageOfPage":{"@id":"https:\/\/dataref.net\/ar\/las-sanciones-que-recibira-la-seleccion-argentina-tras-los-altercados-en-la-final-del-mundial-2026-ante-espana\/#primaryimage"},"image":{"@id":"https:\/\/dataref.net\/ar\/las-sanciones-que-recibira-la-seleccion-argentina-tras-los-altercados-en-la-final-del-mundial-2026-ante-espana\/#primaryimage"},"thumbnailUrl":"https:\/\/dataref.net\/ar\/wp-content\/uploads\/2026\/08\/2286422408_f.jpg","datePublished":"2026-08-21T17:34:57+00:00","dateModified":"2026-08-21T17:36:59+00:00","breadcrumb":{"@id":"https:\/\/dataref.net\/ar\/las-sanciones-que-recibira-la-seleccion-argentina-tras-los-altercados-en-la-final-del-mundial-2026-ante-espana\/#breadcrumb"},"inLanguage":"es-AR","potentialAction":[{"@type":"ReadAction","target":["https:\/\/dataref.net\/ar\/las-sanciones-que-recibira-la-seleccion-argentina-tras-los-altercados-en-la-final-del-mundial-2026-ante-espana\/"]}]},{"@type":"ImageObject","inLanguage":"es-AR","@id":"https:\/\/dataref.net\/ar\/las-sanciones-que-recibira-la-seleccion-argentina-tras-los-altercados-en-la-final-del-mundial-2026-ante-espana\/#primaryimage","url":"https:\/\/dataref.net\/ar\/wp-content\/uploads\/2026\/08\/2286422408_f.jpg","contentUrl":"https:\/\/dataref.net\/ar\/wp-content\/uploads\/2026\/08\/2286422408_f.jpg","width":800,"height":480},{"@type":"BreadcrumbList","@id":"https:\/\/dataref.net\/ar\/las-sanciones-que-recibira-la-seleccion-argentina-tras-los-altercados-en-la-final-del-mundial-2026-ante-espana\/#breadcrumb","itemListElement":[{"@type":"ListItem","position":1,"name":"Home","item":"https:\/\/dataref.net\/ar\/"},{"@type":"ListItem","position":2,"name":"Las SANCIONES que recibir\u00e1 la Selecci\u00f3n Argentina tras los altercados en la Final del Mundial 2026 ante Espa\u00f1a"}]},{"@type":"WebSite","@id":"https:\/\/dataref.net\/ar\/#website","url":"https:\/\/dataref.net\/ar\/","name":"dataref","description":"","publisher":{"@id":"https:\/\/dataref.net\/ar\/#\/schema\/person\/cbb7c456fbc21183bdb2dc5bbb7d63b3"},"potentialAction":[{"@type":"SearchAction","target":{"@type":"EntryPoint","urlTemplate":"https:\/\/dataref.net\/ar\/?s={search_term_string}"},"query-input":{"@type":"PropertyValueSpecification","valueRequired":true,"valueName":"search_term_string"}}],"inLanguage":"es-AR"},{"@type":["Person","Organization"],"@id":"https:\/\/dataref.net\/ar\/#\/schema\/person\/cbb7c456fbc21183bdb2dc5bbb7d63b3","name":"datarefNews","image":{"@type":"ImageObject","inLanguage":"es-AR","@id":"https:\/\/dataref.net\/ar\/#\/schema\/person\/image\/","url":"https:\/\/dataref.net\/ar\/wp-content\/uploads\/2023\/12\/cropped-cropped-dataref-logo-blanco.4d39855902e69a709381.png","contentUrl":"https:\/\/dataref.net\/ar\/wp-content\/uploads\/2023\/12\/cropped-cropped-dataref-logo-blanco.4d39855902e69a709381.png","width":1500,"height":428,"caption":"datarefNews"},"logo":{"@id":"https:\/\/dataref.net\/ar\/#\/schema\/person\/image\/"},"description":"Creador de noticias de Dataref","sameAs":["https:\/\/dataref.net\/ar","https:\/\/x.com\/dataref_ar"]},{"@type":"Person","@id":"https:\/\/dataref.net\/ar\/#\/schema\/person\/7d31a734ed991d8bf9a0241e4ee582b0","name":"Pablo Torrado","image":{"@type":"ImageObject","inLanguage":"es-AR","@id":"https:\/\/dataref.net\/ar\/#\/schema\/person\/image\/","url":"https:\/\/secure.gravatar.com\/avatar\/ed11bc43a7be13565747f5ca3e52c4370764d399e7436984d84006b7df2a58a6?s=96&d=mm&r=g","contentUrl":"https:\/\/secure.gravatar.com\/avatar\/ed11bc43a7be13565747f5ca3e52c4370764d399e7436984d84006b7df2a58a6?s=96&d=mm&r=g","caption":"Pablo Torrado"},"sameAs":["https:\/\/x.com\/pablotorrado1"],"url":"https:\/\/dataref.net\/ar\/author\/ptorrado\/"}]}},"_links":{"self":[{"href":"https:\/\/dataref.net\/ar\/wp-json\/wp\/v2\/posts\/25121","targetHints":{"allow":["GET"]}}],"collection":[{"href":"https:\/\/dataref.net\/ar\/wp-json\/wp\/v2\/posts"}],"about":[{"href":"https:\/\/dataref.net\/ar\/wp-json\/wp\/v2\/types\/post"}],"author":[{"embeddable":true,"href":"https:\/\/dataref.net\/ar\/wp-json\/wp\/v2\/users\/5"}],"replies":[{"embeddable":true,"href":"https:\/\/dataref.net\/ar\/wp-json\/wp\/v2\/comments?post=25121"}],"version-history":[{"count":4,"href":"https:\/\/dataref.net\/ar\/wp-json\/wp\/v2\/posts\/25121\/revisions"}],"predecessor-version":[{"id":25127,"href":"https:\/\/dataref.net\/ar\/wp-json\/wp\/v2\/posts\/25121\/revisions\/25127"}],"wp:featuredmedia":[{"embeddable":true,"href":"https:\/\/dataref.net\/ar\/wp-json\/wp\/v2\/media\/25122"}],"wp:attachment":[{"href":"https:\/\/dataref.net\/ar\/wp-json\/wp\/v2\/media?parent=25121"}],"wp:term":[{"taxonomy":"category","embeddable":true,"href":"https:\/\/dataref.net\/ar\/wp-json\/wp\/v2\/categories?post=25121"},{"taxonomy":"post_tag","embeddable":true,"href":"https:\/\/dataref.net\/ar\/wp-json\/wp\/v2\/tags?post=25121"}],"curies":[{"name":"wp","href":"https:\/\/api.w.org\/{rel}","templated":true}]}}