{"id":25116,"date":"2026-08-20T18:20:22","date_gmt":"2026-08-20T21:20:22","guid":{"rendered":"https:\/\/dataref.net\/ar\/?p=25116"},"modified":"2026-08-20T18:20:23","modified_gmt":"2026-08-20T21:20:23","slug":"el-entrenador-del-ascenso-argentino-que-supera-al-cholo-simeone","status":"publish","type":"post","link":"https:\/\/dataref.net\/ar\/el-entrenador-del-ascenso-argentino-que-supera-al-cholo-simeone\/","title":{"rendered":"El entrenador del ASCENSO argentino que SUPERA al &#8220;Cholo&#8221; Simeone"},"content":{"rendered":"\n<p class=\"wp-block-paragraph\"><strong><a href=\"https:\/\/dataref.net\/ar\/tag\/diego-simeone\/\" type=\"post_tag\" id=\"401\">Diego Simeone<\/a> comenz\u00f3 su 15\u00aa temporada consecutiva como entrenador del <a href=\"https:\/\/dataref.net\/ar\/tag\/atletico-de-madrid\/\" type=\"post_tag\" id=\"1810\">Atl\u00e9tico de Madrid<\/a><\/strong> y contin\u00faa agrandando un ciclo que ya ocupa un lugar destacado en la historia. El conjunto espa\u00f1ol inici\u00f3 LaLiga 2026\/27 con un triunfo por <strong>2-0 ante M\u00e1laga<\/strong>, prolongando una etapa que comenz\u00f3 hace casi 15 a\u00f1os.<\/p>\n\n\n\n<p class=\"wp-block-paragraph\">El <strong>Cholo asumi\u00f3 en Atl\u00e9tico de Madrid el 23 de diciembre de 2011<\/strong> y desde entonces se mantuvo ininterrumpidamente en el cargo. Con alrededor de 14 a\u00f1os y siete meses al frente del equipo, su permanencia adquiere todav\u00eda mayor dimensi\u00f3n al compararla con algunos de los ciclos m\u00e1s extensos protagonizados por entrenadores argentinos.<\/p>\n\n\n\n<figure class=\"wp-block-image size-full\"><img fetchpriority=\"high\" decoding=\"async\" width=\"740\" height=\"416\" src=\"https:\/\/dataref.net\/ar\/wp-content\/uploads\/2026\/08\/SIMEONE.webp\" alt=\"\" class=\"wp-image-25119\" srcset=\"https:\/\/dataref.net\/ar\/wp-content\/uploads\/2026\/08\/SIMEONE.webp 740w, https:\/\/dataref.net\/ar\/wp-content\/uploads\/2026\/08\/SIMEONE-300x169.webp 300w\" sizes=\"(max-width: 740px) 100vw, 740px\" \/><\/figure>\n\n\n\n<p class=\"wp-block-paragraph\">Entre los principales antecedentes aparece Victorio Spinetto, quien estuvo <strong>14 temporadas consecutivas en V\u00e9lez<\/strong>, mientras que Jos\u00e9 Mar\u00eda Minella permaneci\u00f3 alrededor de <strong>12 a\u00f1os seguidos en River Plate<\/strong>. M\u00e1s atr\u00e1s se encuentran Guillermo St\u00e1bile, con nueve a\u00f1os en Racing entre 1945 y 1954, y Marcelo Gallardo, cuyo primer ciclo como entrenador de River se extendi\u00f3 durante m\u00e1s de ocho a\u00f1os entre 2014 y 2022.<\/p>\n\n\n\n<h3 class=\"wp-block-heading\">\u00bfCu\u00e1l es el entrenador argentino con m\u00e1s tiempo consecutivo en un mismo club?<\/h3>\n\n\n\n<p class=\"wp-block-paragraph\">El registro que todav\u00eda aparece por encima del Cholo es el de <strong>Pablo Vic\u00f3 en Brown de Adrogu\u00e9<\/strong>. El hist\u00f3rico entrenador asumi\u00f3 el 21 de marzo de 2009 y dej\u00f3 su cargo el 3 de mayo de 2024, completando <strong>15 a\u00f1os y un mes consecutivos<\/strong>. Simeone, sin embargo, contin\u00faa en actividad y cada temporada reduce la distancia respecto de aquella marca.<\/p>\n\n\n\n<figure class=\"wp-block-embed is-type-rich is-provider-x wp-block-embed-x\"><div class=\"wp-block-embed__wrapper\">\n<blockquote class=\"twitter-tweet\" data-width=\"550\" data-dnt=\"true\"><p lang=\"es\" dir=\"ltr\">\ud83c\udde6\ud83c\uddf7\ud83d\udd1d DIEGO SIMEONE inici\u00f3 por 15.\u00aa vez una temporada al mando del Atl\u00e9tico de Madrid:<br><br>\ud83d\udc49 El Cholo lleg\u00f3 al conjunto espa\u00f1ol en diciembre de 2011 y acumula 14 A\u00d1OS Y 7 MESES de manera ininterrumpida en el cargo.<br><br>\ud83d\udcca Entre los entrenadores argentinos, solamente PABLO VIC\u00d3\u2026 <a href=\"https:\/\/t.co\/sEtWeUSsyD\">pic.twitter.com\/sEtWeUSsyD<\/a><\/p>&mdash; dataref (@dataref_ar) <a href=\"https:\/\/x.com\/dataref_ar\/status\/2090190635584110891?ref_src=twsrc%5Etfw\">August 19, 2026<\/a><\/blockquote><script async src=\"https:\/\/platform.x.com\/widgets.js\" charset=\"utf-8\"><\/script>\n<\/div><\/figure>\n\n\n\n<p class=\"wp-block-paragraph\">La lista tambi\u00e9n cuenta con otros ciclos hist\u00f3ricos: <strong>Helenio Herrera permaneci\u00f3 pr\u00e1cticamente ocho a\u00f1os en Inter<\/strong>, entre 1960 y 1968, mientras que Carlos Timoteo Griguol dirigi\u00f3 a Ferro durante siete a\u00f1os entre 1980 y 1987. Con su 15\u00aa temporada ya en marcha, <strong>Simeone contin\u00faa escribiendo uno de los ciclos m\u00e1s extensos de un entrenador argentino en un mismo club<\/strong>.<\/p>\n\n\n\n<p class=\"wp-block-paragraph\"><\/p>\n<div class=\"ays-arp-under-posts-container ays-arp-classy-layout \" id=\"ays-arp-under-posts-container-25116-6a9c53278e624\"  data-id=\"6a9c53278e624\" data-ratio=\"0.75\"><h2 class=\"ays-arp-under-posts-container-title\">Noticias relacionadas<\/h2><input type=\"hidden\" name=\"ays-arp-id-6a9c53278e624\" value=\"25116\"><div class=\"ays-arp-under-posts\"><div class=\"ays-arp-under-post\"><div class=\"ays-arp-under-post-header\"><div class=\"ays-arp-under-post-img-row\"><a href=\"https:\/\/dataref.net\/ar\/alarmante-el-arranque-historico-que-hunde-al-atletico-madrid-de-diego-simeone-en-laliga\/\" class=\"ays-arp-under-post-link\"  ><img src=\"https:\/\/dataref.net\/ar\/wp-content\/uploads\/2025\/08\/CHOLO-1-768x512.jpg\" alt=\"\" class=\"ays-arp-under-post-img\"><img src=\"https:\/\/dataref.net\/ar\/wp-content\/uploads\/2025\/08\/CHOLO-1-768x512.jpg\" alt=\"\" class=\"ays-arp-under-post-img ays-arp-under-post-img-mobile\"><span class=\"ays-arp-under-post-overlay-box\"><\/span><\/a><div class=\"ays-arp-under-post-title-row\"><div class=\"ays-arp-under-post-title\"><a href=\"https:\/\/dataref.net\/ar\/alarmante-el-arranque-historico-que-hunde-al-atletico-madrid-de-diego-simeone-en-laliga\/\" class=\"ays-arp-under-post-link\"  >ALARMANTE: el arranque hist\u00f3rico que hunde al...<\/a><\/div><\/div><\/div><\/div><div class=\"ays-arp-under-post-content\"><div class=\"ays-arp-under-post-excerpt-row\"><span class=\"ays-arp-under-post-excerpt\">\nEl Atl\u00e9tico Madrid de Diego Simeone vive un inicio de...<\/span><\/div><\/div><\/div><div class=\"ays-arp-under-post\"><div class=\"ays-arp-under-post-header\"><div class=\"ays-arp-under-post-img-row\"><a href=\"https:\/\/dataref.net\/ar\/laliga-se-termino-el-invicto-del-atletico-madrid-del-cholo-simeone\/\" class=\"ays-arp-under-post-link\"  ><img src=\"https:\/\/dataref.net\/ar\/wp-content\/uploads\/2025\/01\/gettyimages-2193945373-2048x2048-1-768x461.jpg\" alt=\"\" class=\"ays-arp-under-post-img\"><img src=\"https:\/\/dataref.net\/ar\/wp-content\/uploads\/2025\/01\/gettyimages-2193945373-2048x2048-1-768x461.jpg\" alt=\"\" class=\"ays-arp-under-post-img ays-arp-under-post-img-mobile\"><span class=\"ays-arp-under-post-overlay-box\"><\/span><\/a><div class=\"ays-arp-under-post-title-row\"><div class=\"ays-arp-under-post-title\"><a href=\"https:\/\/dataref.net\/ar\/laliga-se-termino-el-invicto-del-atletico-madrid-del-cholo-simeone\/\" class=\"ays-arp-under-post-link\"  >LALIGA: Se termin\u00f3 el INVICTO del Atl\u00e9tico...<\/a><\/div><\/div><\/div><\/div><div class=\"ays-arp-under-post-content\"><div class=\"ays-arp-under-post-excerpt-row\"><span class=\"ays-arp-under-post-excerpt\">\nEl Atl\u00e9tico de Madrid, dirigido por Diego Simeone, sufri\u00f3 una...<\/span><\/div><\/div><\/div><div class=\"ays-arp-under-post\"><div class=\"ays-arp-under-post-header\"><div class=\"ays-arp-under-post-img-row\"><a href=\"https:\/\/dataref.net\/ar\/no-lo-entiendo-el-kun-aguero-critico-al-cholo-simeone\/\" class=\"ays-arp-under-post-link\"  ><img src=\"https:\/\/dataref.net\/ar\/wp-content\/uploads\/2024\/10\/Ga1FYl9bsAAwxur-768x461.jpg\" alt=\"\" class=\"ays-arp-under-post-img\"><img src=\"https:\/\/dataref.net\/ar\/wp-content\/uploads\/2024\/10\/Ga1FYl9bsAAwxur-768x461.jpg\" alt=\"\" class=\"ays-arp-under-post-img ays-arp-under-post-img-mobile\"><span class=\"ays-arp-under-post-overlay-box\"><\/span><\/a><div class=\"ays-arp-under-post-title-row\"><div class=\"ays-arp-under-post-title\"><a href=\"https:\/\/dataref.net\/ar\/no-lo-entiendo-el-kun-aguero-critico-al-cholo-simeone\/\" class=\"ays-arp-under-post-link\"  >&quot;No lo entiendo&quot;: el Kun Ag\u00fcero CRITIC\u00d3...<\/a><\/div><\/div><\/div><\/div><div class=\"ays-arp-under-post-content\"><div class=\"ays-arp-under-post-excerpt-row\"><span class=\"ays-arp-under-post-excerpt\">\nEl Atl\u00e9tico Madrid de Diego Simeone sufri\u00f3 una derrota complicada...<\/span><\/div><\/div><\/div><\/div><style type=\"text\/css\">\n            #ays-arp-under-posts-container-25116-6a9c53278e624 {\n                width: 100%;\n                word-break: break-word;\n            }\n\n            #ays-arp-under-posts-container-25116-6a9c53278e624 .ays-arp-under-post {\n                width: calc(33% - 10px);\n                padding: 10px;\n                border: none;\n            }\n\n            #ays-arp-under-posts-container-25116-6a9c53278e624 .ays-arp-under-post-img-row .ays-arp-under-post-img {\n\t\t\t    object-fit: contain;\n\t\t\t    object-position:center center;\n                border: unset;\n                padding: unset;\n                border-radius: 0px;\n                height: 100%\n            }\n\n            #ays-arp-under-posts-container-25116-6a9c53278e624 .ays-arp-under-posts-container-title,\n            #ays-arp-under-posts-container-25116-6a9c53278e624 .ays-arp-under-post-title  .ays-arp-under-post-link,\n            #ays-arp-under-posts-container-25116-6a9c53278e624 .ays-arp-under-post-excerpt-row {\n                color: #333333;\n            }\n\n            #ays-arp-under-posts-container-25116-6a9c53278e624  .ays-arp-under-posts  .ays-arp-under-post {\n                background-color: rgba(255,255,255,0);\n            }\n\n            #ays-arp-under-posts-container-25116-6a9c53278e624  .ays-arp-under-posts  .ays-arp-under-post:hover {\n                background-color: rgba(255,255,255,0);\n            }\n\n            #ays-arp-under-posts-container-25116-6a9c53278e624 .ays-arp-under-post-title,\n            #ays-arp-under-posts-container-25116-6a9c53278e624 .ays-arp-under-post-link {\n                line-height: 1.5;\n            }\n\n            #ays-arp-under-posts-container-25116-6a9c53278e624 .ays-arp-under-post-title a{\n                font-size: 12px;\n            }\n\n            #ays-arp-under-posts-container-25116-6a9c53278e624 .ays-arp-under-post-date-author-row {\n                color: rgba(51,51,51,0.7);\n            }\n\n            #ays-arp-under-posts-container-25116-6a9c53278e624 .ays-arp-under-posts a:active,\n            #ays-arp-under-posts-container-25116-6a9c53278e624 .ays-arp-under-posts a:hover,\n            #ays-arp-under-posts-container-25116-6a9c53278e624 .ays-arp-under-posts a:focus,\n            #ays-arp-under-posts-container-25116-6a9c53278e624 .ays-arp-under-posts a {\n                text-decoration: unset;\n                cursor: pointer;\n                outline: unset;\n                text-decoration-skip-ink: none;\n                background: unset;\n                opacity: 1;\n            }\n\n            #ays-arp-under-posts-container-25116-6a9c53278e624 .ays-arp-under-post-img-row .ays-arp-under-post-img.ays-arp-under-post-img-mobile {\n                display: none;                    \n            }\n\n            @media screen and (max-width: 768px){\n\n                #ays-arp-under-posts-container-25116-6a9c53278e624 .ays-arp-under-post-img-row .ays-arp-under-post-img {\n                    object-fit: contain;\n                    display: none;                    \n                }\n\n                #ays-arp-under-posts-container-25116-6a9c53278e624 .ays-arp-under-post-img-row .ays-arp-under-post-img.ays-arp-under-post-img-mobile {\n                    display: inline-block;                    \n                }\n\n                #ays-arp-under-posts-container-25116-6a9c53278e624 .ays-arp-under-post-title a{\n                    font-size: 12px;\n                }\n\n                #ays-arp-under-posts-container-25116-6a9c53278e624 .ays-arp-under-post {\n                    width: calc(33% - 10px);\n                    border: none;\n                }\n\n                #ays-arp-under-posts-container-25116-6a9c53278e624 .ays-arp-under-posts-container-title,\n                #ays-arp-under-posts-container-25116-6a9c53278e624 .ays-arp-under-post-title  .ays-arp-under-post-link,\n                #ays-arp-under-posts-container-25116-6a9c53278e624 .ays-arp-under-post-excerpt-row {\n                    color: #333;\n                }\n\n                #ays-arp-under-posts-container-25116-6a9c53278e624 .ays-arp-under-post-date-author-row {\n                    color: rgba(51,51,51,0.7);\n                }\n\n                #ays-arp-under-posts-container-25116-6a9c53278e624  .ays-arp-under-posts  .ays-arp-under-post {\n                    background-color: rgba(255,255,255,0);\n                }\n            }\n\n            \n            \/* Layout CSS *\/\n            #ays-arp-under-posts-container-25116-6a9c53278e624.ays-arp-classy-layout .ays-arp-under-post-date-author-row {\n                \/*border-bottom: 0.5px solid rgba(51,51,51,0.4);*\/\n                border: unset;\n            }\n\n            #ays-arp-under-posts-container-25116-6a9c53278e624.ays-arp-classy-layout .ays-arp-under-post {\n                padding: 0;\n                \/*border: 0.5px solid rgb(236 237 241);*\/\n                border-radius: 0px;\n                overflow:hidden;\n            }\n\n            #ays-arp-under-posts-container-25116-6a9c53278e624.ays-arp-classy-layout .ays-arp-under-post-content {\n                padding: 10px;\n            }\n\n            #ays-arp-under-posts-container-25116-6a9c53278e624.ays-arp-classy-layout .ays-arp-under-post-img-row,\n            #ays-arp-under-posts-container-25116-6a9c53278e624.ays-arp-classy-layout .ays-arp-under-post-img-row img {\n                border-radius: 0px;\n            }\n\n            #ays-arp-under-posts-container-25116-6a9c53278e624.ays-arp-classy-layout .ays-arp-under-post-link {\n                color: #fff;\n            }\n            \n            <\/style><\/div>","protected":false},"excerpt":{"rendered":"<p>Diego Simeone comenz\u00f3 su 15\u00aa temporada consecutiva como entrenador del Atl\u00e9tico de Madrid y contin\u00faa agrandando un ciclo que ya ocupa un lugar destacado en la historia. El conjunto espa\u00f1ol inici\u00f3 LaLiga 2026\/27 con un triunfo por 2-0 ante M\u00e1laga, prolongando una etapa que comenz\u00f3 hace casi 15 a\u00f1os. El Cholo asumi\u00f3 en Atl\u00e9tico de [&hellip;]<\/p>\n","protected":false},"author":1,"featured_media":25117,"comment_status":"open","ping_status":"open","sticky":false,"template":"","format":"standard","meta":{"_acf_changed":false,"footnotes":""},"categories":[54],"tags":[1810,401,2442],"class_list":["post-25116","post","type-post","status-publish","format-standard","has-post-thumbnail","hentry","category-europa","tag-atletico-de-madrid","tag-diego-simeone","tag-pablo-vico"],"acf":[],"yoast_head":"<!-- This site is optimized with the Yoast SEO Premium plugin v27.6.1 (Yoast SEO v26.9) - https:\/\/yoast.com\/product\/yoast-seo-premium-wordpress\/ -->\n<title>El entrenador del ASCENSO argentino que SUPERA al &quot;Cholo&quot; Simeone - dataref Argentina<\/title>\n<meta name=\"robots\" content=\"index, follow, max-snippet:-1, max-image-preview:large, max-video-preview:-1\" \/>\n<link rel=\"canonical\" href=\"https:\/\/dataref.net\/ar\/el-entrenador-del-ascenso-argentino-que-supera-al-cholo-simeone\/\" \/>\n<meta property=\"og:locale\" content=\"es_ES\" \/>\n<meta property=\"og:type\" content=\"article\" \/>\n<meta property=\"og:title\" content=\"El entrenador del ASCENSO argentino que SUPERA al &quot;Cholo&quot; Simeone - dataref Argentina\" \/>\n<meta property=\"og:description\" content=\"Diego Simeone comenz\u00f3 su 15\u00aa temporada consecutiva como entrenador del Atl\u00e9tico de Madrid y contin\u00faa agrandando un ciclo que ya ocupa un lugar destacado en la historia. El conjunto espa\u00f1ol inici\u00f3 LaLiga 2026\/27 con un triunfo por 2-0 ante M\u00e1laga, prolongando una etapa que comenz\u00f3 hace casi 15 a\u00f1os. El Cholo asumi\u00f3 en Atl\u00e9tico de [&hellip;]\" \/>\n<meta property=\"og:url\" content=\"https:\/\/dataref.net\/ar\/el-entrenador-del-ascenso-argentino-que-supera-al-cholo-simeone\/\" \/>\n<meta property=\"og:site_name\" content=\"dataref Argentina\" \/>\n<meta property=\"article:published_time\" content=\"2026-08-20T21:20:22+00:00\" \/>\n<meta property=\"article:modified_time\" content=\"2026-08-20T21:20:23+00:00\" \/>\n<meta property=\"og:image\" content=\"https:\/\/dataref.net\/ar\/wp-content\/uploads\/2026\/08\/WhatsApp-Image-2026-08-20-at-18.13.47.jpeg\" \/>\n\t<meta property=\"og:image:width\" content=\"800\" \/>\n\t<meta property=\"og:image:height\" content=\"450\" \/>\n\t<meta property=\"og:image:type\" content=\"image\/jpeg\" \/>\n<meta name=\"author\" content=\"datarefNews\" \/>\n<meta name=\"twitter:card\" content=\"summary_large_image\" \/>\n<meta name=\"twitter:creator\" content=\"@dataref_ar\" \/>\n<meta name=\"twitter:site\" content=\"@dataref_ar\" \/>\n<meta name=\"twitter:label1\" content=\"Escrito por\" \/>\n\t<meta name=\"twitter:data1\" content=\"datarefNews\" \/>\n\t<meta name=\"twitter:label2\" content=\"Tiempo de lectura\" \/>\n\t<meta name=\"twitter:data2\" content=\"2 minutos\" \/>\n<script type=\"application\/ld+json\" class=\"yoast-schema-graph\">{\"@context\":\"https:\/\/schema.org\",\"@graph\":[{\"@type\":\"Article\",\"@id\":\"https:\/\/dataref.net\/ar\/el-entrenador-del-ascenso-argentino-que-supera-al-cholo-simeone\/#article\",\"isPartOf\":{\"@id\":\"https:\/\/dataref.net\/ar\/el-entrenador-del-ascenso-argentino-que-supera-al-cholo-simeone\/\"},\"author\":{\"name\":\"datarefNews\",\"@id\":\"https:\/\/dataref.net\/ar\/#\/schema\/person\/cbb7c456fbc21183bdb2dc5bbb7d63b3\"},\"headline\":\"El entrenador del ASCENSO argentino que SUPERA al &#8220;Cholo&#8221; Simeone\",\"datePublished\":\"2026-08-20T21:20:22+00:00\",\"dateModified\":\"2026-08-20T21:20:23+00:00\",\"mainEntityOfPage\":{\"@id\":\"https:\/\/dataref.net\/ar\/el-entrenador-del-ascenso-argentino-que-supera-al-cholo-simeone\/\"},\"wordCount\":326,\"commentCount\":0,\"publisher\":{\"@id\":\"https:\/\/dataref.net\/ar\/#\/schema\/person\/cbb7c456fbc21183bdb2dc5bbb7d63b3\"},\"image\":{\"@id\":\"https:\/\/dataref.net\/ar\/el-entrenador-del-ascenso-argentino-que-supera-al-cholo-simeone\/#primaryimage\"},\"thumbnailUrl\":\"https:\/\/dataref.net\/ar\/wp-content\/uploads\/2026\/08\/WhatsApp-Image-2026-08-20-at-18.13.47.jpeg\",\"keywords\":[\"Atl\u00e9tico de Madrid\",\"Diego Simeone\",\"Pablo Vic\u00f3\"],\"articleSection\":[\"Europa\"],\"inLanguage\":\"es-AR\",\"potentialAction\":[{\"@type\":\"CommentAction\",\"name\":\"Comment\",\"target\":[\"https:\/\/dataref.net\/ar\/el-entrenador-del-ascenso-argentino-que-supera-al-cholo-simeone\/#respond\"]}]},{\"@type\":\"WebPage\",\"@id\":\"https:\/\/dataref.net\/ar\/el-entrenador-del-ascenso-argentino-que-supera-al-cholo-simeone\/\",\"url\":\"https:\/\/dataref.net\/ar\/el-entrenador-del-ascenso-argentino-que-supera-al-cholo-simeone\/\",\"name\":\"El entrenador del ASCENSO argentino que SUPERA al \\\"Cholo\\\" Simeone - dataref Argentina\",\"isPartOf\":{\"@id\":\"https:\/\/dataref.net\/ar\/#website\"},\"primaryImageOfPage\":{\"@id\":\"https:\/\/dataref.net\/ar\/el-entrenador-del-ascenso-argentino-que-supera-al-cholo-simeone\/#primaryimage\"},\"image\":{\"@id\":\"https:\/\/dataref.net\/ar\/el-entrenador-del-ascenso-argentino-que-supera-al-cholo-simeone\/#primaryimage\"},\"thumbnailUrl\":\"https:\/\/dataref.net\/ar\/wp-content\/uploads\/2026\/08\/WhatsApp-Image-2026-08-20-at-18.13.47.jpeg\",\"datePublished\":\"2026-08-20T21:20:22+00:00\",\"dateModified\":\"2026-08-20T21:20:23+00:00\",\"breadcrumb\":{\"@id\":\"https:\/\/dataref.net\/ar\/el-entrenador-del-ascenso-argentino-que-supera-al-cholo-simeone\/#breadcrumb\"},\"inLanguage\":\"es-AR\",\"potentialAction\":[{\"@type\":\"ReadAction\",\"target\":[\"https:\/\/dataref.net\/ar\/el-entrenador-del-ascenso-argentino-que-supera-al-cholo-simeone\/\"]}]},{\"@type\":\"ImageObject\",\"inLanguage\":\"es-AR\",\"@id\":\"https:\/\/dataref.net\/ar\/el-entrenador-del-ascenso-argentino-que-supera-al-cholo-simeone\/#primaryimage\",\"url\":\"https:\/\/dataref.net\/ar\/wp-content\/uploads\/2026\/08\/WhatsApp-Image-2026-08-20-at-18.13.47.jpeg\",\"contentUrl\":\"https:\/\/dataref.net\/ar\/wp-content\/uploads\/2026\/08\/WhatsApp-Image-2026-08-20-at-18.13.47.jpeg\",\"width\":800,\"height\":450},{\"@type\":\"BreadcrumbList\",\"@id\":\"https:\/\/dataref.net\/ar\/el-entrenador-del-ascenso-argentino-que-supera-al-cholo-simeone\/#breadcrumb\",\"itemListElement\":[{\"@type\":\"ListItem\",\"position\":1,\"name\":\"Home\",\"item\":\"https:\/\/dataref.net\/ar\/\"},{\"@type\":\"ListItem\",\"position\":2,\"name\":\"El entrenador del ASCENSO argentino que SUPERA al &#8220;Cholo&#8221; Simeone\"}]},{\"@type\":\"WebSite\",\"@id\":\"https:\/\/dataref.net\/ar\/#website\",\"url\":\"https:\/\/dataref.net\/ar\/\",\"name\":\"dataref\",\"description\":\"\",\"publisher\":{\"@id\":\"https:\/\/dataref.net\/ar\/#\/schema\/person\/cbb7c456fbc21183bdb2dc5bbb7d63b3\"},\"potentialAction\":[{\"@type\":\"SearchAction\",\"target\":{\"@type\":\"EntryPoint\",\"urlTemplate\":\"https:\/\/dataref.net\/ar\/?s={search_term_string}\"},\"query-input\":{\"@type\":\"PropertyValueSpecification\",\"valueRequired\":true,\"valueName\":\"search_term_string\"}}],\"inLanguage\":\"es-AR\"},{\"@type\":[\"Person\",\"Organization\"],\"@id\":\"https:\/\/dataref.net\/ar\/#\/schema\/person\/cbb7c456fbc21183bdb2dc5bbb7d63b3\",\"name\":\"datarefNews\",\"image\":{\"@type\":\"ImageObject\",\"inLanguage\":\"es-AR\",\"@id\":\"https:\/\/dataref.net\/ar\/#\/schema\/person\/image\/\",\"url\":\"https:\/\/dataref.net\/ar\/wp-content\/uploads\/2023\/12\/cropped-cropped-dataref-logo-blanco.4d39855902e69a709381.png\",\"contentUrl\":\"https:\/\/dataref.net\/ar\/wp-content\/uploads\/2023\/12\/cropped-cropped-dataref-logo-blanco.4d39855902e69a709381.png\",\"width\":1500,\"height\":428,\"caption\":\"datarefNews\"},\"logo\":{\"@id\":\"https:\/\/dataref.net\/ar\/#\/schema\/person\/image\/\"},\"description\":\"Creador de noticias de Dataref\",\"sameAs\":[\"https:\/\/dataref.net\/ar\",\"https:\/\/x.com\/dataref_ar\"],\"url\":\"https:\/\/dataref.net\/ar\/author\/datarefnews\/\"}]}<\/script>\n<!-- \/ Yoast SEO Premium plugin. -->","yoast_head_json":{"title":"El entrenador del ASCENSO argentino que SUPERA al \"Cholo\" Simeone - dataref Argentina","robots":{"index":"index","follow":"follow","max-snippet":"max-snippet:-1","max-image-preview":"max-image-preview:large","max-video-preview":"max-video-preview:-1"},"canonical":"https:\/\/dataref.net\/ar\/el-entrenador-del-ascenso-argentino-que-supera-al-cholo-simeone\/","og_locale":"es_ES","og_type":"article","og_title":"El entrenador del ASCENSO argentino que SUPERA al \"Cholo\" Simeone - dataref Argentina","og_description":"Diego Simeone comenz\u00f3 su 15\u00aa temporada consecutiva como entrenador del Atl\u00e9tico de Madrid y contin\u00faa agrandando un ciclo que ya ocupa un lugar destacado en la historia. El conjunto espa\u00f1ol inici\u00f3 LaLiga 2026\/27 con un triunfo por 2-0 ante M\u00e1laga, prolongando una etapa que comenz\u00f3 hace casi 15 a\u00f1os. El Cholo asumi\u00f3 en Atl\u00e9tico de [&hellip;]","og_url":"https:\/\/dataref.net\/ar\/el-entrenador-del-ascenso-argentino-que-supera-al-cholo-simeone\/","og_site_name":"dataref Argentina","article_published_time":"2026-08-20T21:20:22+00:00","article_modified_time":"2026-08-20T21:20:23+00:00","og_image":[{"width":800,"height":450,"url":"https:\/\/dataref.net\/ar\/wp-content\/uploads\/2026\/08\/WhatsApp-Image-2026-08-20-at-18.13.47.jpeg","type":"image\/jpeg"}],"author":"datarefNews","twitter_card":"summary_large_image","twitter_creator":"@dataref_ar","twitter_site":"@dataref_ar","twitter_misc":{"Escrito por":"datarefNews","Tiempo de lectura":"2 minutos"},"schema":{"@context":"https:\/\/schema.org","@graph":[{"@type":"Article","@id":"https:\/\/dataref.net\/ar\/el-entrenador-del-ascenso-argentino-que-supera-al-cholo-simeone\/#article","isPartOf":{"@id":"https:\/\/dataref.net\/ar\/el-entrenador-del-ascenso-argentino-que-supera-al-cholo-simeone\/"},"author":{"name":"datarefNews","@id":"https:\/\/dataref.net\/ar\/#\/schema\/person\/cbb7c456fbc21183bdb2dc5bbb7d63b3"},"headline":"El entrenador del ASCENSO argentino que SUPERA al &#8220;Cholo&#8221; Simeone","datePublished":"2026-08-20T21:20:22+00:00","dateModified":"2026-08-20T21:20:23+00:00","mainEntityOfPage":{"@id":"https:\/\/dataref.net\/ar\/el-entrenador-del-ascenso-argentino-que-supera-al-cholo-simeone\/"},"wordCount":326,"commentCount":0,"publisher":{"@id":"https:\/\/dataref.net\/ar\/#\/schema\/person\/cbb7c456fbc21183bdb2dc5bbb7d63b3"},"image":{"@id":"https:\/\/dataref.net\/ar\/el-entrenador-del-ascenso-argentino-que-supera-al-cholo-simeone\/#primaryimage"},"thumbnailUrl":"https:\/\/dataref.net\/ar\/wp-content\/uploads\/2026\/08\/WhatsApp-Image-2026-08-20-at-18.13.47.jpeg","keywords":["Atl\u00e9tico de Madrid","Diego Simeone","Pablo Vic\u00f3"],"articleSection":["Europa"],"inLanguage":"es-AR","potentialAction":[{"@type":"CommentAction","name":"Comment","target":["https:\/\/dataref.net\/ar\/el-entrenador-del-ascenso-argentino-que-supera-al-cholo-simeone\/#respond"]}]},{"@type":"WebPage","@id":"https:\/\/dataref.net\/ar\/el-entrenador-del-ascenso-argentino-que-supera-al-cholo-simeone\/","url":"https:\/\/dataref.net\/ar\/el-entrenador-del-ascenso-argentino-que-supera-al-cholo-simeone\/","name":"El entrenador del ASCENSO argentino que SUPERA al \"Cholo\" Simeone - dataref Argentina","isPartOf":{"@id":"https:\/\/dataref.net\/ar\/#website"},"primaryImageOfPage":{"@id":"https:\/\/dataref.net\/ar\/el-entrenador-del-ascenso-argentino-que-supera-al-cholo-simeone\/#primaryimage"},"image":{"@id":"https:\/\/dataref.net\/ar\/el-entrenador-del-ascenso-argentino-que-supera-al-cholo-simeone\/#primaryimage"},"thumbnailUrl":"https:\/\/dataref.net\/ar\/wp-content\/uploads\/2026\/08\/WhatsApp-Image-2026-08-20-at-18.13.47.jpeg","datePublished":"2026-08-20T21:20:22+00:00","dateModified":"2026-08-20T21:20:23+00:00","breadcrumb":{"@id":"https:\/\/dataref.net\/ar\/el-entrenador-del-ascenso-argentino-que-supera-al-cholo-simeone\/#breadcrumb"},"inLanguage":"es-AR","potentialAction":[{"@type":"ReadAction","target":["https:\/\/dataref.net\/ar\/el-entrenador-del-ascenso-argentino-que-supera-al-cholo-simeone\/"]}]},{"@type":"ImageObject","inLanguage":"es-AR","@id":"https:\/\/dataref.net\/ar\/el-entrenador-del-ascenso-argentino-que-supera-al-cholo-simeone\/#primaryimage","url":"https:\/\/dataref.net\/ar\/wp-content\/uploads\/2026\/08\/WhatsApp-Image-2026-08-20-at-18.13.47.jpeg","contentUrl":"https:\/\/dataref.net\/ar\/wp-content\/uploads\/2026\/08\/WhatsApp-Image-2026-08-20-at-18.13.47.jpeg","width":800,"height":450},{"@type":"BreadcrumbList","@id":"https:\/\/dataref.net\/ar\/el-entrenador-del-ascenso-argentino-que-supera-al-cholo-simeone\/#breadcrumb","itemListElement":[{"@type":"ListItem","position":1,"name":"Home","item":"https:\/\/dataref.net\/ar\/"},{"@type":"ListItem","position":2,"name":"El entrenador del ASCENSO argentino que SUPERA al &#8220;Cholo&#8221; Simeone"}]},{"@type":"WebSite","@id":"https:\/\/dataref.net\/ar\/#website","url":"https:\/\/dataref.net\/ar\/","name":"dataref","description":"","publisher":{"@id":"https:\/\/dataref.net\/ar\/#\/schema\/person\/cbb7c456fbc21183bdb2dc5bbb7d63b3"},"potentialAction":[{"@type":"SearchAction","target":{"@type":"EntryPoint","urlTemplate":"https:\/\/dataref.net\/ar\/?s={search_term_string}"},"query-input":{"@type":"PropertyValueSpecification","valueRequired":true,"valueName":"search_term_string"}}],"inLanguage":"es-AR"},{"@type":["Person","Organization"],"@id":"https:\/\/dataref.net\/ar\/#\/schema\/person\/cbb7c456fbc21183bdb2dc5bbb7d63b3","name":"datarefNews","image":{"@type":"ImageObject","inLanguage":"es-AR","@id":"https:\/\/dataref.net\/ar\/#\/schema\/person\/image\/","url":"https:\/\/dataref.net\/ar\/wp-content\/uploads\/2023\/12\/cropped-cropped-dataref-logo-blanco.4d39855902e69a709381.png","contentUrl":"https:\/\/dataref.net\/ar\/wp-content\/uploads\/2023\/12\/cropped-cropped-dataref-logo-blanco.4d39855902e69a709381.png","width":1500,"height":428,"caption":"datarefNews"},"logo":{"@id":"https:\/\/dataref.net\/ar\/#\/schema\/person\/image\/"},"description":"Creador de noticias de Dataref","sameAs":["https:\/\/dataref.net\/ar","https:\/\/x.com\/dataref_ar"],"url":"https:\/\/dataref.net\/ar\/author\/datarefnews\/"}]}},"_links":{"self":[{"href":"https:\/\/dataref.net\/ar\/wp-json\/wp\/v2\/posts\/25116","targetHints":{"allow":["GET"]}}],"collection":[{"href":"https:\/\/dataref.net\/ar\/wp-json\/wp\/v2\/posts"}],"about":[{"href":"https:\/\/dataref.net\/ar\/wp-json\/wp\/v2\/types\/post"}],"author":[{"embeddable":true,"href":"https:\/\/dataref.net\/ar\/wp-json\/wp\/v2\/users\/1"}],"replies":[{"embeddable":true,"href":"https:\/\/dataref.net\/ar\/wp-json\/wp\/v2\/comments?post=25116"}],"version-history":[{"count":1,"href":"https:\/\/dataref.net\/ar\/wp-json\/wp\/v2\/posts\/25116\/revisions"}],"predecessor-version":[{"id":25120,"href":"https:\/\/dataref.net\/ar\/wp-json\/wp\/v2\/posts\/25116\/revisions\/25120"}],"wp:featuredmedia":[{"embeddable":true,"href":"https:\/\/dataref.net\/ar\/wp-json\/wp\/v2\/media\/25117"}],"wp:attachment":[{"href":"https:\/\/dataref.net\/ar\/wp-json\/wp\/v2\/media?parent=25116"}],"wp:term":[{"taxonomy":"category","embeddable":true,"href":"https:\/\/dataref.net\/ar\/wp-json\/wp\/v2\/categories?post=25116"},{"taxonomy":"post_tag","embeddable":true,"href":"https:\/\/dataref.net\/ar\/wp-json\/wp\/v2\/tags?post=25116"}],"curies":[{"name":"wp","href":"https:\/\/api.w.org\/{rel}","templated":true}]}}