{"id":25107,"date":"2026-08-19T14:21:50","date_gmt":"2026-08-19T17:21:50","guid":{"rendered":"https:\/\/dataref.net\/ar\/?p=25107"},"modified":"2026-08-19T14:28:34","modified_gmt":"2026-08-19T17:28:34","slug":"historico-para-el-pincha-cuantos-goles-tiene-guido-carrillo-con-estudiantes-por-copa-libertadores","status":"publish","type":"post","link":"https:\/\/dataref.net\/ar\/historico-para-el-pincha-cuantos-goles-tiene-guido-carrillo-con-estudiantes-por-copa-libertadores\/","title":{"rendered":"HIST\u00d3RICO PARA EL PINCHA: \u00bfcu\u00e1ntos goles tiene Guido Carrillo con Estudiantes por Copa Libertadores?"},"content":{"rendered":"\n<p class=\"wp-block-paragraph\"><strong><a href=\"https:\/\/dataref.net\/ar\/tag\/estudiantes-de-la-plata\/\">Estudiantes de La Plata<\/a><\/strong> dio un golpe de autoridad este martes al golear <strong>3-0 como visitante a Universidad Cat\u00f3lica<\/strong>, por los octavos de final de la<strong><a href=\"https:\/\/dataref.net\/ar\/tag\/copa-libertadores\/\"> Copa Libertadores<\/a><\/strong>. El Pincha mostr\u00f3 una actuaci\u00f3n contundente fuera de casa y sell\u00f3 su clasificaci\u00f3n a la siguiente instancia del certamen continental.<\/p>\n\n\n\n<p class=\"wp-block-paragraph\">Una de las grandes figuras de la noche fue <strong><a href=\"https:\/\/dataref.net\/ar\/tag\/guido-carrillo\/\">Guido Carrillo<\/a><\/strong>, quien convirti\u00f3 dos de los tres goles del conjunto platense. El delantero, uno de los referentes del Pincha, volvi\u00f3 a dejar su nombre marcado en la historia del equipo dirigido por el <strong>\u2018Cacique\u2019 Medina<\/strong>.<\/p>\n\n\n\n<p class=\"wp-block-paragraph\">Con esta actuaci\u00f3n, Carrillo alcanz\u00f3 los <strong>13 goles con Estudiantes en la Copa Libertadores<\/strong>, una cifra que le permiti\u00f3 igualar nada menos que a <strong>Juan Ram\u00f3n Ver\u00f3n y Mauro Boselli<\/strong>, dos aut\u00e9nticas leyendas de la instituci\u00f3n. <\/p>\n\n\n\n<figure class=\"wp-block-embed is-type-rich is-provider-x wp-block-embed-x\"><div class=\"wp-block-embed__wrapper\">\n<blockquote class=\"twitter-tweet\" data-width=\"550\" data-dnt=\"true\"><p lang=\"es\" dir=\"ltr\">\ud83e\udd81\ud83d\udd1d \u00a1\u00a1GUIDO CARRILLO SE METI\u00d3 ENTRE LOS M\u00c1XIMOS GOLEADORES HIST\u00d3RICOS DE ESTUDIANTES DE LA PLATA EN LA CONMEBOL LIBERTADORES!!<br><br>1\ufe0f\u20e3 Juan Ram\u00f3n Ver\u00f3n: 13 goles en 29 partidos.<br>2\ufe0f\u20e3 Guido Carrillo: 13 goles en 30 partidos.<br>3\ufe0f\u20e3 Mauro Boselli: 13 goles en 35 partidos.<br><br>\ud83d\udd25 IMPRESIONANTE.\u2026 <a href=\"https:\/\/t.co\/RuB3r52ZE4\">pic.twitter.com\/RuB3r52ZE4<\/a><\/p>&mdash; dataref (@dataref_ar) <a href=\"https:\/\/x.com\/dataref_ar\/status\/2089902650821058628?ref_src=twsrc%5Etfw\">August 19, 2026<\/a><\/blockquote><script async src=\"https:\/\/platform.x.com\/widgets.js\" charset=\"utf-8\"><\/script>\n<\/div><\/figure>\n\n\n\n<h2 class=\"wp-block-heading\">\u00bfCu\u00e1ndo y contra qui\u00e9n jugar\u00e1 Estudiantes en los cuartos de final?<\/h2>\n\n\n\n<p class=\"wp-block-paragraph\"><strong>Hasta el momento, Estudiantes de La Plata no tiene rival definido para los cuartos de final de la Copa Libertadores 2026, ya que espera por el ganador de la serie entre Rosario Central y Corinthians.<\/strong><\/p>\n\n\n\n<figure class=\"wp-block-embed is-type-video is-provider-youtube wp-block-embed-youtube wp-embed-aspect-16-9 wp-has-aspect-ratio\"><div class=\"wp-block-embed__wrapper\">\n<iframe title=\"UNIVERSIDAD CAT\u00d3LICA vs. ESTUDIANTES | HIGHLIGHTS | CONMEBOL LIBERTADORES 2026\" width=\"800\" height=\"450\" src=\"https:\/\/www.youtube.com\/embed\/fCCV-uiO_6g?feature=oembed\" frameborder=\"0\" allow=\"accelerometer; autoplay; clipboard-write; encrypted-media; gyroscope; picture-in-picture; web-share\" referrerpolicy=\"strict-origin-when-cross-origin\" allowfullscreen><\/iframe>\n<\/div><\/figure>\n<div class=\"ays-arp-under-posts-container ays-arp-classy-layout \" id=\"ays-arp-under-posts-container-25107-6a9c53343a24c\"  data-id=\"6a9c53343a24c\" data-ratio=\"0.75\"><h2 class=\"ays-arp-under-posts-container-title\">Noticias relacionadas<\/h2><input type=\"hidden\" name=\"ays-arp-id-6a9c53343a24c\" value=\"25107\"><div class=\"ays-arp-under-posts\"><div class=\"ays-arp-under-post\"><div class=\"ays-arp-under-post-header\"><div class=\"ays-arp-under-post-img-row\"><a href=\"https:\/\/dataref.net\/ar\/hora-y-tv-para-los-sorteos-de-copa-libertadores-y-copa-sudamericana\/\" class=\"ays-arp-under-post-link\"  ><img src=\"https:\/\/dataref.net\/ar\/wp-content\/uploads\/2026\/03\/libertadores-y-sudamericana_862x485-768x432.jpg\" alt=\"\" class=\"ays-arp-under-post-img\"><img src=\"https:\/\/dataref.net\/ar\/wp-content\/uploads\/2026\/03\/libertadores-y-sudamericana_862x485-768x432.jpg\" alt=\"\" class=\"ays-arp-under-post-img ays-arp-under-post-img-mobile\"><span class=\"ays-arp-under-post-overlay-box\"><\/span><\/a><div class=\"ays-arp-under-post-title-row\"><div class=\"ays-arp-under-post-title\"><a href=\"https:\/\/dataref.net\/ar\/hora-y-tv-para-los-sorteos-de-copa-libertadores-y-copa-sudamericana\/\" class=\"ays-arp-under-post-link\"  >Hora y TV para los sorteos de...<\/a><\/div><\/div><\/div><\/div><div class=\"ays-arp-under-post-content\"><div class=\"ays-arp-under-post-excerpt-row\"><span class=\"ays-arp-under-post-excerpt\">\nTras varias semanas de espera luego de las etapas clasificatorias,...<\/span><\/div><\/div><\/div><div class=\"ays-arp-under-post\"><div class=\"ays-arp-under-post-header\"><div class=\"ays-arp-under-post-img-row\"><a href=\"https:\/\/dataref.net\/ar\/tras-la-caida-ante-barcelona-sc-el-durisimo-historial-de-argentinos-juniors-en-tandas-de-penales\/\" class=\"ays-arp-under-post-link\"  ><img src=\"https:\/\/dataref.net\/ar\/wp-content\/uploads\/2026\/02\/www.beatsnoop.com-3k-idCtZe1FbY-768x432.jpg\" alt=\"\" class=\"ays-arp-under-post-img\"><img src=\"https:\/\/dataref.net\/ar\/wp-content\/uploads\/2026\/02\/www.beatsnoop.com-3k-idCtZe1FbY-768x432.jpg\" alt=\"\" class=\"ays-arp-under-post-img ays-arp-under-post-img-mobile\"><span class=\"ays-arp-under-post-overlay-box\"><\/span><\/a><div class=\"ays-arp-under-post-title-row\"><div class=\"ays-arp-under-post-title\"><a href=\"https:\/\/dataref.net\/ar\/tras-la-caida-ante-barcelona-sc-el-durisimo-historial-de-argentinos-juniors-en-tandas-de-penales\/\" class=\"ays-arp-under-post-link\"  >Tras la ca\u00edda ante Barcelona SC: el...<\/a><\/div><\/div><\/div><\/div><div class=\"ays-arp-under-post-content\"><div class=\"ays-arp-under-post-excerpt-row\"><span class=\"ays-arp-under-post-excerpt\">\nLa noche copera en La Paternal termin\u00f3 en desaz\u00f3n para...<\/span><\/div><\/div><\/div><div class=\"ays-arp-under-post\"><div class=\"ays-arp-under-post-header\"><div class=\"ays-arp-under-post-img-row\"><a href=\"https:\/\/dataref.net\/ar\/bestia-negra-los-3-argentinos-que-lideran-la-racha-negativa-de-flamengo\/\" class=\"ays-arp-under-post-link\"  ><img src=\"https:\/\/dataref.net\/ar\/wp-content\/uploads\/2026\/02\/2261988169_f-768x432.jpg\" alt=\"\" class=\"ays-arp-under-post-img\"><img src=\"https:\/\/dataref.net\/ar\/wp-content\/uploads\/2026\/02\/2261988169_f-768x432.jpg\" alt=\"\" class=\"ays-arp-under-post-img ays-arp-under-post-img-mobile\"><span class=\"ays-arp-under-post-overlay-box\"><\/span><\/a><div class=\"ays-arp-under-post-title-row\"><div class=\"ays-arp-under-post-title\"><a href=\"https:\/\/dataref.net\/ar\/bestia-negra-los-3-argentinos-que-lideran-la-racha-negativa-de-flamengo\/\" class=\"ays-arp-under-post-link\"  >\u00bfBESTIA NEGRA? Los 3 ARGENTINOS que LIDERAN...<\/a><\/div><\/div><\/div><\/div><div class=\"ays-arp-under-post-content\"><div class=\"ays-arp-under-post-excerpt-row\"><span class=\"ays-arp-under-post-excerpt\">\nLan\u00fas dio el primer paso en la final de la...<\/span><\/div><\/div><\/div><\/div><style type=\"text\/css\">\n            #ays-arp-under-posts-container-25107-6a9c53343a24c {\n                width: 100%;\n                word-break: break-word;\n            }\n\n            #ays-arp-under-posts-container-25107-6a9c53343a24c .ays-arp-under-post {\n                width: calc(33% - 10px);\n                padding: 10px;\n                border: none;\n            }\n\n            #ays-arp-under-posts-container-25107-6a9c53343a24c .ays-arp-under-post-img-row .ays-arp-under-post-img {\n\t\t\t    object-fit: contain;\n\t\t\t    object-position:center center;\n                border: unset;\n                padding: unset;\n                border-radius: 0px;\n                height: 100%\n            }\n\n            #ays-arp-under-posts-container-25107-6a9c53343a24c .ays-arp-under-posts-container-title,\n            #ays-arp-under-posts-container-25107-6a9c53343a24c .ays-arp-under-post-title  .ays-arp-under-post-link,\n            #ays-arp-under-posts-container-25107-6a9c53343a24c .ays-arp-under-post-excerpt-row {\n                color: #333333;\n            }\n\n            #ays-arp-under-posts-container-25107-6a9c53343a24c  .ays-arp-under-posts  .ays-arp-under-post {\n                background-color: rgba(255,255,255,0);\n            }\n\n            #ays-arp-under-posts-container-25107-6a9c53343a24c  .ays-arp-under-posts  .ays-arp-under-post:hover {\n                background-color: rgba(255,255,255,0);\n            }\n\n            #ays-arp-under-posts-container-25107-6a9c53343a24c .ays-arp-under-post-title,\n            #ays-arp-under-posts-container-25107-6a9c53343a24c .ays-arp-under-post-link {\n                line-height: 1.5;\n            }\n\n            #ays-arp-under-posts-container-25107-6a9c53343a24c .ays-arp-under-post-title a{\n                font-size: 12px;\n            }\n\n            #ays-arp-under-posts-container-25107-6a9c53343a24c .ays-arp-under-post-date-author-row {\n                color: rgba(51,51,51,0.7);\n            }\n\n            #ays-arp-under-posts-container-25107-6a9c53343a24c .ays-arp-under-posts a:active,\n            #ays-arp-under-posts-container-25107-6a9c53343a24c .ays-arp-under-posts a:hover,\n            #ays-arp-under-posts-container-25107-6a9c53343a24c .ays-arp-under-posts a:focus,\n            #ays-arp-under-posts-container-25107-6a9c53343a24c .ays-arp-under-posts a {\n                text-decoration: unset;\n                cursor: pointer;\n                outline: unset;\n                text-decoration-skip-ink: none;\n                background: unset;\n                opacity: 1;\n            }\n\n            #ays-arp-under-posts-container-25107-6a9c53343a24c .ays-arp-under-post-img-row .ays-arp-under-post-img.ays-arp-under-post-img-mobile {\n                display: none;                    \n            }\n\n            @media screen and (max-width: 768px){\n\n                #ays-arp-under-posts-container-25107-6a9c53343a24c .ays-arp-under-post-img-row .ays-arp-under-post-img {\n                    object-fit: contain;\n                    display: none;                    \n                }\n\n                #ays-arp-under-posts-container-25107-6a9c53343a24c .ays-arp-under-post-img-row .ays-arp-under-post-img.ays-arp-under-post-img-mobile {\n                    display: inline-block;                    \n                }\n\n                #ays-arp-under-posts-container-25107-6a9c53343a24c .ays-arp-under-post-title a{\n                    font-size: 12px;\n                }\n\n                #ays-arp-under-posts-container-25107-6a9c53343a24c .ays-arp-under-post {\n                    width: calc(33% - 10px);\n                    border: none;\n                }\n\n                #ays-arp-under-posts-container-25107-6a9c53343a24c .ays-arp-under-posts-container-title,\n                #ays-arp-under-posts-container-25107-6a9c53343a24c .ays-arp-under-post-title  .ays-arp-under-post-link,\n                #ays-arp-under-posts-container-25107-6a9c53343a24c .ays-arp-under-post-excerpt-row {\n                    color: #333;\n                }\n\n                #ays-arp-under-posts-container-25107-6a9c53343a24c .ays-arp-under-post-date-author-row {\n                    color: rgba(51,51,51,0.7);\n                }\n\n                #ays-arp-under-posts-container-25107-6a9c53343a24c  .ays-arp-under-posts  .ays-arp-under-post {\n                    background-color: rgba(255,255,255,0);\n                }\n            }\n\n            \n            \/* Layout CSS *\/\n            #ays-arp-under-posts-container-25107-6a9c53343a24c.ays-arp-classy-layout .ays-arp-under-post-date-author-row {\n                \/*border-bottom: 0.5px solid rgba(51,51,51,0.4);*\/\n                border: unset;\n            }\n\n            #ays-arp-under-posts-container-25107-6a9c53343a24c.ays-arp-classy-layout .ays-arp-under-post {\n                padding: 0;\n                \/*border: 0.5px solid rgb(236 237 241);*\/\n                border-radius: 0px;\n                overflow:hidden;\n            }\n\n            #ays-arp-under-posts-container-25107-6a9c53343a24c.ays-arp-classy-layout .ays-arp-under-post-content {\n                padding: 10px;\n            }\n\n            #ays-arp-under-posts-container-25107-6a9c53343a24c.ays-arp-classy-layout .ays-arp-under-post-img-row,\n            #ays-arp-under-posts-container-25107-6a9c53343a24c.ays-arp-classy-layout .ays-arp-under-post-img-row img {\n                border-radius: 0px;\n            }\n\n            #ays-arp-under-posts-container-25107-6a9c53343a24c.ays-arp-classy-layout .ays-arp-under-post-link {\n                color: #fff;\n            }\n            \n            <\/style><\/div>","protected":false},"excerpt":{"rendered":"<p>Estudiantes de La Plata dio un golpe de autoridad este martes al golear 3-0 como visitante a Universidad Cat\u00f3lica, por los octavos de final de la Copa Libertadores. El Pincha mostr\u00f3 una actuaci\u00f3n contundente fuera de casa y sell\u00f3 su clasificaci\u00f3n a la siguiente instancia del certamen continental. Una de las grandes figuras de la [&hellip;]<\/p>\n","protected":false},"author":5,"featured_media":25108,"comment_status":"open","ping_status":"open","sticky":false,"template":"","format":"standard","meta":{"_acf_changed":false,"footnotes":""},"categories":[88],"tags":[89,30,2441],"class_list":["post-25107","post","type-post","status-publish","format-standard","has-post-thumbnail","hentry","category-copa-libertadores","tag-copa-libertadores","tag-estudiantes-de-la-plata","tag-guido-carrillo"],"acf":[],"yoast_head":"<!-- This site is optimized with the Yoast SEO Premium plugin v27.6.1 (Yoast SEO v26.9) - https:\/\/yoast.com\/product\/yoast-seo-premium-wordpress\/ -->\n<title>HIST\u00d3RICO PARA EL PINCHA: \u00bfcu\u00e1ntos goles tiene Guido Carrillo con Estudiantes por Copa Libertadores? - dataref Argentina<\/title>\n<meta name=\"robots\" content=\"index, follow, max-snippet:-1, max-image-preview:large, max-video-preview:-1\" \/>\n<link rel=\"canonical\" href=\"https:\/\/dataref.net\/ar\/historico-para-el-pincha-cuantos-goles-tiene-guido-carrillo-con-estudiantes-por-copa-libertadores\/\" \/>\n<meta property=\"og:locale\" content=\"es_ES\" \/>\n<meta property=\"og:type\" content=\"article\" \/>\n<meta property=\"og:title\" content=\"HIST\u00d3RICO PARA EL PINCHA: \u00bfcu\u00e1ntos goles tiene Guido Carrillo con Estudiantes por Copa Libertadores? - dataref Argentina\" \/>\n<meta property=\"og:description\" content=\"Estudiantes de La Plata dio un golpe de autoridad este martes al golear 3-0 como visitante a Universidad Cat\u00f3lica, por los octavos de final de la Copa Libertadores. El Pincha mostr\u00f3 una actuaci\u00f3n contundente fuera de casa y sell\u00f3 su clasificaci\u00f3n a la siguiente instancia del certamen continental. Una de las grandes figuras de la [&hellip;]\" \/>\n<meta property=\"og:url\" content=\"https:\/\/dataref.net\/ar\/historico-para-el-pincha-cuantos-goles-tiene-guido-carrillo-con-estudiantes-por-copa-libertadores\/\" \/>\n<meta property=\"og:site_name\" content=\"dataref Argentina\" \/>\n<meta property=\"article:published_time\" content=\"2026-08-19T17:21:50+00:00\" \/>\n<meta property=\"article:modified_time\" content=\"2026-08-19T17:28:34+00:00\" \/>\n<meta property=\"og:image\" content=\"https:\/\/dataref.net\/ar\/wp-content\/uploads\/2026\/08\/2290512233_f.jpg\" \/>\n\t<meta property=\"og:image:width\" content=\"800\" \/>\n\t<meta property=\"og:image:height\" content=\"480\" \/>\n\t<meta property=\"og:image:type\" content=\"image\/jpeg\" \/>\n<meta name=\"author\" content=\"Pablo Torrado\" \/>\n<meta name=\"twitter:card\" content=\"summary_large_image\" \/>\n<meta name=\"twitter:creator\" content=\"@pablotorrado1\" \/>\n<meta name=\"twitter:site\" content=\"@dataref_ar\" \/>\n<meta name=\"twitter:label1\" content=\"Escrito por\" \/>\n\t<meta name=\"twitter:data1\" content=\"Pablo Torrado\" \/>\n\t<meta name=\"twitter:label2\" content=\"Tiempo de lectura\" \/>\n\t<meta name=\"twitter:data2\" content=\"2 minutos\" \/>\n<script type=\"application\/ld+json\" class=\"yoast-schema-graph\">{\"@context\":\"https:\/\/schema.org\",\"@graph\":[{\"@type\":\"Article\",\"@id\":\"https:\/\/dataref.net\/ar\/historico-para-el-pincha-cuantos-goles-tiene-guido-carrillo-con-estudiantes-por-copa-libertadores\/#article\",\"isPartOf\":{\"@id\":\"https:\/\/dataref.net\/ar\/historico-para-el-pincha-cuantos-goles-tiene-guido-carrillo-con-estudiantes-por-copa-libertadores\/\"},\"author\":{\"name\":\"Pablo Torrado\",\"@id\":\"https:\/\/dataref.net\/ar\/#\/schema\/person\/7d31a734ed991d8bf9a0241e4ee582b0\"},\"headline\":\"HIST\u00d3RICO PARA EL PINCHA: \u00bfcu\u00e1ntos goles tiene Guido Carrillo con Estudiantes por Copa Libertadores?\",\"datePublished\":\"2026-08-19T17:21:50+00:00\",\"dateModified\":\"2026-08-19T17:28:34+00:00\",\"mainEntityOfPage\":{\"@id\":\"https:\/\/dataref.net\/ar\/historico-para-el-pincha-cuantos-goles-tiene-guido-carrillo-con-estudiantes-por-copa-libertadores\/\"},\"wordCount\":220,\"commentCount\":0,\"publisher\":{\"@id\":\"https:\/\/dataref.net\/ar\/#\/schema\/person\/cbb7c456fbc21183bdb2dc5bbb7d63b3\"},\"image\":{\"@id\":\"https:\/\/dataref.net\/ar\/historico-para-el-pincha-cuantos-goles-tiene-guido-carrillo-con-estudiantes-por-copa-libertadores\/#primaryimage\"},\"thumbnailUrl\":\"https:\/\/dataref.net\/ar\/wp-content\/uploads\/2026\/08\/2290512233_f.jpg\",\"keywords\":[\"Copa Libertadores\",\"Estudiantes de La Plata\",\"Guido Carrillo\"],\"articleSection\":[\"Copa Libertadores\"],\"inLanguage\":\"es-AR\",\"potentialAction\":[{\"@type\":\"CommentAction\",\"name\":\"Comment\",\"target\":[\"https:\/\/dataref.net\/ar\/historico-para-el-pincha-cuantos-goles-tiene-guido-carrillo-con-estudiantes-por-copa-libertadores\/#respond\"]}]},{\"@type\":\"WebPage\",\"@id\":\"https:\/\/dataref.net\/ar\/historico-para-el-pincha-cuantos-goles-tiene-guido-carrillo-con-estudiantes-por-copa-libertadores\/\",\"url\":\"https:\/\/dataref.net\/ar\/historico-para-el-pincha-cuantos-goles-tiene-guido-carrillo-con-estudiantes-por-copa-libertadores\/\",\"name\":\"HIST\u00d3RICO PARA EL PINCHA: \u00bfcu\u00e1ntos goles tiene Guido Carrillo con Estudiantes por Copa Libertadores? - dataref Argentina\",\"isPartOf\":{\"@id\":\"https:\/\/dataref.net\/ar\/#website\"},\"primaryImageOfPage\":{\"@id\":\"https:\/\/dataref.net\/ar\/historico-para-el-pincha-cuantos-goles-tiene-guido-carrillo-con-estudiantes-por-copa-libertadores\/#primaryimage\"},\"image\":{\"@id\":\"https:\/\/dataref.net\/ar\/historico-para-el-pincha-cuantos-goles-tiene-guido-carrillo-con-estudiantes-por-copa-libertadores\/#primaryimage\"},\"thumbnailUrl\":\"https:\/\/dataref.net\/ar\/wp-content\/uploads\/2026\/08\/2290512233_f.jpg\",\"datePublished\":\"2026-08-19T17:21:50+00:00\",\"dateModified\":\"2026-08-19T17:28:34+00:00\",\"breadcrumb\":{\"@id\":\"https:\/\/dataref.net\/ar\/historico-para-el-pincha-cuantos-goles-tiene-guido-carrillo-con-estudiantes-por-copa-libertadores\/#breadcrumb\"},\"inLanguage\":\"es-AR\",\"potentialAction\":[{\"@type\":\"ReadAction\",\"target\":[\"https:\/\/dataref.net\/ar\/historico-para-el-pincha-cuantos-goles-tiene-guido-carrillo-con-estudiantes-por-copa-libertadores\/\"]}]},{\"@type\":\"ImageObject\",\"inLanguage\":\"es-AR\",\"@id\":\"https:\/\/dataref.net\/ar\/historico-para-el-pincha-cuantos-goles-tiene-guido-carrillo-con-estudiantes-por-copa-libertadores\/#primaryimage\",\"url\":\"https:\/\/dataref.net\/ar\/wp-content\/uploads\/2026\/08\/2290512233_f.jpg\",\"contentUrl\":\"https:\/\/dataref.net\/ar\/wp-content\/uploads\/2026\/08\/2290512233_f.jpg\",\"width\":800,\"height\":480},{\"@type\":\"BreadcrumbList\",\"@id\":\"https:\/\/dataref.net\/ar\/historico-para-el-pincha-cuantos-goles-tiene-guido-carrillo-con-estudiantes-por-copa-libertadores\/#breadcrumb\",\"itemListElement\":[{\"@type\":\"ListItem\",\"position\":1,\"name\":\"Home\",\"item\":\"https:\/\/dataref.net\/ar\/\"},{\"@type\":\"ListItem\",\"position\":2,\"name\":\"HIST\u00d3RICO PARA EL PINCHA: \u00bfcu\u00e1ntos goles tiene Guido Carrillo con Estudiantes por Copa Libertadores?\"}]},{\"@type\":\"WebSite\",\"@id\":\"https:\/\/dataref.net\/ar\/#website\",\"url\":\"https:\/\/dataref.net\/ar\/\",\"name\":\"dataref\",\"description\":\"\",\"publisher\":{\"@id\":\"https:\/\/dataref.net\/ar\/#\/schema\/person\/cbb7c456fbc21183bdb2dc5bbb7d63b3\"},\"potentialAction\":[{\"@type\":\"SearchAction\",\"target\":{\"@type\":\"EntryPoint\",\"urlTemplate\":\"https:\/\/dataref.net\/ar\/?s={search_term_string}\"},\"query-input\":{\"@type\":\"PropertyValueSpecification\",\"valueRequired\":true,\"valueName\":\"search_term_string\"}}],\"inLanguage\":\"es-AR\"},{\"@type\":[\"Person\",\"Organization\"],\"@id\":\"https:\/\/dataref.net\/ar\/#\/schema\/person\/cbb7c456fbc21183bdb2dc5bbb7d63b3\",\"name\":\"datarefNews\",\"image\":{\"@type\":\"ImageObject\",\"inLanguage\":\"es-AR\",\"@id\":\"https:\/\/dataref.net\/ar\/#\/schema\/person\/image\/\",\"url\":\"https:\/\/dataref.net\/ar\/wp-content\/uploads\/2023\/12\/cropped-cropped-dataref-logo-blanco.4d39855902e69a709381.png\",\"contentUrl\":\"https:\/\/dataref.net\/ar\/wp-content\/uploads\/2023\/12\/cropped-cropped-dataref-logo-blanco.4d39855902e69a709381.png\",\"width\":1500,\"height\":428,\"caption\":\"datarefNews\"},\"logo\":{\"@id\":\"https:\/\/dataref.net\/ar\/#\/schema\/person\/image\/\"},\"description\":\"Creador de noticias de Dataref\",\"sameAs\":[\"https:\/\/dataref.net\/ar\",\"https:\/\/x.com\/dataref_ar\"]},{\"@type\":\"Person\",\"@id\":\"https:\/\/dataref.net\/ar\/#\/schema\/person\/7d31a734ed991d8bf9a0241e4ee582b0\",\"name\":\"Pablo Torrado\",\"image\":{\"@type\":\"ImageObject\",\"inLanguage\":\"es-AR\",\"@id\":\"https:\/\/dataref.net\/ar\/#\/schema\/person\/image\/\",\"url\":\"https:\/\/secure.gravatar.com\/avatar\/ed11bc43a7be13565747f5ca3e52c4370764d399e7436984d84006b7df2a58a6?s=96&d=mm&r=g\",\"contentUrl\":\"https:\/\/secure.gravatar.com\/avatar\/ed11bc43a7be13565747f5ca3e52c4370764d399e7436984d84006b7df2a58a6?s=96&d=mm&r=g\",\"caption\":\"Pablo Torrado\"},\"sameAs\":[\"https:\/\/x.com\/pablotorrado1\"],\"url\":\"https:\/\/dataref.net\/ar\/author\/ptorrado\/\"}]}<\/script>\n<!-- \/ Yoast SEO Premium plugin. -->","yoast_head_json":{"title":"HIST\u00d3RICO PARA EL PINCHA: \u00bfcu\u00e1ntos goles tiene Guido Carrillo con Estudiantes por Copa Libertadores? - dataref Argentina","robots":{"index":"index","follow":"follow","max-snippet":"max-snippet:-1","max-image-preview":"max-image-preview:large","max-video-preview":"max-video-preview:-1"},"canonical":"https:\/\/dataref.net\/ar\/historico-para-el-pincha-cuantos-goles-tiene-guido-carrillo-con-estudiantes-por-copa-libertadores\/","og_locale":"es_ES","og_type":"article","og_title":"HIST\u00d3RICO PARA EL PINCHA: \u00bfcu\u00e1ntos goles tiene Guido Carrillo con Estudiantes por Copa Libertadores? - dataref Argentina","og_description":"Estudiantes de La Plata dio un golpe de autoridad este martes al golear 3-0 como visitante a Universidad Cat\u00f3lica, por los octavos de final de la Copa Libertadores. El Pincha mostr\u00f3 una actuaci\u00f3n contundente fuera de casa y sell\u00f3 su clasificaci\u00f3n a la siguiente instancia del certamen continental. Una de las grandes figuras de la [&hellip;]","og_url":"https:\/\/dataref.net\/ar\/historico-para-el-pincha-cuantos-goles-tiene-guido-carrillo-con-estudiantes-por-copa-libertadores\/","og_site_name":"dataref Argentina","article_published_time":"2026-08-19T17:21:50+00:00","article_modified_time":"2026-08-19T17:28:34+00:00","og_image":[{"width":800,"height":480,"url":"https:\/\/dataref.net\/ar\/wp-content\/uploads\/2026\/08\/2290512233_f.jpg","type":"image\/jpeg"}],"author":"Pablo Torrado","twitter_card":"summary_large_image","twitter_creator":"@pablotorrado1","twitter_site":"@dataref_ar","twitter_misc":{"Escrito por":"Pablo Torrado","Tiempo de lectura":"2 minutos"},"schema":{"@context":"https:\/\/schema.org","@graph":[{"@type":"Article","@id":"https:\/\/dataref.net\/ar\/historico-para-el-pincha-cuantos-goles-tiene-guido-carrillo-con-estudiantes-por-copa-libertadores\/#article","isPartOf":{"@id":"https:\/\/dataref.net\/ar\/historico-para-el-pincha-cuantos-goles-tiene-guido-carrillo-con-estudiantes-por-copa-libertadores\/"},"author":{"name":"Pablo Torrado","@id":"https:\/\/dataref.net\/ar\/#\/schema\/person\/7d31a734ed991d8bf9a0241e4ee582b0"},"headline":"HIST\u00d3RICO PARA EL PINCHA: \u00bfcu\u00e1ntos goles tiene Guido Carrillo con Estudiantes por Copa Libertadores?","datePublished":"2026-08-19T17:21:50+00:00","dateModified":"2026-08-19T17:28:34+00:00","mainEntityOfPage":{"@id":"https:\/\/dataref.net\/ar\/historico-para-el-pincha-cuantos-goles-tiene-guido-carrillo-con-estudiantes-por-copa-libertadores\/"},"wordCount":220,"commentCount":0,"publisher":{"@id":"https:\/\/dataref.net\/ar\/#\/schema\/person\/cbb7c456fbc21183bdb2dc5bbb7d63b3"},"image":{"@id":"https:\/\/dataref.net\/ar\/historico-para-el-pincha-cuantos-goles-tiene-guido-carrillo-con-estudiantes-por-copa-libertadores\/#primaryimage"},"thumbnailUrl":"https:\/\/dataref.net\/ar\/wp-content\/uploads\/2026\/08\/2290512233_f.jpg","keywords":["Copa Libertadores","Estudiantes de La Plata","Guido Carrillo"],"articleSection":["Copa Libertadores"],"inLanguage":"es-AR","potentialAction":[{"@type":"CommentAction","name":"Comment","target":["https:\/\/dataref.net\/ar\/historico-para-el-pincha-cuantos-goles-tiene-guido-carrillo-con-estudiantes-por-copa-libertadores\/#respond"]}]},{"@type":"WebPage","@id":"https:\/\/dataref.net\/ar\/historico-para-el-pincha-cuantos-goles-tiene-guido-carrillo-con-estudiantes-por-copa-libertadores\/","url":"https:\/\/dataref.net\/ar\/historico-para-el-pincha-cuantos-goles-tiene-guido-carrillo-con-estudiantes-por-copa-libertadores\/","name":"HIST\u00d3RICO PARA EL PINCHA: \u00bfcu\u00e1ntos goles tiene Guido Carrillo con Estudiantes por Copa Libertadores? - dataref Argentina","isPartOf":{"@id":"https:\/\/dataref.net\/ar\/#website"},"primaryImageOfPage":{"@id":"https:\/\/dataref.net\/ar\/historico-para-el-pincha-cuantos-goles-tiene-guido-carrillo-con-estudiantes-por-copa-libertadores\/#primaryimage"},"image":{"@id":"https:\/\/dataref.net\/ar\/historico-para-el-pincha-cuantos-goles-tiene-guido-carrillo-con-estudiantes-por-copa-libertadores\/#primaryimage"},"thumbnailUrl":"https:\/\/dataref.net\/ar\/wp-content\/uploads\/2026\/08\/2290512233_f.jpg","datePublished":"2026-08-19T17:21:50+00:00","dateModified":"2026-08-19T17:28:34+00:00","breadcrumb":{"@id":"https:\/\/dataref.net\/ar\/historico-para-el-pincha-cuantos-goles-tiene-guido-carrillo-con-estudiantes-por-copa-libertadores\/#breadcrumb"},"inLanguage":"es-AR","potentialAction":[{"@type":"ReadAction","target":["https:\/\/dataref.net\/ar\/historico-para-el-pincha-cuantos-goles-tiene-guido-carrillo-con-estudiantes-por-copa-libertadores\/"]}]},{"@type":"ImageObject","inLanguage":"es-AR","@id":"https:\/\/dataref.net\/ar\/historico-para-el-pincha-cuantos-goles-tiene-guido-carrillo-con-estudiantes-por-copa-libertadores\/#primaryimage","url":"https:\/\/dataref.net\/ar\/wp-content\/uploads\/2026\/08\/2290512233_f.jpg","contentUrl":"https:\/\/dataref.net\/ar\/wp-content\/uploads\/2026\/08\/2290512233_f.jpg","width":800,"height":480},{"@type":"BreadcrumbList","@id":"https:\/\/dataref.net\/ar\/historico-para-el-pincha-cuantos-goles-tiene-guido-carrillo-con-estudiantes-por-copa-libertadores\/#breadcrumb","itemListElement":[{"@type":"ListItem","position":1,"name":"Home","item":"https:\/\/dataref.net\/ar\/"},{"@type":"ListItem","position":2,"name":"HIST\u00d3RICO PARA EL PINCHA: \u00bfcu\u00e1ntos goles tiene Guido Carrillo con Estudiantes por Copa Libertadores?"}]},{"@type":"WebSite","@id":"https:\/\/dataref.net\/ar\/#website","url":"https:\/\/dataref.net\/ar\/","name":"dataref","description":"","publisher":{"@id":"https:\/\/dataref.net\/ar\/#\/schema\/person\/cbb7c456fbc21183bdb2dc5bbb7d63b3"},"potentialAction":[{"@type":"SearchAction","target":{"@type":"EntryPoint","urlTemplate":"https:\/\/dataref.net\/ar\/?s={search_term_string}"},"query-input":{"@type":"PropertyValueSpecification","valueRequired":true,"valueName":"search_term_string"}}],"inLanguage":"es-AR"},{"@type":["Person","Organization"],"@id":"https:\/\/dataref.net\/ar\/#\/schema\/person\/cbb7c456fbc21183bdb2dc5bbb7d63b3","name":"datarefNews","image":{"@type":"ImageObject","inLanguage":"es-AR","@id":"https:\/\/dataref.net\/ar\/#\/schema\/person\/image\/","url":"https:\/\/dataref.net\/ar\/wp-content\/uploads\/2023\/12\/cropped-cropped-dataref-logo-blanco.4d39855902e69a709381.png","contentUrl":"https:\/\/dataref.net\/ar\/wp-content\/uploads\/2023\/12\/cropped-cropped-dataref-logo-blanco.4d39855902e69a709381.png","width":1500,"height":428,"caption":"datarefNews"},"logo":{"@id":"https:\/\/dataref.net\/ar\/#\/schema\/person\/image\/"},"description":"Creador de noticias de Dataref","sameAs":["https:\/\/dataref.net\/ar","https:\/\/x.com\/dataref_ar"]},{"@type":"Person","@id":"https:\/\/dataref.net\/ar\/#\/schema\/person\/7d31a734ed991d8bf9a0241e4ee582b0","name":"Pablo Torrado","image":{"@type":"ImageObject","inLanguage":"es-AR","@id":"https:\/\/dataref.net\/ar\/#\/schema\/person\/image\/","url":"https:\/\/secure.gravatar.com\/avatar\/ed11bc43a7be13565747f5ca3e52c4370764d399e7436984d84006b7df2a58a6?s=96&d=mm&r=g","contentUrl":"https:\/\/secure.gravatar.com\/avatar\/ed11bc43a7be13565747f5ca3e52c4370764d399e7436984d84006b7df2a58a6?s=96&d=mm&r=g","caption":"Pablo Torrado"},"sameAs":["https:\/\/x.com\/pablotorrado1"],"url":"https:\/\/dataref.net\/ar\/author\/ptorrado\/"}]}},"_links":{"self":[{"href":"https:\/\/dataref.net\/ar\/wp-json\/wp\/v2\/posts\/25107","targetHints":{"allow":["GET"]}}],"collection":[{"href":"https:\/\/dataref.net\/ar\/wp-json\/wp\/v2\/posts"}],"about":[{"href":"https:\/\/dataref.net\/ar\/wp-json\/wp\/v2\/types\/post"}],"author":[{"embeddable":true,"href":"https:\/\/dataref.net\/ar\/wp-json\/wp\/v2\/users\/5"}],"replies":[{"embeddable":true,"href":"https:\/\/dataref.net\/ar\/wp-json\/wp\/v2\/comments?post=25107"}],"version-history":[{"count":4,"href":"https:\/\/dataref.net\/ar\/wp-json\/wp\/v2\/posts\/25107\/revisions"}],"predecessor-version":[{"id":25114,"href":"https:\/\/dataref.net\/ar\/wp-json\/wp\/v2\/posts\/25107\/revisions\/25114"}],"wp:featuredmedia":[{"embeddable":true,"href":"https:\/\/dataref.net\/ar\/wp-json\/wp\/v2\/media\/25108"}],"wp:attachment":[{"href":"https:\/\/dataref.net\/ar\/wp-json\/wp\/v2\/media?parent=25107"}],"wp:term":[{"taxonomy":"category","embeddable":true,"href":"https:\/\/dataref.net\/ar\/wp-json\/wp\/v2\/categories?post=25107"},{"taxonomy":"post_tag","embeddable":true,"href":"https:\/\/dataref.net\/ar\/wp-json\/wp\/v2\/tags?post=25107"}],"curies":[{"name":"wp","href":"https:\/\/api.w.org\/{rel}","templated":true}]}}