{"id":24843,"date":"2026-06-22T14:22:12","date_gmt":"2026-06-22T17:22:12","guid":{"rendered":"https:\/\/dataref.net\/ar\/?p=24843"},"modified":"2026-06-22T14:40:21","modified_gmt":"2026-06-22T17:40:21","slug":"video-el-penal-errado-de-lionel-messi-en-argentina-austria","status":"publish","type":"post","link":"https:\/\/dataref.net\/ar\/video-el-penal-errado-de-lionel-messi-en-argentina-austria\/","title":{"rendered":"VIDEO: el penal ERRADO de Lionel Messi en Argentina-Austria"},"content":{"rendered":"\n<p class=\"wp-block-paragraph\">La<strong> <a href=\"https:\/\/dataref.net\/ar\/tag\/seleccion-argentina\/\">Selecci\u00f3n Argentina<\/a><\/strong> de Lionel Scaloni y compa\u00f1\u00eda desaprovech\u00f3 una chance inmejorable para ponerse arriba en el marcador ante <strong><a href=\"https:\/\/dataref.net\/ar\/tag\/seleccion-austria\/\">Austria <\/a><\/strong>en la 2\u00b0 jornada de la fase de grupos del <strong><a href=\"https:\/\/dataref.net\/ar\/tag\/mundial-2026\/\">Mundial 2026<\/a><\/strong>.<\/p>\n\n\n\n<p class=\"wp-block-paragraph\">Tras una dura falta sobre Lautaro Mart\u00ednez, el \u00e1rbitro Amin Mohamed Omar dio penal para la Albiceleste. <strong><a href=\"https:\/\/dataref.net\/ar\/tag\/lionel-messi\/\">Lionel Messi<\/a><\/strong>, a pesar de su amplia experiencia bajo presi\u00f3n, no pudo capitalizar la oportunidad.<\/p>\n\n\n\n<figure class=\"wp-block-embed is-type-rich is-provider-x wp-block-embed-x\"><div class=\"wp-block-embed__wrapper\">\n<blockquote class=\"twitter-tweet\" data-width=\"550\" data-dnt=\"true\"><p lang=\"es\" dir=\"ltr\">\u274c\ud83c\udde6\ud83c\uddf7 LIONEL MESSI FALL\u00d3 EL PENAL ANTE AUSTRIA EN EL ARRANQUE DEL PARTIDO.  <a href=\"https:\/\/t.co\/s5rsNRqNbC\">pic.twitter.com\/s5rsNRqNbC<\/a><\/p>&mdash; dataref (@dataref_ar) <a href=\"https:\/\/x.com\/dataref_ar\/status\/2069107925348495714?ref_src=twsrc%5Etfw\">June 22, 2026<\/a><\/blockquote><script async src=\"https:\/\/platform.x.com\/widgets.js\" charset=\"utf-8\"><\/script>\n<\/div><\/figure>\n\n\n\n<p class=\"wp-block-paragraph\"><strong>En total, Lionel Messi, a pesar de su alta efectividad (78%) acumula 35 penales errados a lo largo de su carrera entre Europa, Selecci\u00f3n Argentina e Inter Miami.<\/strong><\/p>\n<div class=\"ays-arp-under-posts-container ays-arp-classy-layout \" id=\"ays-arp-under-posts-container-24843-6a9c5ef6e8fe9\"  data-id=\"6a9c5ef6e8fe9\" data-ratio=\"0.75\"><h2 class=\"ays-arp-under-posts-container-title\">Noticias relacionadas<\/h2><input type=\"hidden\" name=\"ays-arp-id-6a9c5ef6e8fe9\" value=\"24843\"><div class=\"ays-arp-under-posts\"><div class=\"ays-arp-under-post\"><div class=\"ays-arp-under-post-header\"><div class=\"ays-arp-under-post-img-row\"><a href=\"https:\/\/dataref.net\/ar\/las-sanciones-que-recibira-la-seleccion-argentina-tras-los-altercados-en-la-final-del-mundial-2026-ante-espana\/\" class=\"ays-arp-under-post-link\"  ><img src=\"https:\/\/dataref.net\/ar\/wp-content\/uploads\/2026\/08\/2286422408_f-768x461.jpg\" alt=\"\" class=\"ays-arp-under-post-img\"><img src=\"https:\/\/dataref.net\/ar\/wp-content\/uploads\/2026\/08\/2286422408_f-768x461.jpg\" alt=\"\" class=\"ays-arp-under-post-img ays-arp-under-post-img-mobile\"><span class=\"ays-arp-under-post-overlay-box\"><\/span><\/a><div class=\"ays-arp-under-post-title-row\"><div class=\"ays-arp-under-post-title\"><a href=\"https:\/\/dataref.net\/ar\/las-sanciones-que-recibira-la-seleccion-argentina-tras-los-altercados-en-la-final-del-mundial-2026-ante-espana\/\" class=\"ays-arp-under-post-link\"  >Las SANCIONES que recibir\u00e1 la Selecci\u00f3n Argentina...<\/a><\/div><\/div><\/div><\/div><div class=\"ays-arp-under-post-content\"><div class=\"ays-arp-under-post-excerpt-row\"><span class=\"ays-arp-under-post-excerpt\">\nA poco m\u00e1s de un mes de la final del...<\/span><\/div><\/div><\/div><div class=\"ays-arp-under-post\"><div class=\"ays-arp-under-post-header\"><div class=\"ays-arp-under-post-img-row\"><a href=\"https:\/\/dataref.net\/ar\/faltaba-el-otro-zaguero-el-gol-de-cuti-romero-para-el-3-2-de-argentina-ante-cabo-verde\/\" class=\"ays-arp-under-post-link\"  ><img src=\"https:\/\/dataref.net\/ar\/wp-content\/uploads\/2026\/07\/2284555411_f-768x461.jpg\" alt=\"\" class=\"ays-arp-under-post-img\"><img src=\"https:\/\/dataref.net\/ar\/wp-content\/uploads\/2026\/07\/2284555411_f-768x461.jpg\" alt=\"\" class=\"ays-arp-under-post-img ays-arp-under-post-img-mobile\"><span class=\"ays-arp-under-post-overlay-box\"><\/span><\/a><div class=\"ays-arp-under-post-title-row\"><div class=\"ays-arp-under-post-title\"><a href=\"https:\/\/dataref.net\/ar\/faltaba-el-otro-zaguero-el-gol-de-cuti-romero-para-el-3-2-de-argentina-ante-cabo-verde\/\" class=\"ays-arp-under-post-link\"  >\u00a1FALTABA EL OTRO ZAGUERO! El gol de...<\/a><\/div><\/div><\/div><\/div><div class=\"ays-arp-under-post-content\"><div class=\"ays-arp-under-post-excerpt-row\"><span class=\"ays-arp-under-post-excerpt\">\nA los 6 minutos del segundo tiempo del alargue, la...<\/span><\/div><\/div><\/div><div class=\"ays-arp-under-post\"><div class=\"ays-arp-under-post-header\"><div class=\"ays-arp-under-post-img-row\"><a href=\"https:\/\/dataref.net\/ar\/para-volver-a-respirar-el-golazo-de-lisandro-martinez-para-el-2-1-de-argentina-ante-cabo-verde\/\" class=\"ays-arp-under-post-link\"  ><img src=\"https:\/\/dataref.net\/ar\/wp-content\/uploads\/2026\/07\/2284553397_f-768x461.jpg\" alt=\"\" class=\"ays-arp-under-post-img\"><img src=\"https:\/\/dataref.net\/ar\/wp-content\/uploads\/2026\/07\/2284553397_f-768x461.jpg\" alt=\"\" class=\"ays-arp-under-post-img ays-arp-under-post-img-mobile\"><span class=\"ays-arp-under-post-overlay-box\"><\/span><\/a><div class=\"ays-arp-under-post-title-row\"><div class=\"ays-arp-under-post-title\"><a href=\"https:\/\/dataref.net\/ar\/para-volver-a-respirar-el-golazo-de-lisandro-martinez-para-el-2-1-de-argentina-ante-cabo-verde\/\" class=\"ays-arp-under-post-link\"  >\u00a1PARA VOLVER A RESPIRAR! El GOLAZO de...<\/a><\/div><\/div><\/div><\/div><div class=\"ays-arp-under-post-content\"><div class=\"ays-arp-under-post-excerpt-row\"><span class=\"ays-arp-under-post-excerpt\">\nLa Selecci\u00f3n Argentina de Lionel Scaloni vuelve a ponerse en...<\/span><\/div><\/div><\/div><\/div><style type=\"text\/css\">\n            #ays-arp-under-posts-container-24843-6a9c5ef6e8fe9 {\n                width: 100%;\n                word-break: break-word;\n            }\n\n            #ays-arp-under-posts-container-24843-6a9c5ef6e8fe9 .ays-arp-under-post {\n                width: calc(33% - 10px);\n                padding: 10px;\n                border: none;\n            }\n\n            #ays-arp-under-posts-container-24843-6a9c5ef6e8fe9 .ays-arp-under-post-img-row .ays-arp-under-post-img {\n\t\t\t    object-fit: contain;\n\t\t\t    object-position:center center;\n                border: unset;\n                padding: unset;\n                border-radius: 0px;\n                height: 100%\n            }\n\n            #ays-arp-under-posts-container-24843-6a9c5ef6e8fe9 .ays-arp-under-posts-container-title,\n            #ays-arp-under-posts-container-24843-6a9c5ef6e8fe9 .ays-arp-under-post-title  .ays-arp-under-post-link,\n            #ays-arp-under-posts-container-24843-6a9c5ef6e8fe9 .ays-arp-under-post-excerpt-row {\n                color: #333333;\n            }\n\n            #ays-arp-under-posts-container-24843-6a9c5ef6e8fe9  .ays-arp-under-posts  .ays-arp-under-post {\n                background-color: rgba(255,255,255,0);\n            }\n\n            #ays-arp-under-posts-container-24843-6a9c5ef6e8fe9  .ays-arp-under-posts  .ays-arp-under-post:hover {\n                background-color: rgba(255,255,255,0);\n            }\n\n            #ays-arp-under-posts-container-24843-6a9c5ef6e8fe9 .ays-arp-under-post-title,\n            #ays-arp-under-posts-container-24843-6a9c5ef6e8fe9 .ays-arp-under-post-link {\n                line-height: 1.5;\n            }\n\n            #ays-arp-under-posts-container-24843-6a9c5ef6e8fe9 .ays-arp-under-post-title a{\n                font-size: 12px;\n            }\n\n            #ays-arp-under-posts-container-24843-6a9c5ef6e8fe9 .ays-arp-under-post-date-author-row {\n                color: rgba(51,51,51,0.7);\n            }\n\n            #ays-arp-under-posts-container-24843-6a9c5ef6e8fe9 .ays-arp-under-posts a:active,\n            #ays-arp-under-posts-container-24843-6a9c5ef6e8fe9 .ays-arp-under-posts a:hover,\n            #ays-arp-under-posts-container-24843-6a9c5ef6e8fe9 .ays-arp-under-posts a:focus,\n            #ays-arp-under-posts-container-24843-6a9c5ef6e8fe9 .ays-arp-under-posts a {\n                text-decoration: unset;\n                cursor: pointer;\n                outline: unset;\n                text-decoration-skip-ink: none;\n                background: unset;\n                opacity: 1;\n            }\n\n            #ays-arp-under-posts-container-24843-6a9c5ef6e8fe9 .ays-arp-under-post-img-row .ays-arp-under-post-img.ays-arp-under-post-img-mobile {\n                display: none;                    \n            }\n\n            @media screen and (max-width: 768px){\n\n                #ays-arp-under-posts-container-24843-6a9c5ef6e8fe9 .ays-arp-under-post-img-row .ays-arp-under-post-img {\n                    object-fit: contain;\n                    display: none;                    \n                }\n\n                #ays-arp-under-posts-container-24843-6a9c5ef6e8fe9 .ays-arp-under-post-img-row .ays-arp-under-post-img.ays-arp-under-post-img-mobile {\n                    display: inline-block;                    \n                }\n\n                #ays-arp-under-posts-container-24843-6a9c5ef6e8fe9 .ays-arp-under-post-title a{\n                    font-size: 12px;\n                }\n\n                #ays-arp-under-posts-container-24843-6a9c5ef6e8fe9 .ays-arp-under-post {\n                    width: calc(33% - 10px);\n                    border: none;\n                }\n\n                #ays-arp-under-posts-container-24843-6a9c5ef6e8fe9 .ays-arp-under-posts-container-title,\n                #ays-arp-under-posts-container-24843-6a9c5ef6e8fe9 .ays-arp-under-post-title  .ays-arp-under-post-link,\n                #ays-arp-under-posts-container-24843-6a9c5ef6e8fe9 .ays-arp-under-post-excerpt-row {\n                    color: #333;\n                }\n\n                #ays-arp-under-posts-container-24843-6a9c5ef6e8fe9 .ays-arp-under-post-date-author-row {\n                    color: rgba(51,51,51,0.7);\n                }\n\n                #ays-arp-under-posts-container-24843-6a9c5ef6e8fe9  .ays-arp-under-posts  .ays-arp-under-post {\n                    background-color: rgba(255,255,255,0);\n                }\n            }\n\n            \n            \/* Layout CSS *\/\n            #ays-arp-under-posts-container-24843-6a9c5ef6e8fe9.ays-arp-classy-layout .ays-arp-under-post-date-author-row {\n                \/*border-bottom: 0.5px solid rgba(51,51,51,0.4);*\/\n                border: unset;\n            }\n\n            #ays-arp-under-posts-container-24843-6a9c5ef6e8fe9.ays-arp-classy-layout .ays-arp-under-post {\n                padding: 0;\n                \/*border: 0.5px solid rgb(236 237 241);*\/\n                border-radius: 0px;\n                overflow:hidden;\n            }\n\n            #ays-arp-under-posts-container-24843-6a9c5ef6e8fe9.ays-arp-classy-layout .ays-arp-under-post-content {\n                padding: 10px;\n            }\n\n            #ays-arp-under-posts-container-24843-6a9c5ef6e8fe9.ays-arp-classy-layout .ays-arp-under-post-img-row,\n            #ays-arp-under-posts-container-24843-6a9c5ef6e8fe9.ays-arp-classy-layout .ays-arp-under-post-img-row img {\n                border-radius: 0px;\n            }\n\n            #ays-arp-under-posts-container-24843-6a9c5ef6e8fe9.ays-arp-classy-layout .ays-arp-under-post-link {\n                color: #fff;\n            }\n            \n            <\/style><\/div>","protected":false},"excerpt":{"rendered":"<p>La Selecci\u00f3n Argentina de Lionel Scaloni y compa\u00f1\u00eda desaprovech\u00f3 una chance inmejorable para ponerse arriba en el marcador ante Austria en la 2\u00b0 jornada de la fase de grupos del Mundial 2026. Tras una dura falta sobre Lautaro Mart\u00ednez, el \u00e1rbitro Amin Mohamed Omar dio penal para la Albiceleste. Lionel Messi, a pesar de su [&hellip;]<\/p>\n","protected":false},"author":5,"featured_media":24844,"comment_status":"open","ping_status":"open","sticky":false,"template":"","format":"standard","meta":{"_acf_changed":false,"footnotes":""},"categories":[81],"tags":[66,1361,216,2428],"class_list":["post-24843","post","type-post","status-publish","format-standard","has-post-thumbnail","hentry","category-seleccion-argentina","tag-lionel-messi","tag-mundial-2026","tag-seleccion-argentina","tag-seleccion-austria"],"acf":[],"yoast_head":"<!-- This site is optimized with the Yoast SEO Premium plugin v27.6.1 (Yoast SEO v26.9) - https:\/\/yoast.com\/product\/yoast-seo-premium-wordpress\/ -->\n<title>VIDEO: el penal ERRADO de Lionel Messi en Argentina-Austria - dataref Argentina<\/title>\n<meta name=\"robots\" content=\"index, follow, max-snippet:-1, max-image-preview:large, max-video-preview:-1\" \/>\n<link rel=\"canonical\" href=\"https:\/\/dataref.net\/ar\/video-el-penal-errado-de-lionel-messi-en-argentina-austria\/\" \/>\n<meta property=\"og:locale\" content=\"es_ES\" \/>\n<meta property=\"og:type\" content=\"article\" \/>\n<meta property=\"og:title\" content=\"VIDEO: el penal ERRADO de Lionel Messi en Argentina-Austria - dataref Argentina\" \/>\n<meta property=\"og:description\" content=\"La Selecci\u00f3n Argentina de Lionel Scaloni y compa\u00f1\u00eda desaprovech\u00f3 una chance inmejorable para ponerse arriba en el marcador ante Austria en la 2\u00b0 jornada de la fase de grupos del Mundial 2026. Tras una dura falta sobre Lautaro Mart\u00ednez, el \u00e1rbitro Amin Mohamed Omar dio penal para la Albiceleste. Lionel Messi, a pesar de su [&hellip;]\" \/>\n<meta property=\"og:url\" content=\"https:\/\/dataref.net\/ar\/video-el-penal-errado-de-lionel-messi-en-argentina-austria\/\" \/>\n<meta property=\"og:site_name\" content=\"dataref Argentina\" \/>\n<meta property=\"article:published_time\" content=\"2026-06-22T17:22:12+00:00\" \/>\n<meta property=\"article:modified_time\" content=\"2026-06-22T17:40:21+00:00\" \/>\n<meta property=\"og:image\" content=\"https:\/\/dataref.net\/ar\/wp-content\/uploads\/2026\/06\/gettyimages-2281365430-2048x2048-1.jpg\" \/>\n\t<meta property=\"og:image:width\" content=\"800\" \/>\n\t<meta property=\"og:image:height\" content=\"480\" \/>\n\t<meta property=\"og:image:type\" content=\"image\/jpeg\" \/>\n<meta name=\"author\" content=\"Pablo Torrado\" \/>\n<meta name=\"twitter:card\" content=\"summary_large_image\" \/>\n<meta name=\"twitter:creator\" content=\"@pablotorrado1\" \/>\n<meta name=\"twitter:site\" content=\"@dataref_ar\" \/>\n<meta name=\"twitter:label1\" content=\"Escrito por\" \/>\n\t<meta name=\"twitter:data1\" content=\"Pablo Torrado\" \/>\n\t<meta name=\"twitter:label2\" content=\"Tiempo de lectura\" \/>\n\t<meta name=\"twitter:data2\" content=\"1 minuto\" \/>\n<script type=\"application\/ld+json\" class=\"yoast-schema-graph\">{\"@context\":\"https:\/\/schema.org\",\"@graph\":[{\"@type\":\"Article\",\"@id\":\"https:\/\/dataref.net\/ar\/video-el-penal-errado-de-lionel-messi-en-argentina-austria\/#article\",\"isPartOf\":{\"@id\":\"https:\/\/dataref.net\/ar\/video-el-penal-errado-de-lionel-messi-en-argentina-austria\/\"},\"author\":{\"name\":\"Pablo Torrado\",\"@id\":\"https:\/\/dataref.net\/ar\/#\/schema\/person\/7d31a734ed991d8bf9a0241e4ee582b0\"},\"headline\":\"VIDEO: el penal ERRADO de Lionel Messi en Argentina-Austria\",\"datePublished\":\"2026-06-22T17:22:12+00:00\",\"dateModified\":\"2026-06-22T17:40:21+00:00\",\"mainEntityOfPage\":{\"@id\":\"https:\/\/dataref.net\/ar\/video-el-penal-errado-de-lionel-messi-en-argentina-austria\/\"},\"wordCount\":109,\"commentCount\":0,\"publisher\":{\"@id\":\"https:\/\/dataref.net\/ar\/#\/schema\/person\/cbb7c456fbc21183bdb2dc5bbb7d63b3\"},\"image\":{\"@id\":\"https:\/\/dataref.net\/ar\/video-el-penal-errado-de-lionel-messi-en-argentina-austria\/#primaryimage\"},\"thumbnailUrl\":\"https:\/\/dataref.net\/ar\/wp-content\/uploads\/2026\/06\/gettyimages-2281365430-2048x2048-1.jpg\",\"keywords\":[\"Lionel Messi\",\"Mundial 2026\",\"Selecci\u00f3n Argentina\",\"Selecci\u00f3n Austria\"],\"articleSection\":[\"Selecci\u00f3n Argentina\"],\"inLanguage\":\"es-AR\",\"potentialAction\":[{\"@type\":\"CommentAction\",\"name\":\"Comment\",\"target\":[\"https:\/\/dataref.net\/ar\/video-el-penal-errado-de-lionel-messi-en-argentina-austria\/#respond\"]}]},{\"@type\":\"WebPage\",\"@id\":\"https:\/\/dataref.net\/ar\/video-el-penal-errado-de-lionel-messi-en-argentina-austria\/\",\"url\":\"https:\/\/dataref.net\/ar\/video-el-penal-errado-de-lionel-messi-en-argentina-austria\/\",\"name\":\"VIDEO: el penal ERRADO de Lionel Messi en Argentina-Austria - dataref Argentina\",\"isPartOf\":{\"@id\":\"https:\/\/dataref.net\/ar\/#website\"},\"primaryImageOfPage\":{\"@id\":\"https:\/\/dataref.net\/ar\/video-el-penal-errado-de-lionel-messi-en-argentina-austria\/#primaryimage\"},\"image\":{\"@id\":\"https:\/\/dataref.net\/ar\/video-el-penal-errado-de-lionel-messi-en-argentina-austria\/#primaryimage\"},\"thumbnailUrl\":\"https:\/\/dataref.net\/ar\/wp-content\/uploads\/2026\/06\/gettyimages-2281365430-2048x2048-1.jpg\",\"datePublished\":\"2026-06-22T17:22:12+00:00\",\"dateModified\":\"2026-06-22T17:40:21+00:00\",\"breadcrumb\":{\"@id\":\"https:\/\/dataref.net\/ar\/video-el-penal-errado-de-lionel-messi-en-argentina-austria\/#breadcrumb\"},\"inLanguage\":\"es-AR\",\"potentialAction\":[{\"@type\":\"ReadAction\",\"target\":[\"https:\/\/dataref.net\/ar\/video-el-penal-errado-de-lionel-messi-en-argentina-austria\/\"]}]},{\"@type\":\"ImageObject\",\"inLanguage\":\"es-AR\",\"@id\":\"https:\/\/dataref.net\/ar\/video-el-penal-errado-de-lionel-messi-en-argentina-austria\/#primaryimage\",\"url\":\"https:\/\/dataref.net\/ar\/wp-content\/uploads\/2026\/06\/gettyimages-2281365430-2048x2048-1.jpg\",\"contentUrl\":\"https:\/\/dataref.net\/ar\/wp-content\/uploads\/2026\/06\/gettyimages-2281365430-2048x2048-1.jpg\",\"width\":800,\"height\":480},{\"@type\":\"BreadcrumbList\",\"@id\":\"https:\/\/dataref.net\/ar\/video-el-penal-errado-de-lionel-messi-en-argentina-austria\/#breadcrumb\",\"itemListElement\":[{\"@type\":\"ListItem\",\"position\":1,\"name\":\"Home\",\"item\":\"https:\/\/dataref.net\/ar\/\"},{\"@type\":\"ListItem\",\"position\":2,\"name\":\"VIDEO: el penal ERRADO de Lionel Messi en Argentina-Austria\"}]},{\"@type\":\"WebSite\",\"@id\":\"https:\/\/dataref.net\/ar\/#website\",\"url\":\"https:\/\/dataref.net\/ar\/\",\"name\":\"dataref\",\"description\":\"\",\"publisher\":{\"@id\":\"https:\/\/dataref.net\/ar\/#\/schema\/person\/cbb7c456fbc21183bdb2dc5bbb7d63b3\"},\"potentialAction\":[{\"@type\":\"SearchAction\",\"target\":{\"@type\":\"EntryPoint\",\"urlTemplate\":\"https:\/\/dataref.net\/ar\/?s={search_term_string}\"},\"query-input\":{\"@type\":\"PropertyValueSpecification\",\"valueRequired\":true,\"valueName\":\"search_term_string\"}}],\"inLanguage\":\"es-AR\"},{\"@type\":[\"Person\",\"Organization\"],\"@id\":\"https:\/\/dataref.net\/ar\/#\/schema\/person\/cbb7c456fbc21183bdb2dc5bbb7d63b3\",\"name\":\"datarefNews\",\"image\":{\"@type\":\"ImageObject\",\"inLanguage\":\"es-AR\",\"@id\":\"https:\/\/dataref.net\/ar\/#\/schema\/person\/image\/\",\"url\":\"https:\/\/dataref.net\/ar\/wp-content\/uploads\/2023\/12\/cropped-cropped-dataref-logo-blanco.4d39855902e69a709381.png\",\"contentUrl\":\"https:\/\/dataref.net\/ar\/wp-content\/uploads\/2023\/12\/cropped-cropped-dataref-logo-blanco.4d39855902e69a709381.png\",\"width\":1500,\"height\":428,\"caption\":\"datarefNews\"},\"logo\":{\"@id\":\"https:\/\/dataref.net\/ar\/#\/schema\/person\/image\/\"},\"description\":\"Creador de noticias de Dataref\",\"sameAs\":[\"https:\/\/dataref.net\/ar\",\"https:\/\/x.com\/dataref_ar\"]},{\"@type\":\"Person\",\"@id\":\"https:\/\/dataref.net\/ar\/#\/schema\/person\/7d31a734ed991d8bf9a0241e4ee582b0\",\"name\":\"Pablo Torrado\",\"image\":{\"@type\":\"ImageObject\",\"inLanguage\":\"es-AR\",\"@id\":\"https:\/\/dataref.net\/ar\/#\/schema\/person\/image\/\",\"url\":\"https:\/\/secure.gravatar.com\/avatar\/ed11bc43a7be13565747f5ca3e52c4370764d399e7436984d84006b7df2a58a6?s=96&d=mm&r=g\",\"contentUrl\":\"https:\/\/secure.gravatar.com\/avatar\/ed11bc43a7be13565747f5ca3e52c4370764d399e7436984d84006b7df2a58a6?s=96&d=mm&r=g\",\"caption\":\"Pablo Torrado\"},\"sameAs\":[\"https:\/\/x.com\/pablotorrado1\"],\"url\":\"https:\/\/dataref.net\/ar\/author\/ptorrado\/\"}]}<\/script>\n<!-- \/ Yoast SEO Premium plugin. -->","yoast_head_json":{"title":"VIDEO: el penal ERRADO de Lionel Messi en Argentina-Austria - dataref Argentina","robots":{"index":"index","follow":"follow","max-snippet":"max-snippet:-1","max-image-preview":"max-image-preview:large","max-video-preview":"max-video-preview:-1"},"canonical":"https:\/\/dataref.net\/ar\/video-el-penal-errado-de-lionel-messi-en-argentina-austria\/","og_locale":"es_ES","og_type":"article","og_title":"VIDEO: el penal ERRADO de Lionel Messi en Argentina-Austria - dataref Argentina","og_description":"La Selecci\u00f3n Argentina de Lionel Scaloni y compa\u00f1\u00eda desaprovech\u00f3 una chance inmejorable para ponerse arriba en el marcador ante Austria en la 2\u00b0 jornada de la fase de grupos del Mundial 2026. Tras una dura falta sobre Lautaro Mart\u00ednez, el \u00e1rbitro Amin Mohamed Omar dio penal para la Albiceleste. Lionel Messi, a pesar de su [&hellip;]","og_url":"https:\/\/dataref.net\/ar\/video-el-penal-errado-de-lionel-messi-en-argentina-austria\/","og_site_name":"dataref Argentina","article_published_time":"2026-06-22T17:22:12+00:00","article_modified_time":"2026-06-22T17:40:21+00:00","og_image":[{"width":800,"height":480,"url":"https:\/\/dataref.net\/ar\/wp-content\/uploads\/2026\/06\/gettyimages-2281365430-2048x2048-1.jpg","type":"image\/jpeg"}],"author":"Pablo Torrado","twitter_card":"summary_large_image","twitter_creator":"@pablotorrado1","twitter_site":"@dataref_ar","twitter_misc":{"Escrito por":"Pablo Torrado","Tiempo de lectura":"1 minuto"},"schema":{"@context":"https:\/\/schema.org","@graph":[{"@type":"Article","@id":"https:\/\/dataref.net\/ar\/video-el-penal-errado-de-lionel-messi-en-argentina-austria\/#article","isPartOf":{"@id":"https:\/\/dataref.net\/ar\/video-el-penal-errado-de-lionel-messi-en-argentina-austria\/"},"author":{"name":"Pablo Torrado","@id":"https:\/\/dataref.net\/ar\/#\/schema\/person\/7d31a734ed991d8bf9a0241e4ee582b0"},"headline":"VIDEO: el penal ERRADO de Lionel Messi en Argentina-Austria","datePublished":"2026-06-22T17:22:12+00:00","dateModified":"2026-06-22T17:40:21+00:00","mainEntityOfPage":{"@id":"https:\/\/dataref.net\/ar\/video-el-penal-errado-de-lionel-messi-en-argentina-austria\/"},"wordCount":109,"commentCount":0,"publisher":{"@id":"https:\/\/dataref.net\/ar\/#\/schema\/person\/cbb7c456fbc21183bdb2dc5bbb7d63b3"},"image":{"@id":"https:\/\/dataref.net\/ar\/video-el-penal-errado-de-lionel-messi-en-argentina-austria\/#primaryimage"},"thumbnailUrl":"https:\/\/dataref.net\/ar\/wp-content\/uploads\/2026\/06\/gettyimages-2281365430-2048x2048-1.jpg","keywords":["Lionel Messi","Mundial 2026","Selecci\u00f3n Argentina","Selecci\u00f3n Austria"],"articleSection":["Selecci\u00f3n Argentina"],"inLanguage":"es-AR","potentialAction":[{"@type":"CommentAction","name":"Comment","target":["https:\/\/dataref.net\/ar\/video-el-penal-errado-de-lionel-messi-en-argentina-austria\/#respond"]}]},{"@type":"WebPage","@id":"https:\/\/dataref.net\/ar\/video-el-penal-errado-de-lionel-messi-en-argentina-austria\/","url":"https:\/\/dataref.net\/ar\/video-el-penal-errado-de-lionel-messi-en-argentina-austria\/","name":"VIDEO: el penal ERRADO de Lionel Messi en Argentina-Austria - dataref Argentina","isPartOf":{"@id":"https:\/\/dataref.net\/ar\/#website"},"primaryImageOfPage":{"@id":"https:\/\/dataref.net\/ar\/video-el-penal-errado-de-lionel-messi-en-argentina-austria\/#primaryimage"},"image":{"@id":"https:\/\/dataref.net\/ar\/video-el-penal-errado-de-lionel-messi-en-argentina-austria\/#primaryimage"},"thumbnailUrl":"https:\/\/dataref.net\/ar\/wp-content\/uploads\/2026\/06\/gettyimages-2281365430-2048x2048-1.jpg","datePublished":"2026-06-22T17:22:12+00:00","dateModified":"2026-06-22T17:40:21+00:00","breadcrumb":{"@id":"https:\/\/dataref.net\/ar\/video-el-penal-errado-de-lionel-messi-en-argentina-austria\/#breadcrumb"},"inLanguage":"es-AR","potentialAction":[{"@type":"ReadAction","target":["https:\/\/dataref.net\/ar\/video-el-penal-errado-de-lionel-messi-en-argentina-austria\/"]}]},{"@type":"ImageObject","inLanguage":"es-AR","@id":"https:\/\/dataref.net\/ar\/video-el-penal-errado-de-lionel-messi-en-argentina-austria\/#primaryimage","url":"https:\/\/dataref.net\/ar\/wp-content\/uploads\/2026\/06\/gettyimages-2281365430-2048x2048-1.jpg","contentUrl":"https:\/\/dataref.net\/ar\/wp-content\/uploads\/2026\/06\/gettyimages-2281365430-2048x2048-1.jpg","width":800,"height":480},{"@type":"BreadcrumbList","@id":"https:\/\/dataref.net\/ar\/video-el-penal-errado-de-lionel-messi-en-argentina-austria\/#breadcrumb","itemListElement":[{"@type":"ListItem","position":1,"name":"Home","item":"https:\/\/dataref.net\/ar\/"},{"@type":"ListItem","position":2,"name":"VIDEO: el penal ERRADO de Lionel Messi en Argentina-Austria"}]},{"@type":"WebSite","@id":"https:\/\/dataref.net\/ar\/#website","url":"https:\/\/dataref.net\/ar\/","name":"dataref","description":"","publisher":{"@id":"https:\/\/dataref.net\/ar\/#\/schema\/person\/cbb7c456fbc21183bdb2dc5bbb7d63b3"},"potentialAction":[{"@type":"SearchAction","target":{"@type":"EntryPoint","urlTemplate":"https:\/\/dataref.net\/ar\/?s={search_term_string}"},"query-input":{"@type":"PropertyValueSpecification","valueRequired":true,"valueName":"search_term_string"}}],"inLanguage":"es-AR"},{"@type":["Person","Organization"],"@id":"https:\/\/dataref.net\/ar\/#\/schema\/person\/cbb7c456fbc21183bdb2dc5bbb7d63b3","name":"datarefNews","image":{"@type":"ImageObject","inLanguage":"es-AR","@id":"https:\/\/dataref.net\/ar\/#\/schema\/person\/image\/","url":"https:\/\/dataref.net\/ar\/wp-content\/uploads\/2023\/12\/cropped-cropped-dataref-logo-blanco.4d39855902e69a709381.png","contentUrl":"https:\/\/dataref.net\/ar\/wp-content\/uploads\/2023\/12\/cropped-cropped-dataref-logo-blanco.4d39855902e69a709381.png","width":1500,"height":428,"caption":"datarefNews"},"logo":{"@id":"https:\/\/dataref.net\/ar\/#\/schema\/person\/image\/"},"description":"Creador de noticias de Dataref","sameAs":["https:\/\/dataref.net\/ar","https:\/\/x.com\/dataref_ar"]},{"@type":"Person","@id":"https:\/\/dataref.net\/ar\/#\/schema\/person\/7d31a734ed991d8bf9a0241e4ee582b0","name":"Pablo Torrado","image":{"@type":"ImageObject","inLanguage":"es-AR","@id":"https:\/\/dataref.net\/ar\/#\/schema\/person\/image\/","url":"https:\/\/secure.gravatar.com\/avatar\/ed11bc43a7be13565747f5ca3e52c4370764d399e7436984d84006b7df2a58a6?s=96&d=mm&r=g","contentUrl":"https:\/\/secure.gravatar.com\/avatar\/ed11bc43a7be13565747f5ca3e52c4370764d399e7436984d84006b7df2a58a6?s=96&d=mm&r=g","caption":"Pablo Torrado"},"sameAs":["https:\/\/x.com\/pablotorrado1"],"url":"https:\/\/dataref.net\/ar\/author\/ptorrado\/"}]}},"_links":{"self":[{"href":"https:\/\/dataref.net\/ar\/wp-json\/wp\/v2\/posts\/24843","targetHints":{"allow":["GET"]}}],"collection":[{"href":"https:\/\/dataref.net\/ar\/wp-json\/wp\/v2\/posts"}],"about":[{"href":"https:\/\/dataref.net\/ar\/wp-json\/wp\/v2\/types\/post"}],"author":[{"embeddable":true,"href":"https:\/\/dataref.net\/ar\/wp-json\/wp\/v2\/users\/5"}],"replies":[{"embeddable":true,"href":"https:\/\/dataref.net\/ar\/wp-json\/wp\/v2\/comments?post=24843"}],"version-history":[{"count":8,"href":"https:\/\/dataref.net\/ar\/wp-json\/wp\/v2\/posts\/24843\/revisions"}],"predecessor-version":[{"id":24854,"href":"https:\/\/dataref.net\/ar\/wp-json\/wp\/v2\/posts\/24843\/revisions\/24854"}],"wp:featuredmedia":[{"embeddable":true,"href":"https:\/\/dataref.net\/ar\/wp-json\/wp\/v2\/media\/24844"}],"wp:attachment":[{"href":"https:\/\/dataref.net\/ar\/wp-json\/wp\/v2\/media?parent=24843"}],"wp:term":[{"taxonomy":"category","embeddable":true,"href":"https:\/\/dataref.net\/ar\/wp-json\/wp\/v2\/categories?post=24843"},{"taxonomy":"post_tag","embeddable":true,"href":"https:\/\/dataref.net\/ar\/wp-json\/wp\/v2\/tags?post=24843"}],"curies":[{"name":"wp","href":"https:\/\/api.w.org\/{rel}","templated":true}]}}