{"id":24817,"date":"2026-06-16T23:30:56","date_gmt":"2026-06-17T02:30:56","guid":{"rendered":"https:\/\/dataref.net\/ar\/?p=24817"},"modified":"2026-06-16T23:32:04","modified_gmt":"2026-06-17T02:32:04","slug":"video-el-doblete-de-lionel-messi-para-el-2-0-de-argentina-ante-argelia","status":"publish","type":"post","link":"https:\/\/dataref.net\/ar\/video-el-doblete-de-lionel-messi-para-el-2-0-de-argentina-ante-argelia\/","title":{"rendered":"VIDEO: el DOBLETE de Lionel Messi para el 2-0 de Argentina ante Argelia"},"content":{"rendered":"\n<p class=\"wp-block-paragraph\"><strong>A<a href=\"https:\/\/dataref.net\/ar\/tag\/lionel-messi\/\"> Lionel Messi<\/a> le sale de todo en el encuentro entre <a href=\"https:\/\/dataref.net\/ar\/tag\/seleccion-argentina-2\/\">Argentina <\/a>y <a href=\"https:\/\/dataref.net\/ar\/tag\/seleccion-argelia-2\/\">Argelia <\/a>por la primera fecha del <a href=\"https:\/\/dataref.net\/ar\/tag\/mundial-2026\/\">Mundial 2026<\/a>, en el que anot\u00f3 los dos goles de la victoria parcial 2-0.<\/strong><\/p>\n\n\n\n<p class=\"wp-block-paragraph\"><strong>&#8220;La Pulga&#8221; puso el segundo tanto en el marcador casi que de fortuna, ya que tras un gran remate de Alexis Mac Allister, aprovech\u00f3 el rebote de Luca Zidane para definir con sutileza con su pierna derecha.<\/strong><\/p>\n\n\n\n<figure class=\"wp-block-embed is-type-rich is-provider-x wp-block-embed-x\"><div class=\"wp-block-embed__wrapper\">\n<blockquote class=\"twitter-tweet\" data-width=\"550\" data-dnt=\"true\"><p lang=\"es\" dir=\"ltr\">\ud83c\udde6\ud83c\uddf7\u26bd\ufe0f \u00a1\u00a1EL OLFATO GOLEADOR DE MESSI PARA EL 2-0 DE ARGENTINA ANTE ARGELIA!! <a href=\"https:\/\/t.co\/vDwUsFT2XW\">pic.twitter.com\/vDwUsFT2XW<\/a><\/p>&mdash; dataref (@dataref_ar) <a href=\"https:\/\/x.com\/dataref_ar\/status\/2067071495344439384?ref_src=twsrc%5Etfw\">June 17, 2026<\/a><\/blockquote><script async src=\"https:\/\/platform.x.com\/widgets.js\" charset=\"utf-8\"><\/script>\n<\/div><\/figure>\n\n\n\n<p class=\"wp-block-paragraph\"><strong>Con este gol alcanza los 15 tantos en Copas del Mundo, a tan s\u00f3lo un gol del r\u00e9cord del ex delantero alem\u00e1n Miroslav Klose, que tiene 16.<\/strong><\/p>\n<div class=\"ays-arp-under-posts-container ays-arp-classy-layout \" id=\"ays-arp-under-posts-container-24817-6a9c8610a8088\"  data-id=\"6a9c8610a8088\" data-ratio=\"0.75\"><h2 class=\"ays-arp-under-posts-container-title\">Noticias relacionadas<\/h2><input type=\"hidden\" name=\"ays-arp-id-6a9c8610a8088\" value=\"24817\"><div class=\"ays-arp-under-posts\"><div class=\"ays-arp-under-post\"><div class=\"ays-arp-under-post-header\"><div class=\"ays-arp-under-post-img-row\"><a href=\"https:\/\/dataref.net\/ar\/las-sanciones-que-recibira-la-seleccion-argentina-tras-los-altercados-en-la-final-del-mundial-2026-ante-espana\/\" class=\"ays-arp-under-post-link\"  ><img src=\"https:\/\/dataref.net\/ar\/wp-content\/uploads\/2026\/08\/2286422408_f-768x461.jpg\" alt=\"\" class=\"ays-arp-under-post-img\"><img src=\"https:\/\/dataref.net\/ar\/wp-content\/uploads\/2026\/08\/2286422408_f-768x461.jpg\" alt=\"\" class=\"ays-arp-under-post-img ays-arp-under-post-img-mobile\"><span class=\"ays-arp-under-post-overlay-box\"><\/span><\/a><div class=\"ays-arp-under-post-title-row\"><div class=\"ays-arp-under-post-title\"><a href=\"https:\/\/dataref.net\/ar\/las-sanciones-que-recibira-la-seleccion-argentina-tras-los-altercados-en-la-final-del-mundial-2026-ante-espana\/\" class=\"ays-arp-under-post-link\"  >Las SANCIONES que recibir\u00e1 la Selecci\u00f3n Argentina...<\/a><\/div><\/div><\/div><\/div><div class=\"ays-arp-under-post-content\"><div class=\"ays-arp-under-post-excerpt-row\"><span class=\"ays-arp-under-post-excerpt\">\nA poco m\u00e1s de un mes de la final del...<\/span><\/div><\/div><\/div><div class=\"ays-arp-under-post\"><div class=\"ays-arp-under-post-header\"><div class=\"ays-arp-under-post-img-row\"><a href=\"https:\/\/dataref.net\/ar\/faltaba-el-otro-zaguero-el-gol-de-cuti-romero-para-el-3-2-de-argentina-ante-cabo-verde\/\" class=\"ays-arp-under-post-link\"  ><img src=\"https:\/\/dataref.net\/ar\/wp-content\/uploads\/2026\/07\/2284555411_f-768x461.jpg\" alt=\"\" class=\"ays-arp-under-post-img\"><img src=\"https:\/\/dataref.net\/ar\/wp-content\/uploads\/2026\/07\/2284555411_f-768x461.jpg\" alt=\"\" class=\"ays-arp-under-post-img ays-arp-under-post-img-mobile\"><span class=\"ays-arp-under-post-overlay-box\"><\/span><\/a><div class=\"ays-arp-under-post-title-row\"><div class=\"ays-arp-under-post-title\"><a href=\"https:\/\/dataref.net\/ar\/faltaba-el-otro-zaguero-el-gol-de-cuti-romero-para-el-3-2-de-argentina-ante-cabo-verde\/\" class=\"ays-arp-under-post-link\"  >\u00a1FALTABA EL OTRO ZAGUERO! El gol de...<\/a><\/div><\/div><\/div><\/div><div class=\"ays-arp-under-post-content\"><div class=\"ays-arp-under-post-excerpt-row\"><span class=\"ays-arp-under-post-excerpt\">\nA los 6 minutos del segundo tiempo del alargue, la...<\/span><\/div><\/div><\/div><div class=\"ays-arp-under-post\"><div class=\"ays-arp-under-post-header\"><div class=\"ays-arp-under-post-img-row\"><a href=\"https:\/\/dataref.net\/ar\/para-volver-a-respirar-el-golazo-de-lisandro-martinez-para-el-2-1-de-argentina-ante-cabo-verde\/\" class=\"ays-arp-under-post-link\"  ><img src=\"https:\/\/dataref.net\/ar\/wp-content\/uploads\/2026\/07\/2284553397_f-768x461.jpg\" alt=\"\" class=\"ays-arp-under-post-img\"><img src=\"https:\/\/dataref.net\/ar\/wp-content\/uploads\/2026\/07\/2284553397_f-768x461.jpg\" alt=\"\" class=\"ays-arp-under-post-img ays-arp-under-post-img-mobile\"><span class=\"ays-arp-under-post-overlay-box\"><\/span><\/a><div class=\"ays-arp-under-post-title-row\"><div class=\"ays-arp-under-post-title\"><a href=\"https:\/\/dataref.net\/ar\/para-volver-a-respirar-el-golazo-de-lisandro-martinez-para-el-2-1-de-argentina-ante-cabo-verde\/\" class=\"ays-arp-under-post-link\"  >\u00a1PARA VOLVER A RESPIRAR! El GOLAZO de...<\/a><\/div><\/div><\/div><\/div><div class=\"ays-arp-under-post-content\"><div class=\"ays-arp-under-post-excerpt-row\"><span class=\"ays-arp-under-post-excerpt\">\nLa Selecci\u00f3n Argentina de Lionel Scaloni vuelve a ponerse en...<\/span><\/div><\/div><\/div><\/div><style type=\"text\/css\">\n            #ays-arp-under-posts-container-24817-6a9c8610a8088 {\n                width: 100%;\n                word-break: break-word;\n            }\n\n            #ays-arp-under-posts-container-24817-6a9c8610a8088 .ays-arp-under-post {\n                width: calc(33% - 10px);\n                padding: 10px;\n                border: none;\n            }\n\n            #ays-arp-under-posts-container-24817-6a9c8610a8088 .ays-arp-under-post-img-row .ays-arp-under-post-img {\n\t\t\t    object-fit: contain;\n\t\t\t    object-position:center center;\n                border: unset;\n                padding: unset;\n                border-radius: 0px;\n                height: 100%\n            }\n\n            #ays-arp-under-posts-container-24817-6a9c8610a8088 .ays-arp-under-posts-container-title,\n            #ays-arp-under-posts-container-24817-6a9c8610a8088 .ays-arp-under-post-title  .ays-arp-under-post-link,\n            #ays-arp-under-posts-container-24817-6a9c8610a8088 .ays-arp-under-post-excerpt-row {\n                color: #333333;\n            }\n\n            #ays-arp-under-posts-container-24817-6a9c8610a8088  .ays-arp-under-posts  .ays-arp-under-post {\n                background-color: rgba(255,255,255,0);\n            }\n\n            #ays-arp-under-posts-container-24817-6a9c8610a8088  .ays-arp-under-posts  .ays-arp-under-post:hover {\n                background-color: rgba(255,255,255,0);\n            }\n\n            #ays-arp-under-posts-container-24817-6a9c8610a8088 .ays-arp-under-post-title,\n            #ays-arp-under-posts-container-24817-6a9c8610a8088 .ays-arp-under-post-link {\n                line-height: 1.5;\n            }\n\n            #ays-arp-under-posts-container-24817-6a9c8610a8088 .ays-arp-under-post-title a{\n                font-size: 12px;\n            }\n\n            #ays-arp-under-posts-container-24817-6a9c8610a8088 .ays-arp-under-post-date-author-row {\n                color: rgba(51,51,51,0.7);\n            }\n\n            #ays-arp-under-posts-container-24817-6a9c8610a8088 .ays-arp-under-posts a:active,\n            #ays-arp-under-posts-container-24817-6a9c8610a8088 .ays-arp-under-posts a:hover,\n            #ays-arp-under-posts-container-24817-6a9c8610a8088 .ays-arp-under-posts a:focus,\n            #ays-arp-under-posts-container-24817-6a9c8610a8088 .ays-arp-under-posts a {\n                text-decoration: unset;\n                cursor: pointer;\n                outline: unset;\n                text-decoration-skip-ink: none;\n                background: unset;\n                opacity: 1;\n            }\n\n            #ays-arp-under-posts-container-24817-6a9c8610a8088 .ays-arp-under-post-img-row .ays-arp-under-post-img.ays-arp-under-post-img-mobile {\n                display: none;                    \n            }\n\n            @media screen and (max-width: 768px){\n\n                #ays-arp-under-posts-container-24817-6a9c8610a8088 .ays-arp-under-post-img-row .ays-arp-under-post-img {\n                    object-fit: contain;\n                    display: none;                    \n                }\n\n                #ays-arp-under-posts-container-24817-6a9c8610a8088 .ays-arp-under-post-img-row .ays-arp-under-post-img.ays-arp-under-post-img-mobile {\n                    display: inline-block;                    \n                }\n\n                #ays-arp-under-posts-container-24817-6a9c8610a8088 .ays-arp-under-post-title a{\n                    font-size: 12px;\n                }\n\n                #ays-arp-under-posts-container-24817-6a9c8610a8088 .ays-arp-under-post {\n                    width: calc(33% - 10px);\n                    border: none;\n                }\n\n                #ays-arp-under-posts-container-24817-6a9c8610a8088 .ays-arp-under-posts-container-title,\n                #ays-arp-under-posts-container-24817-6a9c8610a8088 .ays-arp-under-post-title  .ays-arp-under-post-link,\n                #ays-arp-under-posts-container-24817-6a9c8610a8088 .ays-arp-under-post-excerpt-row {\n                    color: #333;\n                }\n\n                #ays-arp-under-posts-container-24817-6a9c8610a8088 .ays-arp-under-post-date-author-row {\n                    color: rgba(51,51,51,0.7);\n                }\n\n                #ays-arp-under-posts-container-24817-6a9c8610a8088  .ays-arp-under-posts  .ays-arp-under-post {\n                    background-color: rgba(255,255,255,0);\n                }\n            }\n\n            \n            \/* Layout CSS *\/\n            #ays-arp-under-posts-container-24817-6a9c8610a8088.ays-arp-classy-layout .ays-arp-under-post-date-author-row {\n                \/*border-bottom: 0.5px solid rgba(51,51,51,0.4);*\/\n                border: unset;\n            }\n\n            #ays-arp-under-posts-container-24817-6a9c8610a8088.ays-arp-classy-layout .ays-arp-under-post {\n                padding: 0;\n                \/*border: 0.5px solid rgb(236 237 241);*\/\n                border-radius: 0px;\n                overflow:hidden;\n            }\n\n            #ays-arp-under-posts-container-24817-6a9c8610a8088.ays-arp-classy-layout .ays-arp-under-post-content {\n                padding: 10px;\n            }\n\n            #ays-arp-under-posts-container-24817-6a9c8610a8088.ays-arp-classy-layout .ays-arp-under-post-img-row,\n            #ays-arp-under-posts-container-24817-6a9c8610a8088.ays-arp-classy-layout .ays-arp-under-post-img-row img {\n                border-radius: 0px;\n            }\n\n            #ays-arp-under-posts-container-24817-6a9c8610a8088.ays-arp-classy-layout .ays-arp-under-post-link {\n                color: #fff;\n            }\n            \n            <\/style><\/div>","protected":false},"excerpt":{"rendered":"<p>A Lionel Messi le sale de todo en el encuentro entre Argentina y Argelia por la primera fecha del Mundial 2026, en el que anot\u00f3 los dos goles de la victoria parcial 2-0. &#8220;La Pulga&#8221; puso el segundo tanto en el marcador casi que de fortuna, ya que tras un gran remate de Alexis Mac [&hellip;]<\/p>\n","protected":false},"author":5,"featured_media":24818,"comment_status":"open","ping_status":"open","sticky":false,"template":"","format":"standard","meta":{"_acf_changed":false,"footnotes":""},"categories":[81],"tags":[66,1361,2426,292],"class_list":["post-24817","post","type-post","status-publish","format-standard","has-post-thumbnail","hentry","category-seleccion-argentina","tag-lionel-messi","tag-mundial-2026","tag-seleccion-argelia-2","tag-seleccion-argentina-2"],"acf":[],"yoast_head":"<!-- This site is optimized with the Yoast SEO Premium plugin v27.6.1 (Yoast SEO v26.9) - https:\/\/yoast.com\/product\/yoast-seo-premium-wordpress\/ -->\n<title>VIDEO: el DOBLETE de Lionel Messi para el 2-0 de Argentina ante Argelia - dataref Argentina<\/title>\n<meta name=\"robots\" content=\"index, follow, max-snippet:-1, max-image-preview:large, max-video-preview:-1\" \/>\n<link rel=\"canonical\" href=\"https:\/\/dataref.net\/ar\/video-el-doblete-de-lionel-messi-para-el-2-0-de-argentina-ante-argelia\/\" \/>\n<meta property=\"og:locale\" content=\"es_ES\" \/>\n<meta property=\"og:type\" content=\"article\" \/>\n<meta property=\"og:title\" content=\"VIDEO: el DOBLETE de Lionel Messi para el 2-0 de Argentina ante Argelia - dataref Argentina\" \/>\n<meta property=\"og:description\" content=\"A Lionel Messi le sale de todo en el encuentro entre Argentina y Argelia por la primera fecha del Mundial 2026, en el que anot\u00f3 los dos goles de la victoria parcial 2-0. &#8220;La Pulga&#8221; puso el segundo tanto en el marcador casi que de fortuna, ya que tras un gran remate de Alexis Mac [&hellip;]\" \/>\n<meta property=\"og:url\" content=\"https:\/\/dataref.net\/ar\/video-el-doblete-de-lionel-messi-para-el-2-0-de-argentina-ante-argelia\/\" \/>\n<meta property=\"og:site_name\" content=\"dataref Argentina\" \/>\n<meta property=\"article:published_time\" content=\"2026-06-17T02:30:56+00:00\" \/>\n<meta property=\"article:modified_time\" content=\"2026-06-17T02:32:04+00:00\" \/>\n<meta property=\"og:image\" content=\"https:\/\/dataref.net\/ar\/wp-content\/uploads\/2026\/06\/2281365311_f.jpg\" \/>\n\t<meta property=\"og:image:width\" content=\"800\" \/>\n\t<meta property=\"og:image:height\" content=\"480\" \/>\n\t<meta property=\"og:image:type\" content=\"image\/jpeg\" \/>\n<meta name=\"author\" content=\"Pablo Torrado\" \/>\n<meta name=\"twitter:card\" content=\"summary_large_image\" \/>\n<meta name=\"twitter:creator\" content=\"@pablotorrado1\" \/>\n<meta name=\"twitter:site\" content=\"@dataref_ar\" \/>\n<meta name=\"twitter:label1\" content=\"Escrito por\" \/>\n\t<meta name=\"twitter:data1\" content=\"Pablo Torrado\" \/>\n\t<meta name=\"twitter:label2\" content=\"Tiempo de lectura\" \/>\n\t<meta name=\"twitter:data2\" content=\"1 minuto\" \/>\n<script type=\"application\/ld+json\" class=\"yoast-schema-graph\">{\"@context\":\"https:\/\/schema.org\",\"@graph\":[{\"@type\":\"Article\",\"@id\":\"https:\/\/dataref.net\/ar\/video-el-doblete-de-lionel-messi-para-el-2-0-de-argentina-ante-argelia\/#article\",\"isPartOf\":{\"@id\":\"https:\/\/dataref.net\/ar\/video-el-doblete-de-lionel-messi-para-el-2-0-de-argentina-ante-argelia\/\"},\"author\":{\"name\":\"Pablo Torrado\",\"@id\":\"https:\/\/dataref.net\/ar\/#\/schema\/person\/7d31a734ed991d8bf9a0241e4ee582b0\"},\"headline\":\"VIDEO: el DOBLETE de Lionel Messi para el 2-0 de Argentina ante Argelia\",\"datePublished\":\"2026-06-17T02:30:56+00:00\",\"dateModified\":\"2026-06-17T02:32:04+00:00\",\"mainEntityOfPage\":{\"@id\":\"https:\/\/dataref.net\/ar\/video-el-doblete-de-lionel-messi-para-el-2-0-de-argentina-ante-argelia\/\"},\"wordCount\":116,\"commentCount\":0,\"publisher\":{\"@id\":\"https:\/\/dataref.net\/ar\/#\/schema\/person\/cbb7c456fbc21183bdb2dc5bbb7d63b3\"},\"image\":{\"@id\":\"https:\/\/dataref.net\/ar\/video-el-doblete-de-lionel-messi-para-el-2-0-de-argentina-ante-argelia\/#primaryimage\"},\"thumbnailUrl\":\"https:\/\/dataref.net\/ar\/wp-content\/uploads\/2026\/06\/2281365311_f.jpg\",\"keywords\":[\"Lionel Messi\",\"Mundial 2026\",\"Seleccion Argelia\",\"Seleccion Argentina\"],\"articleSection\":[\"Selecci\u00f3n Argentina\"],\"inLanguage\":\"es-AR\",\"potentialAction\":[{\"@type\":\"CommentAction\",\"name\":\"Comment\",\"target\":[\"https:\/\/dataref.net\/ar\/video-el-doblete-de-lionel-messi-para-el-2-0-de-argentina-ante-argelia\/#respond\"]}]},{\"@type\":\"WebPage\",\"@id\":\"https:\/\/dataref.net\/ar\/video-el-doblete-de-lionel-messi-para-el-2-0-de-argentina-ante-argelia\/\",\"url\":\"https:\/\/dataref.net\/ar\/video-el-doblete-de-lionel-messi-para-el-2-0-de-argentina-ante-argelia\/\",\"name\":\"VIDEO: el DOBLETE de Lionel Messi para el 2-0 de Argentina ante Argelia - dataref Argentina\",\"isPartOf\":{\"@id\":\"https:\/\/dataref.net\/ar\/#website\"},\"primaryImageOfPage\":{\"@id\":\"https:\/\/dataref.net\/ar\/video-el-doblete-de-lionel-messi-para-el-2-0-de-argentina-ante-argelia\/#primaryimage\"},\"image\":{\"@id\":\"https:\/\/dataref.net\/ar\/video-el-doblete-de-lionel-messi-para-el-2-0-de-argentina-ante-argelia\/#primaryimage\"},\"thumbnailUrl\":\"https:\/\/dataref.net\/ar\/wp-content\/uploads\/2026\/06\/2281365311_f.jpg\",\"datePublished\":\"2026-06-17T02:30:56+00:00\",\"dateModified\":\"2026-06-17T02:32:04+00:00\",\"breadcrumb\":{\"@id\":\"https:\/\/dataref.net\/ar\/video-el-doblete-de-lionel-messi-para-el-2-0-de-argentina-ante-argelia\/#breadcrumb\"},\"inLanguage\":\"es-AR\",\"potentialAction\":[{\"@type\":\"ReadAction\",\"target\":[\"https:\/\/dataref.net\/ar\/video-el-doblete-de-lionel-messi-para-el-2-0-de-argentina-ante-argelia\/\"]}]},{\"@type\":\"ImageObject\",\"inLanguage\":\"es-AR\",\"@id\":\"https:\/\/dataref.net\/ar\/video-el-doblete-de-lionel-messi-para-el-2-0-de-argentina-ante-argelia\/#primaryimage\",\"url\":\"https:\/\/dataref.net\/ar\/wp-content\/uploads\/2026\/06\/2281365311_f.jpg\",\"contentUrl\":\"https:\/\/dataref.net\/ar\/wp-content\/uploads\/2026\/06\/2281365311_f.jpg\",\"width\":800,\"height\":480},{\"@type\":\"BreadcrumbList\",\"@id\":\"https:\/\/dataref.net\/ar\/video-el-doblete-de-lionel-messi-para-el-2-0-de-argentina-ante-argelia\/#breadcrumb\",\"itemListElement\":[{\"@type\":\"ListItem\",\"position\":1,\"name\":\"Home\",\"item\":\"https:\/\/dataref.net\/ar\/\"},{\"@type\":\"ListItem\",\"position\":2,\"name\":\"VIDEO: el DOBLETE de Lionel Messi para el 2-0 de Argentina ante Argelia\"}]},{\"@type\":\"WebSite\",\"@id\":\"https:\/\/dataref.net\/ar\/#website\",\"url\":\"https:\/\/dataref.net\/ar\/\",\"name\":\"dataref\",\"description\":\"\",\"publisher\":{\"@id\":\"https:\/\/dataref.net\/ar\/#\/schema\/person\/cbb7c456fbc21183bdb2dc5bbb7d63b3\"},\"potentialAction\":[{\"@type\":\"SearchAction\",\"target\":{\"@type\":\"EntryPoint\",\"urlTemplate\":\"https:\/\/dataref.net\/ar\/?s={search_term_string}\"},\"query-input\":{\"@type\":\"PropertyValueSpecification\",\"valueRequired\":true,\"valueName\":\"search_term_string\"}}],\"inLanguage\":\"es-AR\"},{\"@type\":[\"Person\",\"Organization\"],\"@id\":\"https:\/\/dataref.net\/ar\/#\/schema\/person\/cbb7c456fbc21183bdb2dc5bbb7d63b3\",\"name\":\"datarefNews\",\"image\":{\"@type\":\"ImageObject\",\"inLanguage\":\"es-AR\",\"@id\":\"https:\/\/dataref.net\/ar\/#\/schema\/person\/image\/\",\"url\":\"https:\/\/dataref.net\/ar\/wp-content\/uploads\/2023\/12\/cropped-cropped-dataref-logo-blanco.4d39855902e69a709381.png\",\"contentUrl\":\"https:\/\/dataref.net\/ar\/wp-content\/uploads\/2023\/12\/cropped-cropped-dataref-logo-blanco.4d39855902e69a709381.png\",\"width\":1500,\"height\":428,\"caption\":\"datarefNews\"},\"logo\":{\"@id\":\"https:\/\/dataref.net\/ar\/#\/schema\/person\/image\/\"},\"description\":\"Creador de noticias de Dataref\",\"sameAs\":[\"https:\/\/dataref.net\/ar\",\"https:\/\/x.com\/dataref_ar\"]},{\"@type\":\"Person\",\"@id\":\"https:\/\/dataref.net\/ar\/#\/schema\/person\/7d31a734ed991d8bf9a0241e4ee582b0\",\"name\":\"Pablo Torrado\",\"image\":{\"@type\":\"ImageObject\",\"inLanguage\":\"es-AR\",\"@id\":\"https:\/\/dataref.net\/ar\/#\/schema\/person\/image\/\",\"url\":\"https:\/\/secure.gravatar.com\/avatar\/ed11bc43a7be13565747f5ca3e52c4370764d399e7436984d84006b7df2a58a6?s=96&d=mm&r=g\",\"contentUrl\":\"https:\/\/secure.gravatar.com\/avatar\/ed11bc43a7be13565747f5ca3e52c4370764d399e7436984d84006b7df2a58a6?s=96&d=mm&r=g\",\"caption\":\"Pablo Torrado\"},\"sameAs\":[\"https:\/\/x.com\/pablotorrado1\"],\"url\":\"https:\/\/dataref.net\/ar\/author\/ptorrado\/\"}]}<\/script>\n<!-- \/ Yoast SEO Premium plugin. -->","yoast_head_json":{"title":"VIDEO: el DOBLETE de Lionel Messi para el 2-0 de Argentina ante Argelia - dataref Argentina","robots":{"index":"index","follow":"follow","max-snippet":"max-snippet:-1","max-image-preview":"max-image-preview:large","max-video-preview":"max-video-preview:-1"},"canonical":"https:\/\/dataref.net\/ar\/video-el-doblete-de-lionel-messi-para-el-2-0-de-argentina-ante-argelia\/","og_locale":"es_ES","og_type":"article","og_title":"VIDEO: el DOBLETE de Lionel Messi para el 2-0 de Argentina ante Argelia - dataref Argentina","og_description":"A Lionel Messi le sale de todo en el encuentro entre Argentina y Argelia por la primera fecha del Mundial 2026, en el que anot\u00f3 los dos goles de la victoria parcial 2-0. &#8220;La Pulga&#8221; puso el segundo tanto en el marcador casi que de fortuna, ya que tras un gran remate de Alexis Mac [&hellip;]","og_url":"https:\/\/dataref.net\/ar\/video-el-doblete-de-lionel-messi-para-el-2-0-de-argentina-ante-argelia\/","og_site_name":"dataref Argentina","article_published_time":"2026-06-17T02:30:56+00:00","article_modified_time":"2026-06-17T02:32:04+00:00","og_image":[{"width":800,"height":480,"url":"https:\/\/dataref.net\/ar\/wp-content\/uploads\/2026\/06\/2281365311_f.jpg","type":"image\/jpeg"}],"author":"Pablo Torrado","twitter_card":"summary_large_image","twitter_creator":"@pablotorrado1","twitter_site":"@dataref_ar","twitter_misc":{"Escrito por":"Pablo Torrado","Tiempo de lectura":"1 minuto"},"schema":{"@context":"https:\/\/schema.org","@graph":[{"@type":"Article","@id":"https:\/\/dataref.net\/ar\/video-el-doblete-de-lionel-messi-para-el-2-0-de-argentina-ante-argelia\/#article","isPartOf":{"@id":"https:\/\/dataref.net\/ar\/video-el-doblete-de-lionel-messi-para-el-2-0-de-argentina-ante-argelia\/"},"author":{"name":"Pablo Torrado","@id":"https:\/\/dataref.net\/ar\/#\/schema\/person\/7d31a734ed991d8bf9a0241e4ee582b0"},"headline":"VIDEO: el DOBLETE de Lionel Messi para el 2-0 de Argentina ante Argelia","datePublished":"2026-06-17T02:30:56+00:00","dateModified":"2026-06-17T02:32:04+00:00","mainEntityOfPage":{"@id":"https:\/\/dataref.net\/ar\/video-el-doblete-de-lionel-messi-para-el-2-0-de-argentina-ante-argelia\/"},"wordCount":116,"commentCount":0,"publisher":{"@id":"https:\/\/dataref.net\/ar\/#\/schema\/person\/cbb7c456fbc21183bdb2dc5bbb7d63b3"},"image":{"@id":"https:\/\/dataref.net\/ar\/video-el-doblete-de-lionel-messi-para-el-2-0-de-argentina-ante-argelia\/#primaryimage"},"thumbnailUrl":"https:\/\/dataref.net\/ar\/wp-content\/uploads\/2026\/06\/2281365311_f.jpg","keywords":["Lionel Messi","Mundial 2026","Seleccion Argelia","Seleccion Argentina"],"articleSection":["Selecci\u00f3n Argentina"],"inLanguage":"es-AR","potentialAction":[{"@type":"CommentAction","name":"Comment","target":["https:\/\/dataref.net\/ar\/video-el-doblete-de-lionel-messi-para-el-2-0-de-argentina-ante-argelia\/#respond"]}]},{"@type":"WebPage","@id":"https:\/\/dataref.net\/ar\/video-el-doblete-de-lionel-messi-para-el-2-0-de-argentina-ante-argelia\/","url":"https:\/\/dataref.net\/ar\/video-el-doblete-de-lionel-messi-para-el-2-0-de-argentina-ante-argelia\/","name":"VIDEO: el DOBLETE de Lionel Messi para el 2-0 de Argentina ante Argelia - dataref Argentina","isPartOf":{"@id":"https:\/\/dataref.net\/ar\/#website"},"primaryImageOfPage":{"@id":"https:\/\/dataref.net\/ar\/video-el-doblete-de-lionel-messi-para-el-2-0-de-argentina-ante-argelia\/#primaryimage"},"image":{"@id":"https:\/\/dataref.net\/ar\/video-el-doblete-de-lionel-messi-para-el-2-0-de-argentina-ante-argelia\/#primaryimage"},"thumbnailUrl":"https:\/\/dataref.net\/ar\/wp-content\/uploads\/2026\/06\/2281365311_f.jpg","datePublished":"2026-06-17T02:30:56+00:00","dateModified":"2026-06-17T02:32:04+00:00","breadcrumb":{"@id":"https:\/\/dataref.net\/ar\/video-el-doblete-de-lionel-messi-para-el-2-0-de-argentina-ante-argelia\/#breadcrumb"},"inLanguage":"es-AR","potentialAction":[{"@type":"ReadAction","target":["https:\/\/dataref.net\/ar\/video-el-doblete-de-lionel-messi-para-el-2-0-de-argentina-ante-argelia\/"]}]},{"@type":"ImageObject","inLanguage":"es-AR","@id":"https:\/\/dataref.net\/ar\/video-el-doblete-de-lionel-messi-para-el-2-0-de-argentina-ante-argelia\/#primaryimage","url":"https:\/\/dataref.net\/ar\/wp-content\/uploads\/2026\/06\/2281365311_f.jpg","contentUrl":"https:\/\/dataref.net\/ar\/wp-content\/uploads\/2026\/06\/2281365311_f.jpg","width":800,"height":480},{"@type":"BreadcrumbList","@id":"https:\/\/dataref.net\/ar\/video-el-doblete-de-lionel-messi-para-el-2-0-de-argentina-ante-argelia\/#breadcrumb","itemListElement":[{"@type":"ListItem","position":1,"name":"Home","item":"https:\/\/dataref.net\/ar\/"},{"@type":"ListItem","position":2,"name":"VIDEO: el DOBLETE de Lionel Messi para el 2-0 de Argentina ante Argelia"}]},{"@type":"WebSite","@id":"https:\/\/dataref.net\/ar\/#website","url":"https:\/\/dataref.net\/ar\/","name":"dataref","description":"","publisher":{"@id":"https:\/\/dataref.net\/ar\/#\/schema\/person\/cbb7c456fbc21183bdb2dc5bbb7d63b3"},"potentialAction":[{"@type":"SearchAction","target":{"@type":"EntryPoint","urlTemplate":"https:\/\/dataref.net\/ar\/?s={search_term_string}"},"query-input":{"@type":"PropertyValueSpecification","valueRequired":true,"valueName":"search_term_string"}}],"inLanguage":"es-AR"},{"@type":["Person","Organization"],"@id":"https:\/\/dataref.net\/ar\/#\/schema\/person\/cbb7c456fbc21183bdb2dc5bbb7d63b3","name":"datarefNews","image":{"@type":"ImageObject","inLanguage":"es-AR","@id":"https:\/\/dataref.net\/ar\/#\/schema\/person\/image\/","url":"https:\/\/dataref.net\/ar\/wp-content\/uploads\/2023\/12\/cropped-cropped-dataref-logo-blanco.4d39855902e69a709381.png","contentUrl":"https:\/\/dataref.net\/ar\/wp-content\/uploads\/2023\/12\/cropped-cropped-dataref-logo-blanco.4d39855902e69a709381.png","width":1500,"height":428,"caption":"datarefNews"},"logo":{"@id":"https:\/\/dataref.net\/ar\/#\/schema\/person\/image\/"},"description":"Creador de noticias de Dataref","sameAs":["https:\/\/dataref.net\/ar","https:\/\/x.com\/dataref_ar"]},{"@type":"Person","@id":"https:\/\/dataref.net\/ar\/#\/schema\/person\/7d31a734ed991d8bf9a0241e4ee582b0","name":"Pablo Torrado","image":{"@type":"ImageObject","inLanguage":"es-AR","@id":"https:\/\/dataref.net\/ar\/#\/schema\/person\/image\/","url":"https:\/\/secure.gravatar.com\/avatar\/ed11bc43a7be13565747f5ca3e52c4370764d399e7436984d84006b7df2a58a6?s=96&d=mm&r=g","contentUrl":"https:\/\/secure.gravatar.com\/avatar\/ed11bc43a7be13565747f5ca3e52c4370764d399e7436984d84006b7df2a58a6?s=96&d=mm&r=g","caption":"Pablo Torrado"},"sameAs":["https:\/\/x.com\/pablotorrado1"],"url":"https:\/\/dataref.net\/ar\/author\/ptorrado\/"}]}},"_links":{"self":[{"href":"https:\/\/dataref.net\/ar\/wp-json\/wp\/v2\/posts\/24817","targetHints":{"allow":["GET"]}}],"collection":[{"href":"https:\/\/dataref.net\/ar\/wp-json\/wp\/v2\/posts"}],"about":[{"href":"https:\/\/dataref.net\/ar\/wp-json\/wp\/v2\/types\/post"}],"author":[{"embeddable":true,"href":"https:\/\/dataref.net\/ar\/wp-json\/wp\/v2\/users\/5"}],"replies":[{"embeddable":true,"href":"https:\/\/dataref.net\/ar\/wp-json\/wp\/v2\/comments?post=24817"}],"version-history":[{"count":5,"href":"https:\/\/dataref.net\/ar\/wp-json\/wp\/v2\/posts\/24817\/revisions"}],"predecessor-version":[{"id":24824,"href":"https:\/\/dataref.net\/ar\/wp-json\/wp\/v2\/posts\/24817\/revisions\/24824"}],"wp:featuredmedia":[{"embeddable":true,"href":"https:\/\/dataref.net\/ar\/wp-json\/wp\/v2\/media\/24818"}],"wp:attachment":[{"href":"https:\/\/dataref.net\/ar\/wp-json\/wp\/v2\/media?parent=24817"}],"wp:term":[{"taxonomy":"category","embeddable":true,"href":"https:\/\/dataref.net\/ar\/wp-json\/wp\/v2\/categories?post=24817"},{"taxonomy":"post_tag","embeddable":true,"href":"https:\/\/dataref.net\/ar\/wp-json\/wp\/v2\/tags?post=24817"}],"curies":[{"name":"wp","href":"https:\/\/api.w.org\/{rel}","templated":true}]}}