{"id":24754,"date":"2026-06-11T15:42:16","date_gmt":"2026-06-11T18:42:16","guid":{"rendered":"https:\/\/dataref.net\/ar\/?p=24754"},"modified":"2026-06-12T18:03:31","modified_gmt":"2026-06-12T21:03:31","slug":"oficial-quien-sera-el-jugador-26-de-la-seleccion-argentina-en-el-mundial-2026","status":"publish","type":"post","link":"https:\/\/dataref.net\/ar\/oficial-quien-sera-el-jugador-26-de-la-seleccion-argentina-en-el-mundial-2026\/","title":{"rendered":"OFICIAL: \u00bfquien ser\u00e1 el jugador 26 de la Selecci\u00f3n Argentina en el Mundial 2026?"},"content":{"rendered":"\n<p class=\"wp-block-paragraph\">Tras confirmarse la lesi\u00f3n de Leonardo Balerdi, la <strong>Selecci\u00f3n Argentina<\/strong> de<a href=\"https:\/\/dataref.net\/ar\/tag\/marcos-senesi\/\"> <strong>Lionel Scalon<\/strong><\/a><strong>i <\/strong>ya confirm\u00f3 quien ser\u00e1 el jugador que ocupe su lugar en la convocatoria para el <strong><a href=\"https:\/\/dataref.net\/ar\/tag\/mundial-2026\/\">Mundial 2026.<\/a><\/strong><br><br>El elegido es <strong><a href=\"https:\/\/dataref.net\/ar\/tag\/lionel-scaloni\/\">Marcos Senesi<\/a><\/strong>, quien fue confirmado hace menos de 24 horas como nuevo refuerzo de Tottenham Hotspur y ser\u00e1 compa\u00f1ero de &#8216;Cuti&#8217; Romero.<\/p>\n\n\n\n<figure class=\"wp-block-embed is-type-rich is-provider-x wp-block-embed-x\"><div class=\"wp-block-embed__wrapper\">\n<blockquote class=\"twitter-tweet\" data-width=\"550\" data-dnt=\"true\"><p lang=\"es\" dir=\"ltr\">\ud83d\udea8\ud83c\udde6\ud83c\uddf7 MARCOS SENESI EST\u00c1 CONVOCADO CON LA SELECCI\u00d3N ARGENTINA PARA LA COPA DEL MUNDO 2026. <a href=\"https:\/\/t.co\/yPjIXHEMqp\">pic.twitter.com\/yPjIXHEMqp<\/a><\/p>&mdash; dataref (@dataref_ar) <a href=\"https:\/\/x.com\/dataref_ar\/status\/2065134756665114879?ref_src=twsrc%5Etfw\">June 11, 2026<\/a><\/blockquote><script async src=\"https:\/\/platform.x.com\/widgets.js\" charset=\"utf-8\"><\/script>\n<\/div><\/figure>\n\n\n\n<p class=\"wp-block-paragraph\">Hasta ahora, el ex San Lorenzo s\u00f3lo suma 3 participaciones con la Albiceleste en los amistosos ante Estonia (2022), ante Venezuela (2025) y ante Mauritania (2026). Ser\u00e1 su primera vez en un torneo de esta magnitud.<\/p>\n<div class=\"ays-arp-under-posts-container ays-arp-classy-layout \" id=\"ays-arp-under-posts-container-24754-6a9c5f66631f9\"  data-id=\"6a9c5f66631f9\" data-ratio=\"0.75\"><h2 class=\"ays-arp-under-posts-container-title\">Noticias relacionadas<\/h2><input type=\"hidden\" name=\"ays-arp-id-6a9c5f66631f9\" value=\"24754\"><div class=\"ays-arp-under-posts\"><div class=\"ays-arp-under-post\"><div class=\"ays-arp-under-post-header\"><div class=\"ays-arp-under-post-img-row\"><a href=\"https:\/\/dataref.net\/ar\/las-sanciones-que-recibira-la-seleccion-argentina-tras-los-altercados-en-la-final-del-mundial-2026-ante-espana\/\" class=\"ays-arp-under-post-link\"  ><img src=\"https:\/\/dataref.net\/ar\/wp-content\/uploads\/2026\/08\/2286422408_f-768x461.jpg\" alt=\"\" class=\"ays-arp-under-post-img\"><img src=\"https:\/\/dataref.net\/ar\/wp-content\/uploads\/2026\/08\/2286422408_f-768x461.jpg\" alt=\"\" class=\"ays-arp-under-post-img ays-arp-under-post-img-mobile\"><span class=\"ays-arp-under-post-overlay-box\"><\/span><\/a><div class=\"ays-arp-under-post-title-row\"><div class=\"ays-arp-under-post-title\"><a href=\"https:\/\/dataref.net\/ar\/las-sanciones-que-recibira-la-seleccion-argentina-tras-los-altercados-en-la-final-del-mundial-2026-ante-espana\/\" class=\"ays-arp-under-post-link\"  >Las SANCIONES que recibir\u00e1 la Selecci\u00f3n Argentina...<\/a><\/div><\/div><\/div><\/div><div class=\"ays-arp-under-post-content\"><div class=\"ays-arp-under-post-excerpt-row\"><span class=\"ays-arp-under-post-excerpt\">\nA poco m\u00e1s de un mes de la final del...<\/span><\/div><\/div><\/div><div class=\"ays-arp-under-post\"><div class=\"ays-arp-under-post-header\"><div class=\"ays-arp-under-post-img-row\"><a href=\"https:\/\/dataref.net\/ar\/faltaba-el-otro-zaguero-el-gol-de-cuti-romero-para-el-3-2-de-argentina-ante-cabo-verde\/\" class=\"ays-arp-under-post-link\"  ><img src=\"https:\/\/dataref.net\/ar\/wp-content\/uploads\/2026\/07\/2284555411_f-768x461.jpg\" alt=\"\" class=\"ays-arp-under-post-img\"><img src=\"https:\/\/dataref.net\/ar\/wp-content\/uploads\/2026\/07\/2284555411_f-768x461.jpg\" alt=\"\" class=\"ays-arp-under-post-img ays-arp-under-post-img-mobile\"><span class=\"ays-arp-under-post-overlay-box\"><\/span><\/a><div class=\"ays-arp-under-post-title-row\"><div class=\"ays-arp-under-post-title\"><a href=\"https:\/\/dataref.net\/ar\/faltaba-el-otro-zaguero-el-gol-de-cuti-romero-para-el-3-2-de-argentina-ante-cabo-verde\/\" class=\"ays-arp-under-post-link\"  >\u00a1FALTABA EL OTRO ZAGUERO! El gol de...<\/a><\/div><\/div><\/div><\/div><div class=\"ays-arp-under-post-content\"><div class=\"ays-arp-under-post-excerpt-row\"><span class=\"ays-arp-under-post-excerpt\">\nA los 6 minutos del segundo tiempo del alargue, la...<\/span><\/div><\/div><\/div><div class=\"ays-arp-under-post\"><div class=\"ays-arp-under-post-header\"><div class=\"ays-arp-under-post-img-row\"><a href=\"https:\/\/dataref.net\/ar\/para-volver-a-respirar-el-golazo-de-lisandro-martinez-para-el-2-1-de-argentina-ante-cabo-verde\/\" class=\"ays-arp-under-post-link\"  ><img src=\"https:\/\/dataref.net\/ar\/wp-content\/uploads\/2026\/07\/2284553397_f-768x461.jpg\" alt=\"\" class=\"ays-arp-under-post-img\"><img src=\"https:\/\/dataref.net\/ar\/wp-content\/uploads\/2026\/07\/2284553397_f-768x461.jpg\" alt=\"\" class=\"ays-arp-under-post-img ays-arp-under-post-img-mobile\"><span class=\"ays-arp-under-post-overlay-box\"><\/span><\/a><div class=\"ays-arp-under-post-title-row\"><div class=\"ays-arp-under-post-title\"><a href=\"https:\/\/dataref.net\/ar\/para-volver-a-respirar-el-golazo-de-lisandro-martinez-para-el-2-1-de-argentina-ante-cabo-verde\/\" class=\"ays-arp-under-post-link\"  >\u00a1PARA VOLVER A RESPIRAR! El GOLAZO de...<\/a><\/div><\/div><\/div><\/div><div class=\"ays-arp-under-post-content\"><div class=\"ays-arp-under-post-excerpt-row\"><span class=\"ays-arp-under-post-excerpt\">\nLa Selecci\u00f3n Argentina de Lionel Scaloni vuelve a ponerse en...<\/span><\/div><\/div><\/div><\/div><style type=\"text\/css\">\n            #ays-arp-under-posts-container-24754-6a9c5f66631f9 {\n                width: 100%;\n                word-break: break-word;\n            }\n\n            #ays-arp-under-posts-container-24754-6a9c5f66631f9 .ays-arp-under-post {\n                width: calc(33% - 10px);\n                padding: 10px;\n                border: none;\n            }\n\n            #ays-arp-under-posts-container-24754-6a9c5f66631f9 .ays-arp-under-post-img-row .ays-arp-under-post-img {\n\t\t\t    object-fit: contain;\n\t\t\t    object-position:center center;\n                border: unset;\n                padding: unset;\n                border-radius: 0px;\n                height: 100%\n            }\n\n            #ays-arp-under-posts-container-24754-6a9c5f66631f9 .ays-arp-under-posts-container-title,\n            #ays-arp-under-posts-container-24754-6a9c5f66631f9 .ays-arp-under-post-title  .ays-arp-under-post-link,\n            #ays-arp-under-posts-container-24754-6a9c5f66631f9 .ays-arp-under-post-excerpt-row {\n                color: #333333;\n            }\n\n            #ays-arp-under-posts-container-24754-6a9c5f66631f9  .ays-arp-under-posts  .ays-arp-under-post {\n                background-color: rgba(255,255,255,0);\n            }\n\n            #ays-arp-under-posts-container-24754-6a9c5f66631f9  .ays-arp-under-posts  .ays-arp-under-post:hover {\n                background-color: rgba(255,255,255,0);\n            }\n\n            #ays-arp-under-posts-container-24754-6a9c5f66631f9 .ays-arp-under-post-title,\n            #ays-arp-under-posts-container-24754-6a9c5f66631f9 .ays-arp-under-post-link {\n                line-height: 1.5;\n            }\n\n            #ays-arp-under-posts-container-24754-6a9c5f66631f9 .ays-arp-under-post-title a{\n                font-size: 12px;\n            }\n\n            #ays-arp-under-posts-container-24754-6a9c5f66631f9 .ays-arp-under-post-date-author-row {\n                color: rgba(51,51,51,0.7);\n            }\n\n            #ays-arp-under-posts-container-24754-6a9c5f66631f9 .ays-arp-under-posts a:active,\n            #ays-arp-under-posts-container-24754-6a9c5f66631f9 .ays-arp-under-posts a:hover,\n            #ays-arp-under-posts-container-24754-6a9c5f66631f9 .ays-arp-under-posts a:focus,\n            #ays-arp-under-posts-container-24754-6a9c5f66631f9 .ays-arp-under-posts a {\n                text-decoration: unset;\n                cursor: pointer;\n                outline: unset;\n                text-decoration-skip-ink: none;\n                background: unset;\n                opacity: 1;\n            }\n\n            #ays-arp-under-posts-container-24754-6a9c5f66631f9 .ays-arp-under-post-img-row .ays-arp-under-post-img.ays-arp-under-post-img-mobile {\n                display: none;                    \n            }\n\n            @media screen and (max-width: 768px){\n\n                #ays-arp-under-posts-container-24754-6a9c5f66631f9 .ays-arp-under-post-img-row .ays-arp-under-post-img {\n                    object-fit: contain;\n                    display: none;                    \n                }\n\n                #ays-arp-under-posts-container-24754-6a9c5f66631f9 .ays-arp-under-post-img-row .ays-arp-under-post-img.ays-arp-under-post-img-mobile {\n                    display: inline-block;                    \n                }\n\n                #ays-arp-under-posts-container-24754-6a9c5f66631f9 .ays-arp-under-post-title a{\n                    font-size: 12px;\n                }\n\n                #ays-arp-under-posts-container-24754-6a9c5f66631f9 .ays-arp-under-post {\n                    width: calc(33% - 10px);\n                    border: none;\n                }\n\n                #ays-arp-under-posts-container-24754-6a9c5f66631f9 .ays-arp-under-posts-container-title,\n                #ays-arp-under-posts-container-24754-6a9c5f66631f9 .ays-arp-under-post-title  .ays-arp-under-post-link,\n                #ays-arp-under-posts-container-24754-6a9c5f66631f9 .ays-arp-under-post-excerpt-row {\n                    color: #333;\n                }\n\n                #ays-arp-under-posts-container-24754-6a9c5f66631f9 .ays-arp-under-post-date-author-row {\n                    color: rgba(51,51,51,0.7);\n                }\n\n                #ays-arp-under-posts-container-24754-6a9c5f66631f9  .ays-arp-under-posts  .ays-arp-under-post {\n                    background-color: rgba(255,255,255,0);\n                }\n            }\n\n            \n            \/* Layout CSS *\/\n            #ays-arp-under-posts-container-24754-6a9c5f66631f9.ays-arp-classy-layout .ays-arp-under-post-date-author-row {\n                \/*border-bottom: 0.5px solid rgba(51,51,51,0.4);*\/\n                border: unset;\n            }\n\n            #ays-arp-under-posts-container-24754-6a9c5f66631f9.ays-arp-classy-layout .ays-arp-under-post {\n                padding: 0;\n                \/*border: 0.5px solid rgb(236 237 241);*\/\n                border-radius: 0px;\n                overflow:hidden;\n            }\n\n            #ays-arp-under-posts-container-24754-6a9c5f66631f9.ays-arp-classy-layout .ays-arp-under-post-content {\n                padding: 10px;\n            }\n\n            #ays-arp-under-posts-container-24754-6a9c5f66631f9.ays-arp-classy-layout .ays-arp-under-post-img-row,\n            #ays-arp-under-posts-container-24754-6a9c5f66631f9.ays-arp-classy-layout .ays-arp-under-post-img-row img {\n                border-radius: 0px;\n            }\n\n            #ays-arp-under-posts-container-24754-6a9c5f66631f9.ays-arp-classy-layout .ays-arp-under-post-link {\n                color: #fff;\n            }\n            \n            <\/style><\/div>","protected":false},"excerpt":{"rendered":"<p>Tras confirmarse la lesi\u00f3n de Leonardo Balerdi, la Selecci\u00f3n Argentina de Lionel Scaloni ya confirm\u00f3 quien ser\u00e1 el jugador que ocupe su lugar en la convocatoria para el Mundial 2026. El elegido es Marcos Senesi, quien fue confirmado hace menos de 24 horas como nuevo refuerzo de Tottenham Hotspur y ser\u00e1 compa\u00f1ero de &#8216;Cuti&#8217; Romero. [&hellip;]<\/p>\n","protected":false},"author":5,"featured_media":24755,"comment_status":"open","ping_status":"open","sticky":false,"template":"","format":"standard","meta":{"_acf_changed":false,"footnotes":""},"categories":[81],"tags":[205,208,1361,216],"class_list":["post-24754","post","type-post","status-publish","format-standard","has-post-thumbnail","hentry","category-seleccion-argentina","tag-lionel-scaloni","tag-marcos-senesi","tag-mundial-2026","tag-seleccion-argentina"],"acf":[],"yoast_head":"<!-- This site is optimized with the Yoast SEO Premium plugin v27.6.1 (Yoast SEO v26.9) - https:\/\/yoast.com\/product\/yoast-seo-premium-wordpress\/ -->\n<title>OFICIAL: \u00bfquien ser\u00e1 el jugador 26 de la Selecci\u00f3n Argentina en el Mundial 2026? - dataref Argentina<\/title>\n<meta name=\"robots\" content=\"index, follow, max-snippet:-1, max-image-preview:large, max-video-preview:-1\" \/>\n<link rel=\"canonical\" href=\"https:\/\/dataref.net\/ar\/oficial-quien-sera-el-jugador-26-de-la-seleccion-argentina-en-el-mundial-2026\/\" \/>\n<meta property=\"og:locale\" content=\"es_ES\" \/>\n<meta property=\"og:type\" content=\"article\" \/>\n<meta property=\"og:title\" content=\"OFICIAL: \u00bfquien ser\u00e1 el jugador 26 de la Selecci\u00f3n Argentina en el Mundial 2026? - dataref Argentina\" \/>\n<meta property=\"og:description\" content=\"Tras confirmarse la lesi\u00f3n de Leonardo Balerdi, la Selecci\u00f3n Argentina de Lionel Scaloni ya confirm\u00f3 quien ser\u00e1 el jugador que ocupe su lugar en la convocatoria para el Mundial 2026. El elegido es Marcos Senesi, quien fue confirmado hace menos de 24 horas como nuevo refuerzo de Tottenham Hotspur y ser\u00e1 compa\u00f1ero de &#8216;Cuti&#8217; Romero. [&hellip;]\" \/>\n<meta property=\"og:url\" content=\"https:\/\/dataref.net\/ar\/oficial-quien-sera-el-jugador-26-de-la-seleccion-argentina-en-el-mundial-2026\/\" \/>\n<meta property=\"og:site_name\" content=\"dataref Argentina\" \/>\n<meta property=\"article:published_time\" content=\"2026-06-11T18:42:16+00:00\" \/>\n<meta property=\"article:modified_time\" content=\"2026-06-12T21:03:31+00:00\" \/>\n<meta property=\"og:image\" content=\"https:\/\/dataref.net\/ar\/wp-content\/uploads\/2026\/06\/2280812604_f.jpg\" \/>\n\t<meta property=\"og:image:width\" content=\"800\" \/>\n\t<meta property=\"og:image:height\" content=\"480\" \/>\n\t<meta property=\"og:image:type\" content=\"image\/jpeg\" \/>\n<meta name=\"author\" content=\"Pablo Torrado\" \/>\n<meta name=\"twitter:card\" content=\"summary_large_image\" \/>\n<meta name=\"twitter:creator\" content=\"@pablotorrado1\" \/>\n<meta name=\"twitter:site\" content=\"@dataref_ar\" \/>\n<meta name=\"twitter:label1\" content=\"Escrito por\" \/>\n\t<meta name=\"twitter:data1\" content=\"Pablo Torrado\" \/>\n\t<meta name=\"twitter:label2\" content=\"Tiempo de lectura\" \/>\n\t<meta name=\"twitter:data2\" content=\"1 minuto\" \/>\n<script type=\"application\/ld+json\" class=\"yoast-schema-graph\">{\"@context\":\"https:\/\/schema.org\",\"@graph\":[{\"@type\":\"Article\",\"@id\":\"https:\/\/dataref.net\/ar\/oficial-quien-sera-el-jugador-26-de-la-seleccion-argentina-en-el-mundial-2026\/#article\",\"isPartOf\":{\"@id\":\"https:\/\/dataref.net\/ar\/oficial-quien-sera-el-jugador-26-de-la-seleccion-argentina-en-el-mundial-2026\/\"},\"author\":{\"name\":\"Pablo Torrado\",\"@id\":\"https:\/\/dataref.net\/ar\/#\/schema\/person\/7d31a734ed991d8bf9a0241e4ee582b0\"},\"headline\":\"OFICIAL: \u00bfquien ser\u00e1 el jugador 26 de la Selecci\u00f3n Argentina en el Mundial 2026?\",\"datePublished\":\"2026-06-11T18:42:16+00:00\",\"dateModified\":\"2026-06-12T21:03:31+00:00\",\"mainEntityOfPage\":{\"@id\":\"https:\/\/dataref.net\/ar\/oficial-quien-sera-el-jugador-26-de-la-seleccion-argentina-en-el-mundial-2026\/\"},\"wordCount\":110,\"commentCount\":0,\"publisher\":{\"@id\":\"https:\/\/dataref.net\/ar\/#\/schema\/person\/cbb7c456fbc21183bdb2dc5bbb7d63b3\"},\"image\":{\"@id\":\"https:\/\/dataref.net\/ar\/oficial-quien-sera-el-jugador-26-de-la-seleccion-argentina-en-el-mundial-2026\/#primaryimage\"},\"thumbnailUrl\":\"https:\/\/dataref.net\/ar\/wp-content\/uploads\/2026\/06\/2280812604_f.jpg\",\"keywords\":[\"Lionel Scaloni\",\"Marcos Senesi\",\"Mundial 2026\",\"Selecci\u00f3n Argentina\"],\"articleSection\":[\"Selecci\u00f3n Argentina\"],\"inLanguage\":\"es-AR\",\"potentialAction\":[{\"@type\":\"CommentAction\",\"name\":\"Comment\",\"target\":[\"https:\/\/dataref.net\/ar\/oficial-quien-sera-el-jugador-26-de-la-seleccion-argentina-en-el-mundial-2026\/#respond\"]}]},{\"@type\":\"WebPage\",\"@id\":\"https:\/\/dataref.net\/ar\/oficial-quien-sera-el-jugador-26-de-la-seleccion-argentina-en-el-mundial-2026\/\",\"url\":\"https:\/\/dataref.net\/ar\/oficial-quien-sera-el-jugador-26-de-la-seleccion-argentina-en-el-mundial-2026\/\",\"name\":\"OFICIAL: \u00bfquien ser\u00e1 el jugador 26 de la Selecci\u00f3n Argentina en el Mundial 2026? - dataref Argentina\",\"isPartOf\":{\"@id\":\"https:\/\/dataref.net\/ar\/#website\"},\"primaryImageOfPage\":{\"@id\":\"https:\/\/dataref.net\/ar\/oficial-quien-sera-el-jugador-26-de-la-seleccion-argentina-en-el-mundial-2026\/#primaryimage\"},\"image\":{\"@id\":\"https:\/\/dataref.net\/ar\/oficial-quien-sera-el-jugador-26-de-la-seleccion-argentina-en-el-mundial-2026\/#primaryimage\"},\"thumbnailUrl\":\"https:\/\/dataref.net\/ar\/wp-content\/uploads\/2026\/06\/2280812604_f.jpg\",\"datePublished\":\"2026-06-11T18:42:16+00:00\",\"dateModified\":\"2026-06-12T21:03:31+00:00\",\"breadcrumb\":{\"@id\":\"https:\/\/dataref.net\/ar\/oficial-quien-sera-el-jugador-26-de-la-seleccion-argentina-en-el-mundial-2026\/#breadcrumb\"},\"inLanguage\":\"es-AR\",\"potentialAction\":[{\"@type\":\"ReadAction\",\"target\":[\"https:\/\/dataref.net\/ar\/oficial-quien-sera-el-jugador-26-de-la-seleccion-argentina-en-el-mundial-2026\/\"]}]},{\"@type\":\"ImageObject\",\"inLanguage\":\"es-AR\",\"@id\":\"https:\/\/dataref.net\/ar\/oficial-quien-sera-el-jugador-26-de-la-seleccion-argentina-en-el-mundial-2026\/#primaryimage\",\"url\":\"https:\/\/dataref.net\/ar\/wp-content\/uploads\/2026\/06\/2280812604_f.jpg\",\"contentUrl\":\"https:\/\/dataref.net\/ar\/wp-content\/uploads\/2026\/06\/2280812604_f.jpg\",\"width\":800,\"height\":480},{\"@type\":\"BreadcrumbList\",\"@id\":\"https:\/\/dataref.net\/ar\/oficial-quien-sera-el-jugador-26-de-la-seleccion-argentina-en-el-mundial-2026\/#breadcrumb\",\"itemListElement\":[{\"@type\":\"ListItem\",\"position\":1,\"name\":\"Home\",\"item\":\"https:\/\/dataref.net\/ar\/\"},{\"@type\":\"ListItem\",\"position\":2,\"name\":\"OFICIAL: \u00bfquien ser\u00e1 el jugador 26 de la Selecci\u00f3n Argentina en el Mundial 2026?\"}]},{\"@type\":\"WebSite\",\"@id\":\"https:\/\/dataref.net\/ar\/#website\",\"url\":\"https:\/\/dataref.net\/ar\/\",\"name\":\"dataref\",\"description\":\"\",\"publisher\":{\"@id\":\"https:\/\/dataref.net\/ar\/#\/schema\/person\/cbb7c456fbc21183bdb2dc5bbb7d63b3\"},\"potentialAction\":[{\"@type\":\"SearchAction\",\"target\":{\"@type\":\"EntryPoint\",\"urlTemplate\":\"https:\/\/dataref.net\/ar\/?s={search_term_string}\"},\"query-input\":{\"@type\":\"PropertyValueSpecification\",\"valueRequired\":true,\"valueName\":\"search_term_string\"}}],\"inLanguage\":\"es-AR\"},{\"@type\":[\"Person\",\"Organization\"],\"@id\":\"https:\/\/dataref.net\/ar\/#\/schema\/person\/cbb7c456fbc21183bdb2dc5bbb7d63b3\",\"name\":\"datarefNews\",\"image\":{\"@type\":\"ImageObject\",\"inLanguage\":\"es-AR\",\"@id\":\"https:\/\/dataref.net\/ar\/#\/schema\/person\/image\/\",\"url\":\"https:\/\/dataref.net\/ar\/wp-content\/uploads\/2023\/12\/cropped-cropped-dataref-logo-blanco.4d39855902e69a709381.png\",\"contentUrl\":\"https:\/\/dataref.net\/ar\/wp-content\/uploads\/2023\/12\/cropped-cropped-dataref-logo-blanco.4d39855902e69a709381.png\",\"width\":1500,\"height\":428,\"caption\":\"datarefNews\"},\"logo\":{\"@id\":\"https:\/\/dataref.net\/ar\/#\/schema\/person\/image\/\"},\"description\":\"Creador de noticias de Dataref\",\"sameAs\":[\"https:\/\/dataref.net\/ar\",\"https:\/\/x.com\/dataref_ar\"]},{\"@type\":\"Person\",\"@id\":\"https:\/\/dataref.net\/ar\/#\/schema\/person\/7d31a734ed991d8bf9a0241e4ee582b0\",\"name\":\"Pablo Torrado\",\"image\":{\"@type\":\"ImageObject\",\"inLanguage\":\"es-AR\",\"@id\":\"https:\/\/dataref.net\/ar\/#\/schema\/person\/image\/\",\"url\":\"https:\/\/secure.gravatar.com\/avatar\/ed11bc43a7be13565747f5ca3e52c4370764d399e7436984d84006b7df2a58a6?s=96&d=mm&r=g\",\"contentUrl\":\"https:\/\/secure.gravatar.com\/avatar\/ed11bc43a7be13565747f5ca3e52c4370764d399e7436984d84006b7df2a58a6?s=96&d=mm&r=g\",\"caption\":\"Pablo Torrado\"},\"sameAs\":[\"https:\/\/x.com\/pablotorrado1\"],\"url\":\"https:\/\/dataref.net\/ar\/author\/ptorrado\/\"}]}<\/script>\n<!-- \/ Yoast SEO Premium plugin. -->","yoast_head_json":{"title":"OFICIAL: \u00bfquien ser\u00e1 el jugador 26 de la Selecci\u00f3n Argentina en el Mundial 2026? - dataref Argentina","robots":{"index":"index","follow":"follow","max-snippet":"max-snippet:-1","max-image-preview":"max-image-preview:large","max-video-preview":"max-video-preview:-1"},"canonical":"https:\/\/dataref.net\/ar\/oficial-quien-sera-el-jugador-26-de-la-seleccion-argentina-en-el-mundial-2026\/","og_locale":"es_ES","og_type":"article","og_title":"OFICIAL: \u00bfquien ser\u00e1 el jugador 26 de la Selecci\u00f3n Argentina en el Mundial 2026? - dataref Argentina","og_description":"Tras confirmarse la lesi\u00f3n de Leonardo Balerdi, la Selecci\u00f3n Argentina de Lionel Scaloni ya confirm\u00f3 quien ser\u00e1 el jugador que ocupe su lugar en la convocatoria para el Mundial 2026. El elegido es Marcos Senesi, quien fue confirmado hace menos de 24 horas como nuevo refuerzo de Tottenham Hotspur y ser\u00e1 compa\u00f1ero de &#8216;Cuti&#8217; Romero. [&hellip;]","og_url":"https:\/\/dataref.net\/ar\/oficial-quien-sera-el-jugador-26-de-la-seleccion-argentina-en-el-mundial-2026\/","og_site_name":"dataref Argentina","article_published_time":"2026-06-11T18:42:16+00:00","article_modified_time":"2026-06-12T21:03:31+00:00","og_image":[{"width":800,"height":480,"url":"https:\/\/dataref.net\/ar\/wp-content\/uploads\/2026\/06\/2280812604_f.jpg","type":"image\/jpeg"}],"author":"Pablo Torrado","twitter_card":"summary_large_image","twitter_creator":"@pablotorrado1","twitter_site":"@dataref_ar","twitter_misc":{"Escrito por":"Pablo Torrado","Tiempo de lectura":"1 minuto"},"schema":{"@context":"https:\/\/schema.org","@graph":[{"@type":"Article","@id":"https:\/\/dataref.net\/ar\/oficial-quien-sera-el-jugador-26-de-la-seleccion-argentina-en-el-mundial-2026\/#article","isPartOf":{"@id":"https:\/\/dataref.net\/ar\/oficial-quien-sera-el-jugador-26-de-la-seleccion-argentina-en-el-mundial-2026\/"},"author":{"name":"Pablo Torrado","@id":"https:\/\/dataref.net\/ar\/#\/schema\/person\/7d31a734ed991d8bf9a0241e4ee582b0"},"headline":"OFICIAL: \u00bfquien ser\u00e1 el jugador 26 de la Selecci\u00f3n Argentina en el Mundial 2026?","datePublished":"2026-06-11T18:42:16+00:00","dateModified":"2026-06-12T21:03:31+00:00","mainEntityOfPage":{"@id":"https:\/\/dataref.net\/ar\/oficial-quien-sera-el-jugador-26-de-la-seleccion-argentina-en-el-mundial-2026\/"},"wordCount":110,"commentCount":0,"publisher":{"@id":"https:\/\/dataref.net\/ar\/#\/schema\/person\/cbb7c456fbc21183bdb2dc5bbb7d63b3"},"image":{"@id":"https:\/\/dataref.net\/ar\/oficial-quien-sera-el-jugador-26-de-la-seleccion-argentina-en-el-mundial-2026\/#primaryimage"},"thumbnailUrl":"https:\/\/dataref.net\/ar\/wp-content\/uploads\/2026\/06\/2280812604_f.jpg","keywords":["Lionel Scaloni","Marcos Senesi","Mundial 2026","Selecci\u00f3n Argentina"],"articleSection":["Selecci\u00f3n Argentina"],"inLanguage":"es-AR","potentialAction":[{"@type":"CommentAction","name":"Comment","target":["https:\/\/dataref.net\/ar\/oficial-quien-sera-el-jugador-26-de-la-seleccion-argentina-en-el-mundial-2026\/#respond"]}]},{"@type":"WebPage","@id":"https:\/\/dataref.net\/ar\/oficial-quien-sera-el-jugador-26-de-la-seleccion-argentina-en-el-mundial-2026\/","url":"https:\/\/dataref.net\/ar\/oficial-quien-sera-el-jugador-26-de-la-seleccion-argentina-en-el-mundial-2026\/","name":"OFICIAL: \u00bfquien ser\u00e1 el jugador 26 de la Selecci\u00f3n Argentina en el Mundial 2026? - dataref Argentina","isPartOf":{"@id":"https:\/\/dataref.net\/ar\/#website"},"primaryImageOfPage":{"@id":"https:\/\/dataref.net\/ar\/oficial-quien-sera-el-jugador-26-de-la-seleccion-argentina-en-el-mundial-2026\/#primaryimage"},"image":{"@id":"https:\/\/dataref.net\/ar\/oficial-quien-sera-el-jugador-26-de-la-seleccion-argentina-en-el-mundial-2026\/#primaryimage"},"thumbnailUrl":"https:\/\/dataref.net\/ar\/wp-content\/uploads\/2026\/06\/2280812604_f.jpg","datePublished":"2026-06-11T18:42:16+00:00","dateModified":"2026-06-12T21:03:31+00:00","breadcrumb":{"@id":"https:\/\/dataref.net\/ar\/oficial-quien-sera-el-jugador-26-de-la-seleccion-argentina-en-el-mundial-2026\/#breadcrumb"},"inLanguage":"es-AR","potentialAction":[{"@type":"ReadAction","target":["https:\/\/dataref.net\/ar\/oficial-quien-sera-el-jugador-26-de-la-seleccion-argentina-en-el-mundial-2026\/"]}]},{"@type":"ImageObject","inLanguage":"es-AR","@id":"https:\/\/dataref.net\/ar\/oficial-quien-sera-el-jugador-26-de-la-seleccion-argentina-en-el-mundial-2026\/#primaryimage","url":"https:\/\/dataref.net\/ar\/wp-content\/uploads\/2026\/06\/2280812604_f.jpg","contentUrl":"https:\/\/dataref.net\/ar\/wp-content\/uploads\/2026\/06\/2280812604_f.jpg","width":800,"height":480},{"@type":"BreadcrumbList","@id":"https:\/\/dataref.net\/ar\/oficial-quien-sera-el-jugador-26-de-la-seleccion-argentina-en-el-mundial-2026\/#breadcrumb","itemListElement":[{"@type":"ListItem","position":1,"name":"Home","item":"https:\/\/dataref.net\/ar\/"},{"@type":"ListItem","position":2,"name":"OFICIAL: \u00bfquien ser\u00e1 el jugador 26 de la Selecci\u00f3n Argentina en el Mundial 2026?"}]},{"@type":"WebSite","@id":"https:\/\/dataref.net\/ar\/#website","url":"https:\/\/dataref.net\/ar\/","name":"dataref","description":"","publisher":{"@id":"https:\/\/dataref.net\/ar\/#\/schema\/person\/cbb7c456fbc21183bdb2dc5bbb7d63b3"},"potentialAction":[{"@type":"SearchAction","target":{"@type":"EntryPoint","urlTemplate":"https:\/\/dataref.net\/ar\/?s={search_term_string}"},"query-input":{"@type":"PropertyValueSpecification","valueRequired":true,"valueName":"search_term_string"}}],"inLanguage":"es-AR"},{"@type":["Person","Organization"],"@id":"https:\/\/dataref.net\/ar\/#\/schema\/person\/cbb7c456fbc21183bdb2dc5bbb7d63b3","name":"datarefNews","image":{"@type":"ImageObject","inLanguage":"es-AR","@id":"https:\/\/dataref.net\/ar\/#\/schema\/person\/image\/","url":"https:\/\/dataref.net\/ar\/wp-content\/uploads\/2023\/12\/cropped-cropped-dataref-logo-blanco.4d39855902e69a709381.png","contentUrl":"https:\/\/dataref.net\/ar\/wp-content\/uploads\/2023\/12\/cropped-cropped-dataref-logo-blanco.4d39855902e69a709381.png","width":1500,"height":428,"caption":"datarefNews"},"logo":{"@id":"https:\/\/dataref.net\/ar\/#\/schema\/person\/image\/"},"description":"Creador de noticias de Dataref","sameAs":["https:\/\/dataref.net\/ar","https:\/\/x.com\/dataref_ar"]},{"@type":"Person","@id":"https:\/\/dataref.net\/ar\/#\/schema\/person\/7d31a734ed991d8bf9a0241e4ee582b0","name":"Pablo Torrado","image":{"@type":"ImageObject","inLanguage":"es-AR","@id":"https:\/\/dataref.net\/ar\/#\/schema\/person\/image\/","url":"https:\/\/secure.gravatar.com\/avatar\/ed11bc43a7be13565747f5ca3e52c4370764d399e7436984d84006b7df2a58a6?s=96&d=mm&r=g","contentUrl":"https:\/\/secure.gravatar.com\/avatar\/ed11bc43a7be13565747f5ca3e52c4370764d399e7436984d84006b7df2a58a6?s=96&d=mm&r=g","caption":"Pablo Torrado"},"sameAs":["https:\/\/x.com\/pablotorrado1"],"url":"https:\/\/dataref.net\/ar\/author\/ptorrado\/"}]}},"_links":{"self":[{"href":"https:\/\/dataref.net\/ar\/wp-json\/wp\/v2\/posts\/24754","targetHints":{"allow":["GET"]}}],"collection":[{"href":"https:\/\/dataref.net\/ar\/wp-json\/wp\/v2\/posts"}],"about":[{"href":"https:\/\/dataref.net\/ar\/wp-json\/wp\/v2\/types\/post"}],"author":[{"embeddable":true,"href":"https:\/\/dataref.net\/ar\/wp-json\/wp\/v2\/users\/5"}],"replies":[{"embeddable":true,"href":"https:\/\/dataref.net\/ar\/wp-json\/wp\/v2\/comments?post=24754"}],"version-history":[{"count":8,"href":"https:\/\/dataref.net\/ar\/wp-json\/wp\/v2\/posts\/24754\/revisions"}],"predecessor-version":[{"id":24769,"href":"https:\/\/dataref.net\/ar\/wp-json\/wp\/v2\/posts\/24754\/revisions\/24769"}],"wp:featuredmedia":[{"embeddable":true,"href":"https:\/\/dataref.net\/ar\/wp-json\/wp\/v2\/media\/24755"}],"wp:attachment":[{"href":"https:\/\/dataref.net\/ar\/wp-json\/wp\/v2\/media?parent=24754"}],"wp:term":[{"taxonomy":"category","embeddable":true,"href":"https:\/\/dataref.net\/ar\/wp-json\/wp\/v2\/categories?post=24754"},{"taxonomy":"post_tag","embeddable":true,"href":"https:\/\/dataref.net\/ar\/wp-json\/wp\/v2\/tags?post=24754"}],"curies":[{"name":"wp","href":"https:\/\/api.w.org\/{rel}","templated":true}]}}