{"id":20079,"date":"2025-08-29T22:29:51","date_gmt":"2025-08-30T01:29:51","guid":{"rendered":"https:\/\/dataref.net\/ar\/?p=20079"},"modified":"2025-08-29T22:58:34","modified_gmt":"2025-08-30T01:58:34","slug":"el-mejor-de-su-zona-asi-marcha-barracas-central-en-el-clausura-2025","status":"publish","type":"post","link":"https:\/\/dataref.net\/ar\/el-mejor-de-su-zona-asi-marcha-barracas-central-en-el-clausura-2025\/","title":{"rendered":"EL MEJOR DE SU ZONA: as\u00ed marcha BARRACAS CENTRAL en el Clausura 2025"},"content":{"rendered":"\n<p><strong><a href=\"https:\/\/dataref.net\/ar\/tag\/barracas-central\/\">Barracas Central <\/a>dio el golpe en Rosario y se llev\u00f3 un triunfazo al superar 2-1 a <a href=\"https:\/\/dataref.net\/ar\/tag\/newells-old-boys\/\">Newell\u2019s<\/a>, en el Coloso Marcelo Bielsa, por la s\u00e9ptima fecha del <a href=\"https:\/\/dataref.net\/ar\/tag\/clausura-2025\/\">Clausura 2025<\/a>. Con autoridad y personalidad, el \u201cGuapo\u201d se hizo fuerte de visitante. El resultado lo mantiene alto en la tabla de posiciones. <\/strong><\/p>\n\n\n\n<p><strong>El local comenz\u00f3 mejor y se puso en ventaja gracias a un cabezazo de Carlos Gonz\u00e1lez que desat\u00f3 la alegr\u00eda leprosa. Sin embargo, Barracas reaccion\u00f3 r\u00e1pido y lo empat\u00f3 con un tanto de Facundo Bruera. Ya en la segunda parte, Iv\u00e1n Tapia convirti\u00f3 de penal para sellar el 2-1. Fue un golpe duro para la Lepra.<\/strong><\/p>\n\n\n\n<figure class=\"wp-block-image size-full\"><img fetchpriority=\"high\" decoding=\"async\" width=\"730\" height=\"411\" src=\"https:\/\/dataref.net\/ar\/wp-content\/uploads\/2025\/08\/GzjqyJzXEAAf0rD-1.jpg\" alt=\"\" class=\"wp-image-20082\" srcset=\"https:\/\/dataref.net\/ar\/wp-content\/uploads\/2025\/08\/GzjqyJzXEAAf0rD-1.jpg 730w, https:\/\/dataref.net\/ar\/wp-content\/uploads\/2025\/08\/GzjqyJzXEAAf0rD-1-300x169.jpg 300w\" sizes=\"(max-width: 730px) 100vw, 730px\" \/><\/figure>\n\n\n\n<p><strong>El equipo dirigido por Rub\u00e9n Dar\u00edo Ins\u00faa atraviesa un gran presente en el Clausura 2025. En siete partidos disputados gan\u00f3 cuatro, empat\u00f3 dos y perdi\u00f3 apenas uno. Esa campa\u00f1a lo sostiene en lo m\u00e1s alto de su zona. El buen arranque entusiasma a todo el plantel y su gente.<\/strong><\/p>\n\n\n\n<p><strong>Con este triunfo en Rosario, Barracas super\u00f3 a Estudiantes de La Plata en la tabla de posiciones, con 14 puntos. Tambi\u00e9n lo supera en la diferencia de gol, que es de +3. El resultado lo coloca en una pelea directa por la cima. El Guapo pisa fuerte.<\/strong><\/p>\n\n\n\n<figure class=\"wp-block-image size-full is-resized\"><img decoding=\"async\" width=\"746\" height=\"166\" src=\"https:\/\/dataref.net\/ar\/wp-content\/uploads\/2025\/08\/image-1.png\" alt=\"\" class=\"wp-image-20095\" style=\"width:800px;height:auto\" srcset=\"https:\/\/dataref.net\/ar\/wp-content\/uploads\/2025\/08\/image-1.png 746w, https:\/\/dataref.net\/ar\/wp-content\/uploads\/2025\/08\/image-1-300x67.png 300w\" sizes=\"(max-width: 746px) 100vw, 746px\" \/><\/figure>\n\n\n\n<p><strong>As\u00ed, Barracas confirma su gran momento y demuestra que est\u00e1 para m\u00e1s que solo mantener la categor\u00eda. La solidez del equipo y los goles de sus figuras sostienen la ilusi\u00f3n. Los hinchas comienzan a so\u00f1ar con seguir arriba hasta el final. El Clausura 2025 tiene al Guapo como gran protagonista.<\/strong><\/p>\n\n\n\n<h2 class=\"wp-block-heading\">\u00bfCu\u00e1ndo juega Estudiantes de la Plata?<\/h2>\n\n\n\n<p><strong>El Estudiante de La Plata de Eduardo Dom\u00ednguez se medir\u00e1 ante Central C\u00f3rdoba como visitante ma\u00f1ana a las 17:00 (Hora Argentina) por la fecha 7 del Clausura 2025.<\/strong><\/p>\n\n\n\n<figure class=\"wp-block-embed is-type-video is-provider-youtube wp-block-embed-youtube wp-embed-aspect-16-9 wp-has-aspect-ratio\"><div class=\"wp-block-embed__wrapper\">\n<iframe title=\"BARRACAS se lo DIO VUELTA a NEWELL&#039;S y SIGUE ARRIBA | #Newells 1-2 #Barracas | Resumen\" width=\"800\" height=\"450\" src=\"https:\/\/www.youtube.com\/embed\/tevBdL3n8d0?feature=oembed\" frameborder=\"0\" allow=\"accelerometer; autoplay; clipboard-write; encrypted-media; gyroscope; picture-in-picture; web-share\" referrerpolicy=\"strict-origin-when-cross-origin\" allowfullscreen><\/iframe>\n<\/div><\/figure>\n\n\n\n<p><\/p>\n<div class=\"ays-arp-under-posts-container ays-arp-classy-layout \" id=\"ays-arp-under-posts-container-20079-69f37fdf8f015\"  data-id=\"69f37fdf8f015\" data-ratio=\"0.75\"><h2 class=\"ays-arp-under-posts-container-title\">Noticias relacionadas<\/h2><input type=\"hidden\" name=\"ays-arp-id-69f37fdf8f015\" value=\"20079\"><div class=\"ays-arp-under-posts\"><div class=\"ays-arp-under-post\"><div class=\"ays-arp-under-post-header\"><div class=\"ays-arp-under-post-img-row\"><a href=\"https:\/\/dataref.net\/ar\/todos-los-titulos-que-gano-juan-sebastian-veron-con-estudiantes-de-la-plata\/\" class=\"ays-arp-under-post-link\"  ><img src=\"https:\/\/dataref.net\/ar\/wp-content\/uploads\/2025\/12\/G8GPd_AXkAALPB4.jpg\" alt=\"\" class=\"ays-arp-under-post-img\"><img src=\"https:\/\/dataref.net\/ar\/wp-content\/uploads\/2025\/12\/G8GPd_AXkAALPB4.jpg\" alt=\"\" class=\"ays-arp-under-post-img ays-arp-under-post-img-mobile\"><span class=\"ays-arp-under-post-overlay-box\"><\/span><\/a><div class=\"ays-arp-under-post-title-row\"><div class=\"ays-arp-under-post-title\"><a href=\"https:\/\/dataref.net\/ar\/todos-los-titulos-que-gano-juan-sebastian-veron-con-estudiantes-de-la-plata\/\" class=\"ays-arp-under-post-link\"  >Todos los T\u00cdTULOS que gan\u00f3 Juan Sebasti\u00e1n...<\/a><\/div><\/div><\/div><\/div><div class=\"ays-arp-under-post-content\"><div class=\"ays-arp-under-post-excerpt-row\"><span class=\"ays-arp-under-post-excerpt\">\nEstudiantes volvi\u00f3 a escribir una p\u00e1gina dorada de su historia...<\/span><\/div><\/div><\/div><div class=\"ays-arp-under-post\"><div class=\"ays-arp-under-post-header\"><div class=\"ays-arp-under-post-img-row\"><a href=\"https:\/\/dataref.net\/ar\/la-bronca-de-ariel-holan-tras-el-gesto-de-los-jugadores-de-estudiantes-ante-rosario-central\/\" class=\"ays-arp-under-post-link\"  ><img src=\"https:\/\/dataref.net\/ar\/wp-content\/uploads\/2025\/11\/G5uOj0lXYAADfAh-768x461.jpg\" alt=\"\" class=\"ays-arp-under-post-img\"><img src=\"https:\/\/dataref.net\/ar\/wp-content\/uploads\/2025\/11\/G5uOj0lXYAADfAh-768x461.jpg\" alt=\"\" class=\"ays-arp-under-post-img ays-arp-under-post-img-mobile\"><span class=\"ays-arp-under-post-overlay-box\"><\/span><\/a><div class=\"ays-arp-under-post-title-row\"><div class=\"ays-arp-under-post-title\"><a href=\"https:\/\/dataref.net\/ar\/la-bronca-de-ariel-holan-tras-el-gesto-de-los-jugadores-de-estudiantes-ante-rosario-central\/\" class=\"ays-arp-under-post-link\"  >La BRONCA de ARIEL HOLAN tras el...<\/a><\/div><\/div><\/div><\/div><div class=\"ays-arp-under-post-content\"><div class=\"ays-arp-under-post-excerpt-row\"><span class=\"ays-arp-under-post-excerpt\">\nEl encuentro de ayer entre Rosario Central y Estudiantes de...<\/span><\/div><\/div><\/div><div class=\"ays-arp-under-post\"><div class=\"ays-arp-under-post-header\"><div class=\"ays-arp-under-post-img-row\"><a href=\"https:\/\/dataref.net\/ar\/el-respaldo-de-angel-di-maria-a-claudio-chiqui-tapia-sobre-su-gestion-como-presidente-de-la-afa\/\" class=\"ays-arp-under-post-link\"  ><img src=\"https:\/\/dataref.net\/ar\/wp-content\/uploads\/2025\/11\/gettyimages-2161509846-2048x2048-1-768x461.jpg\" alt=\"\" class=\"ays-arp-under-post-img\"><img src=\"https:\/\/dataref.net\/ar\/wp-content\/uploads\/2025\/11\/gettyimages-2161509846-2048x2048-1-768x461.jpg\" alt=\"\" class=\"ays-arp-under-post-img ays-arp-under-post-img-mobile\"><span class=\"ays-arp-under-post-overlay-box\"><\/span><\/a><div class=\"ays-arp-under-post-title-row\"><div class=\"ays-arp-under-post-title\"><a href=\"https:\/\/dataref.net\/ar\/el-respaldo-de-angel-di-maria-a-claudio-chiqui-tapia-sobre-su-gestion-como-presidente-de-la-afa\/\" class=\"ays-arp-under-post-link\"  >El respaldo de \u00c1NGEL DI MAR\u00cdA a...<\/a><\/div><\/div><\/div><\/div><div class=\"ays-arp-under-post-content\"><div class=\"ays-arp-under-post-excerpt-row\"><span class=\"ays-arp-under-post-excerpt\">\nDesde su asunci\u00f3n como presidente de la AFA, Claudio \u201cChiqui\u201d...<\/span><\/div><\/div><\/div><\/div><style type=\"text\/css\">\n            #ays-arp-under-posts-container-20079-69f37fdf8f015 {\n                width: 100%;\n                word-break: break-word;\n            }\n\n            #ays-arp-under-posts-container-20079-69f37fdf8f015 .ays-arp-under-post {\n                width: calc(33% - 10px);\n                padding: 10px;\n                border: none;\n            }\n\n            #ays-arp-under-posts-container-20079-69f37fdf8f015 .ays-arp-under-post-img-row .ays-arp-under-post-img {\n\t\t\t    object-fit: contain;\n\t\t\t    object-position:center center;\n                border: unset;\n                padding: unset;\n                border-radius: 0px;\n                height: 100%\n            }\n\n            #ays-arp-under-posts-container-20079-69f37fdf8f015 .ays-arp-under-posts-container-title,\n            #ays-arp-under-posts-container-20079-69f37fdf8f015 .ays-arp-under-post-title  .ays-arp-under-post-link,\n            #ays-arp-under-posts-container-20079-69f37fdf8f015 .ays-arp-under-post-excerpt-row {\n                color: #333333;\n            }\n\n            #ays-arp-under-posts-container-20079-69f37fdf8f015  .ays-arp-under-posts  .ays-arp-under-post {\n                background-color: rgba(255,255,255,0);\n            }\n\n            #ays-arp-under-posts-container-20079-69f37fdf8f015  .ays-arp-under-posts  .ays-arp-under-post:hover {\n                background-color: rgba(255,255,255,0);\n            }\n\n            #ays-arp-under-posts-container-20079-69f37fdf8f015 .ays-arp-under-post-title,\n            #ays-arp-under-posts-container-20079-69f37fdf8f015 .ays-arp-under-post-link {\n                line-height: 1.5;\n            }\n\n            #ays-arp-under-posts-container-20079-69f37fdf8f015 .ays-arp-under-post-title a{\n                font-size: 12px;\n            }\n\n            #ays-arp-under-posts-container-20079-69f37fdf8f015 .ays-arp-under-post-date-author-row {\n                color: rgba(51,51,51,0.7);\n            }\n\n            #ays-arp-under-posts-container-20079-69f37fdf8f015 .ays-arp-under-posts a:active,\n            #ays-arp-under-posts-container-20079-69f37fdf8f015 .ays-arp-under-posts a:hover,\n            #ays-arp-under-posts-container-20079-69f37fdf8f015 .ays-arp-under-posts a:focus,\n            #ays-arp-under-posts-container-20079-69f37fdf8f015 .ays-arp-under-posts a {\n                text-decoration: unset;\n                cursor: pointer;\n                outline: unset;\n                text-decoration-skip-ink: none;\n                background: unset;\n                opacity: 1;\n            }\n\n            #ays-arp-under-posts-container-20079-69f37fdf8f015 .ays-arp-under-post-img-row .ays-arp-under-post-img.ays-arp-under-post-img-mobile {\n                display: none;                    \n            }\n\n            @media screen and (max-width: 768px){\n\n                #ays-arp-under-posts-container-20079-69f37fdf8f015 .ays-arp-under-post-img-row .ays-arp-under-post-img {\n                    object-fit: contain;\n                    display: none;                    \n                }\n\n                #ays-arp-under-posts-container-20079-69f37fdf8f015 .ays-arp-under-post-img-row .ays-arp-under-post-img.ays-arp-under-post-img-mobile {\n                    display: inline-block;                    \n                }\n\n                #ays-arp-under-posts-container-20079-69f37fdf8f015 .ays-arp-under-post-title a{\n                    font-size: 12px;\n                }\n\n                #ays-arp-under-posts-container-20079-69f37fdf8f015 .ays-arp-under-post {\n                    width: calc(33% - 10px);\n                    border: none;\n                }\n\n                #ays-arp-under-posts-container-20079-69f37fdf8f015 .ays-arp-under-posts-container-title,\n                #ays-arp-under-posts-container-20079-69f37fdf8f015 .ays-arp-under-post-title  .ays-arp-under-post-link,\n                #ays-arp-under-posts-container-20079-69f37fdf8f015 .ays-arp-under-post-excerpt-row {\n                    color: #333;\n                }\n\n                #ays-arp-under-posts-container-20079-69f37fdf8f015 .ays-arp-under-post-date-author-row {\n                    color: rgba(51,51,51,0.7);\n                }\n\n                #ays-arp-under-posts-container-20079-69f37fdf8f015  .ays-arp-under-posts  .ays-arp-under-post {\n                    background-color: rgba(255,255,255,0);\n                }\n            }\n\n            \n            \/* Layout CSS *\/\n            #ays-arp-under-posts-container-20079-69f37fdf8f015.ays-arp-classy-layout .ays-arp-under-post-date-author-row {\n                \/*border-bottom: 0.5px solid rgba(51,51,51,0.4);*\/\n                border: unset;\n            }\n\n            #ays-arp-under-posts-container-20079-69f37fdf8f015.ays-arp-classy-layout .ays-arp-under-post {\n                padding: 0;\n                \/*border: 0.5px solid rgb(236 237 241);*\/\n                border-radius: 0px;\n                overflow:hidden;\n            }\n\n            #ays-arp-under-posts-container-20079-69f37fdf8f015.ays-arp-classy-layout .ays-arp-under-post-content {\n                padding: 10px;\n            }\n\n            #ays-arp-under-posts-container-20079-69f37fdf8f015.ays-arp-classy-layout .ays-arp-under-post-img-row,\n            #ays-arp-under-posts-container-20079-69f37fdf8f015.ays-arp-classy-layout .ays-arp-under-post-img-row img {\n                border-radius: 0px;\n            }\n\n            #ays-arp-under-posts-container-20079-69f37fdf8f015.ays-arp-classy-layout .ays-arp-under-post-link {\n                color: #fff;\n            }\n            \n            <\/style><\/div>","protected":false},"excerpt":{"rendered":"<p>Barracas Central dio el golpe en Rosario y se llev\u00f3 un triunfazo al superar 2-1 a Newell\u2019s, en el Coloso Marcelo Bielsa, por la s\u00e9ptima fecha del Clausura 2025. Con autoridad y personalidad, el \u201cGuapo\u201d se hizo fuerte de visitante. El resultado lo mantiene alto en la tabla de posiciones. El local comenz\u00f3 mejor y [&hellip;]<\/p>\n","protected":false},"author":5,"featured_media":20080,"comment_status":"open","ping_status":"open","sticky":false,"template":"","format":"standard","meta":{"_acf_changed":false,"footnotes":""},"categories":[3],"tags":[761,1782,568],"class_list":["post-20079","post","type-post","status-publish","format-standard","has-post-thumbnail","hentry","category-noticias","tag-barracas-central","tag-clausura-2025","tag-newells-old-boys"],"acf":[],"yoast_head":"<!-- This site is optimized with the Yoast SEO Premium plugin v21.3 (Yoast SEO v26.9) - https:\/\/yoast.com\/product\/yoast-seo-premium-wordpress\/ -->\n<title>EL MEJOR DE SU ZONA: as\u00ed marcha BARRACAS CENTRAL en el Clausura 2025 - dataref Argentina<\/title>\n<meta name=\"robots\" content=\"index, follow, max-snippet:-1, max-image-preview:large, max-video-preview:-1\" \/>\n<link rel=\"canonical\" href=\"https:\/\/dataref.net\/ar\/el-mejor-de-su-zona-asi-marcha-barracas-central-en-el-clausura-2025\/\" \/>\n<meta property=\"og:locale\" content=\"es_ES\" \/>\n<meta property=\"og:type\" content=\"article\" \/>\n<meta property=\"og:title\" content=\"EL MEJOR DE SU ZONA: as\u00ed marcha BARRACAS CENTRAL en el Clausura 2025\" \/>\n<meta property=\"og:description\" content=\"Barracas Central dio el golpe en Rosario y se llev\u00f3 un triunfazo al superar 2-1 a Newell\u2019s, en el Coloso Marcelo Bielsa, por la s\u00e9ptima fecha del Clausura 2025. Con autoridad y personalidad, el \u201cGuapo\u201d se hizo fuerte de visitante. El resultado lo mantiene alto en la tabla de posiciones. El local comenz\u00f3 mejor y [&hellip;]\" \/>\n<meta property=\"og:url\" content=\"https:\/\/dataref.net\/ar\/el-mejor-de-su-zona-asi-marcha-barracas-central-en-el-clausura-2025\/\" \/>\n<meta property=\"og:site_name\" content=\"dataref Argentina\" \/>\n<meta property=\"article:published_time\" content=\"2025-08-30T01:29:51+00:00\" \/>\n<meta property=\"article:modified_time\" content=\"2025-08-30T01:58:34+00:00\" \/>\n<meta property=\"og:image\" content=\"https:\/\/dataref.net\/ar\/wp-content\/uploads\/2025\/08\/GzjVo7AWwAAzwTW.jpg\" \/>\n\t<meta property=\"og:image:width\" content=\"800\" \/>\n\t<meta property=\"og:image:height\" content=\"480\" \/>\n\t<meta property=\"og:image:type\" content=\"image\/jpeg\" \/>\n<meta name=\"author\" content=\"Pablo Torrado\" \/>\n<meta name=\"twitter:card\" content=\"summary_large_image\" \/>\n<meta name=\"twitter:creator\" content=\"@pablotorrado1\" \/>\n<meta name=\"twitter:site\" content=\"@dataref_ar\" \/>\n<meta name=\"twitter:label1\" content=\"Escrito por\" \/>\n\t<meta name=\"twitter:data1\" content=\"Pablo Torrado\" \/>\n\t<meta name=\"twitter:label2\" content=\"Tiempo de lectura\" \/>\n\t<meta name=\"twitter:data2\" content=\"2 minutos\" \/>\n<script type=\"application\/ld+json\" class=\"yoast-schema-graph\">{\"@context\":\"https:\/\/schema.org\",\"@graph\":[{\"@type\":\"Article\",\"@id\":\"https:\/\/dataref.net\/ar\/el-mejor-de-su-zona-asi-marcha-barracas-central-en-el-clausura-2025\/#article\",\"isPartOf\":{\"@id\":\"https:\/\/dataref.net\/ar\/el-mejor-de-su-zona-asi-marcha-barracas-central-en-el-clausura-2025\/\"},\"author\":{\"name\":\"Pablo Torrado\",\"@id\":\"https:\/\/dataref.net\/ar\/#\/schema\/person\/7d31a734ed991d8bf9a0241e4ee582b0\"},\"headline\":\"EL MEJOR DE SU ZONA: as\u00ed marcha BARRACAS CENTRAL en el Clausura 2025\",\"datePublished\":\"2025-08-30T01:29:51+00:00\",\"dateModified\":\"2025-08-30T01:58:34+00:00\",\"mainEntityOfPage\":{\"@id\":\"https:\/\/dataref.net\/ar\/el-mejor-de-su-zona-asi-marcha-barracas-central-en-el-clausura-2025\/\"},\"wordCount\":324,\"commentCount\":0,\"publisher\":{\"@id\":\"https:\/\/dataref.net\/ar\/#\/schema\/person\/cbb7c456fbc21183bdb2dc5bbb7d63b3\"},\"image\":{\"@id\":\"https:\/\/dataref.net\/ar\/el-mejor-de-su-zona-asi-marcha-barracas-central-en-el-clausura-2025\/#primaryimage\"},\"thumbnailUrl\":\"https:\/\/dataref.net\/ar\/wp-content\/uploads\/2025\/08\/GzjVo7AWwAAzwTW.jpg\",\"keywords\":[\"Barracas Central\",\"Clausura 2025\",\"Newell's Old Boys\"],\"articleSection\":[\"Noticias\"],\"inLanguage\":\"es-AR\",\"potentialAction\":[{\"@type\":\"CommentAction\",\"name\":\"Comment\",\"target\":[\"https:\/\/dataref.net\/ar\/el-mejor-de-su-zona-asi-marcha-barracas-central-en-el-clausura-2025\/#respond\"]}]},{\"@type\":\"WebPage\",\"@id\":\"https:\/\/dataref.net\/ar\/el-mejor-de-su-zona-asi-marcha-barracas-central-en-el-clausura-2025\/\",\"url\":\"https:\/\/dataref.net\/ar\/el-mejor-de-su-zona-asi-marcha-barracas-central-en-el-clausura-2025\/\",\"name\":\"EL MEJOR DE SU ZONA: as\u00ed marcha BARRACAS CENTRAL en el Clausura 2025 - dataref Argentina\",\"isPartOf\":{\"@id\":\"https:\/\/dataref.net\/ar\/#website\"},\"primaryImageOfPage\":{\"@id\":\"https:\/\/dataref.net\/ar\/el-mejor-de-su-zona-asi-marcha-barracas-central-en-el-clausura-2025\/#primaryimage\"},\"image\":{\"@id\":\"https:\/\/dataref.net\/ar\/el-mejor-de-su-zona-asi-marcha-barracas-central-en-el-clausura-2025\/#primaryimage\"},\"thumbnailUrl\":\"https:\/\/dataref.net\/ar\/wp-content\/uploads\/2025\/08\/GzjVo7AWwAAzwTW.jpg\",\"datePublished\":\"2025-08-30T01:29:51+00:00\",\"dateModified\":\"2025-08-30T01:58:34+00:00\",\"breadcrumb\":{\"@id\":\"https:\/\/dataref.net\/ar\/el-mejor-de-su-zona-asi-marcha-barracas-central-en-el-clausura-2025\/#breadcrumb\"},\"inLanguage\":\"es-AR\",\"potentialAction\":[{\"@type\":\"ReadAction\",\"target\":[\"https:\/\/dataref.net\/ar\/el-mejor-de-su-zona-asi-marcha-barracas-central-en-el-clausura-2025\/\"]}]},{\"@type\":\"ImageObject\",\"inLanguage\":\"es-AR\",\"@id\":\"https:\/\/dataref.net\/ar\/el-mejor-de-su-zona-asi-marcha-barracas-central-en-el-clausura-2025\/#primaryimage\",\"url\":\"https:\/\/dataref.net\/ar\/wp-content\/uploads\/2025\/08\/GzjVo7AWwAAzwTW.jpg\",\"contentUrl\":\"https:\/\/dataref.net\/ar\/wp-content\/uploads\/2025\/08\/GzjVo7AWwAAzwTW.jpg\",\"width\":800,\"height\":480},{\"@type\":\"BreadcrumbList\",\"@id\":\"https:\/\/dataref.net\/ar\/el-mejor-de-su-zona-asi-marcha-barracas-central-en-el-clausura-2025\/#breadcrumb\",\"itemListElement\":[{\"@type\":\"ListItem\",\"position\":1,\"name\":\"Home\",\"item\":\"https:\/\/dataref.net\/ar\/\"},{\"@type\":\"ListItem\",\"position\":2,\"name\":\"EL MEJOR DE SU ZONA: as\u00ed marcha BARRACAS CENTRAL en el Clausura 2025\"}]},{\"@type\":\"WebSite\",\"@id\":\"https:\/\/dataref.net\/ar\/#website\",\"url\":\"https:\/\/dataref.net\/ar\/\",\"name\":\"dataref\",\"description\":\"\",\"publisher\":{\"@id\":\"https:\/\/dataref.net\/ar\/#\/schema\/person\/cbb7c456fbc21183bdb2dc5bbb7d63b3\"},\"potentialAction\":[{\"@type\":\"SearchAction\",\"target\":{\"@type\":\"EntryPoint\",\"urlTemplate\":\"https:\/\/dataref.net\/ar\/?s={search_term_string}\"},\"query-input\":{\"@type\":\"PropertyValueSpecification\",\"valueRequired\":true,\"valueName\":\"search_term_string\"}}],\"inLanguage\":\"es-AR\"},{\"@type\":[\"Person\",\"Organization\"],\"@id\":\"https:\/\/dataref.net\/ar\/#\/schema\/person\/cbb7c456fbc21183bdb2dc5bbb7d63b3\",\"name\":\"datarefNews\",\"image\":{\"@type\":\"ImageObject\",\"inLanguage\":\"es-AR\",\"@id\":\"https:\/\/dataref.net\/ar\/#\/schema\/person\/image\/\",\"url\":\"https:\/\/dataref.net\/ar\/wp-content\/uploads\/2023\/12\/cropped-cropped-dataref-logo-blanco.4d39855902e69a709381.png\",\"contentUrl\":\"https:\/\/dataref.net\/ar\/wp-content\/uploads\/2023\/12\/cropped-cropped-dataref-logo-blanco.4d39855902e69a709381.png\",\"width\":1500,\"height\":428,\"caption\":\"datarefNews\"},\"logo\":{\"@id\":\"https:\/\/dataref.net\/ar\/#\/schema\/person\/image\/\"},\"description\":\"Creador de noticias de Dataref\",\"sameAs\":[\"https:\/\/dataref.net\/ar\",\"https:\/\/x.com\/dataref_ar\"],\"publishingPrinciples\":\"https:\/\/dataref.net\/ar\/\"},{\"@type\":\"Person\",\"@id\":\"https:\/\/dataref.net\/ar\/#\/schema\/person\/7d31a734ed991d8bf9a0241e4ee582b0\",\"name\":\"Pablo Torrado\",\"image\":{\"@type\":\"ImageObject\",\"inLanguage\":\"es-AR\",\"@id\":\"https:\/\/dataref.net\/ar\/#\/schema\/person\/image\/\",\"url\":\"https:\/\/secure.gravatar.com\/avatar\/ed11bc43a7be13565747f5ca3e52c4370764d399e7436984d84006b7df2a58a6?s=96&d=mm&r=g\",\"contentUrl\":\"https:\/\/secure.gravatar.com\/avatar\/ed11bc43a7be13565747f5ca3e52c4370764d399e7436984d84006b7df2a58a6?s=96&d=mm&r=g\",\"caption\":\"Pablo Torrado\"},\"sameAs\":[\"https:\/\/x.com\/pablotorrado1\"],\"url\":\"https:\/\/dataref.net\/ar\/author\/ptorrado\/\"}]}<\/script>\n<!-- \/ Yoast SEO Premium plugin. -->","yoast_head_json":{"title":"EL MEJOR DE SU ZONA: as\u00ed marcha BARRACAS CENTRAL en el Clausura 2025 - dataref Argentina","robots":{"index":"index","follow":"follow","max-snippet":"max-snippet:-1","max-image-preview":"max-image-preview:large","max-video-preview":"max-video-preview:-1"},"canonical":"https:\/\/dataref.net\/ar\/el-mejor-de-su-zona-asi-marcha-barracas-central-en-el-clausura-2025\/","og_locale":"es_ES","og_type":"article","og_title":"EL MEJOR DE SU ZONA: as\u00ed marcha BARRACAS CENTRAL en el Clausura 2025","og_description":"Barracas Central dio el golpe en Rosario y se llev\u00f3 un triunfazo al superar 2-1 a Newell\u2019s, en el Coloso Marcelo Bielsa, por la s\u00e9ptima fecha del Clausura 2025. Con autoridad y personalidad, el \u201cGuapo\u201d se hizo fuerte de visitante. El resultado lo mantiene alto en la tabla de posiciones. El local comenz\u00f3 mejor y [&hellip;]","og_url":"https:\/\/dataref.net\/ar\/el-mejor-de-su-zona-asi-marcha-barracas-central-en-el-clausura-2025\/","og_site_name":"dataref Argentina","article_published_time":"2025-08-30T01:29:51+00:00","article_modified_time":"2025-08-30T01:58:34+00:00","og_image":[{"width":800,"height":480,"url":"https:\/\/dataref.net\/ar\/wp-content\/uploads\/2025\/08\/GzjVo7AWwAAzwTW.jpg","type":"image\/jpeg"}],"author":"Pablo Torrado","twitter_card":"summary_large_image","twitter_creator":"@pablotorrado1","twitter_site":"@dataref_ar","twitter_misc":{"Escrito por":"Pablo Torrado","Tiempo de lectura":"2 minutos"},"schema":{"@context":"https:\/\/schema.org","@graph":[{"@type":"Article","@id":"https:\/\/dataref.net\/ar\/el-mejor-de-su-zona-asi-marcha-barracas-central-en-el-clausura-2025\/#article","isPartOf":{"@id":"https:\/\/dataref.net\/ar\/el-mejor-de-su-zona-asi-marcha-barracas-central-en-el-clausura-2025\/"},"author":{"name":"Pablo Torrado","@id":"https:\/\/dataref.net\/ar\/#\/schema\/person\/7d31a734ed991d8bf9a0241e4ee582b0"},"headline":"EL MEJOR DE SU ZONA: as\u00ed marcha BARRACAS CENTRAL en el Clausura 2025","datePublished":"2025-08-30T01:29:51+00:00","dateModified":"2025-08-30T01:58:34+00:00","mainEntityOfPage":{"@id":"https:\/\/dataref.net\/ar\/el-mejor-de-su-zona-asi-marcha-barracas-central-en-el-clausura-2025\/"},"wordCount":324,"commentCount":0,"publisher":{"@id":"https:\/\/dataref.net\/ar\/#\/schema\/person\/cbb7c456fbc21183bdb2dc5bbb7d63b3"},"image":{"@id":"https:\/\/dataref.net\/ar\/el-mejor-de-su-zona-asi-marcha-barracas-central-en-el-clausura-2025\/#primaryimage"},"thumbnailUrl":"https:\/\/dataref.net\/ar\/wp-content\/uploads\/2025\/08\/GzjVo7AWwAAzwTW.jpg","keywords":["Barracas Central","Clausura 2025","Newell's Old Boys"],"articleSection":["Noticias"],"inLanguage":"es-AR","potentialAction":[{"@type":"CommentAction","name":"Comment","target":["https:\/\/dataref.net\/ar\/el-mejor-de-su-zona-asi-marcha-barracas-central-en-el-clausura-2025\/#respond"]}]},{"@type":"WebPage","@id":"https:\/\/dataref.net\/ar\/el-mejor-de-su-zona-asi-marcha-barracas-central-en-el-clausura-2025\/","url":"https:\/\/dataref.net\/ar\/el-mejor-de-su-zona-asi-marcha-barracas-central-en-el-clausura-2025\/","name":"EL MEJOR DE SU ZONA: as\u00ed marcha BARRACAS CENTRAL en el Clausura 2025 - dataref Argentina","isPartOf":{"@id":"https:\/\/dataref.net\/ar\/#website"},"primaryImageOfPage":{"@id":"https:\/\/dataref.net\/ar\/el-mejor-de-su-zona-asi-marcha-barracas-central-en-el-clausura-2025\/#primaryimage"},"image":{"@id":"https:\/\/dataref.net\/ar\/el-mejor-de-su-zona-asi-marcha-barracas-central-en-el-clausura-2025\/#primaryimage"},"thumbnailUrl":"https:\/\/dataref.net\/ar\/wp-content\/uploads\/2025\/08\/GzjVo7AWwAAzwTW.jpg","datePublished":"2025-08-30T01:29:51+00:00","dateModified":"2025-08-30T01:58:34+00:00","breadcrumb":{"@id":"https:\/\/dataref.net\/ar\/el-mejor-de-su-zona-asi-marcha-barracas-central-en-el-clausura-2025\/#breadcrumb"},"inLanguage":"es-AR","potentialAction":[{"@type":"ReadAction","target":["https:\/\/dataref.net\/ar\/el-mejor-de-su-zona-asi-marcha-barracas-central-en-el-clausura-2025\/"]}]},{"@type":"ImageObject","inLanguage":"es-AR","@id":"https:\/\/dataref.net\/ar\/el-mejor-de-su-zona-asi-marcha-barracas-central-en-el-clausura-2025\/#primaryimage","url":"https:\/\/dataref.net\/ar\/wp-content\/uploads\/2025\/08\/GzjVo7AWwAAzwTW.jpg","contentUrl":"https:\/\/dataref.net\/ar\/wp-content\/uploads\/2025\/08\/GzjVo7AWwAAzwTW.jpg","width":800,"height":480},{"@type":"BreadcrumbList","@id":"https:\/\/dataref.net\/ar\/el-mejor-de-su-zona-asi-marcha-barracas-central-en-el-clausura-2025\/#breadcrumb","itemListElement":[{"@type":"ListItem","position":1,"name":"Home","item":"https:\/\/dataref.net\/ar\/"},{"@type":"ListItem","position":2,"name":"EL MEJOR DE SU ZONA: as\u00ed marcha BARRACAS CENTRAL en el Clausura 2025"}]},{"@type":"WebSite","@id":"https:\/\/dataref.net\/ar\/#website","url":"https:\/\/dataref.net\/ar\/","name":"dataref","description":"","publisher":{"@id":"https:\/\/dataref.net\/ar\/#\/schema\/person\/cbb7c456fbc21183bdb2dc5bbb7d63b3"},"potentialAction":[{"@type":"SearchAction","target":{"@type":"EntryPoint","urlTemplate":"https:\/\/dataref.net\/ar\/?s={search_term_string}"},"query-input":{"@type":"PropertyValueSpecification","valueRequired":true,"valueName":"search_term_string"}}],"inLanguage":"es-AR"},{"@type":["Person","Organization"],"@id":"https:\/\/dataref.net\/ar\/#\/schema\/person\/cbb7c456fbc21183bdb2dc5bbb7d63b3","name":"datarefNews","image":{"@type":"ImageObject","inLanguage":"es-AR","@id":"https:\/\/dataref.net\/ar\/#\/schema\/person\/image\/","url":"https:\/\/dataref.net\/ar\/wp-content\/uploads\/2023\/12\/cropped-cropped-dataref-logo-blanco.4d39855902e69a709381.png","contentUrl":"https:\/\/dataref.net\/ar\/wp-content\/uploads\/2023\/12\/cropped-cropped-dataref-logo-blanco.4d39855902e69a709381.png","width":1500,"height":428,"caption":"datarefNews"},"logo":{"@id":"https:\/\/dataref.net\/ar\/#\/schema\/person\/image\/"},"description":"Creador de noticias de Dataref","sameAs":["https:\/\/dataref.net\/ar","https:\/\/x.com\/dataref_ar"],"publishingPrinciples":"https:\/\/dataref.net\/ar\/"},{"@type":"Person","@id":"https:\/\/dataref.net\/ar\/#\/schema\/person\/7d31a734ed991d8bf9a0241e4ee582b0","name":"Pablo Torrado","image":{"@type":"ImageObject","inLanguage":"es-AR","@id":"https:\/\/dataref.net\/ar\/#\/schema\/person\/image\/","url":"https:\/\/secure.gravatar.com\/avatar\/ed11bc43a7be13565747f5ca3e52c4370764d399e7436984d84006b7df2a58a6?s=96&d=mm&r=g","contentUrl":"https:\/\/secure.gravatar.com\/avatar\/ed11bc43a7be13565747f5ca3e52c4370764d399e7436984d84006b7df2a58a6?s=96&d=mm&r=g","caption":"Pablo Torrado"},"sameAs":["https:\/\/x.com\/pablotorrado1"],"url":"https:\/\/dataref.net\/ar\/author\/ptorrado\/"}]}},"_links":{"self":[{"href":"https:\/\/dataref.net\/ar\/wp-json\/wp\/v2\/posts\/20079","targetHints":{"allow":["GET"]}}],"collection":[{"href":"https:\/\/dataref.net\/ar\/wp-json\/wp\/v2\/posts"}],"about":[{"href":"https:\/\/dataref.net\/ar\/wp-json\/wp\/v2\/types\/post"}],"author":[{"embeddable":true,"href":"https:\/\/dataref.net\/ar\/wp-json\/wp\/v2\/users\/5"}],"replies":[{"embeddable":true,"href":"https:\/\/dataref.net\/ar\/wp-json\/wp\/v2\/comments?post=20079"}],"version-history":[{"count":10,"href":"https:\/\/dataref.net\/ar\/wp-json\/wp\/v2\/posts\/20079\/revisions"}],"predecessor-version":[{"id":20097,"href":"https:\/\/dataref.net\/ar\/wp-json\/wp\/v2\/posts\/20079\/revisions\/20097"}],"wp:featuredmedia":[{"embeddable":true,"href":"https:\/\/dataref.net\/ar\/wp-json\/wp\/v2\/media\/20080"}],"wp:attachment":[{"href":"https:\/\/dataref.net\/ar\/wp-json\/wp\/v2\/media?parent=20079"}],"wp:term":[{"taxonomy":"category","embeddable":true,"href":"https:\/\/dataref.net\/ar\/wp-json\/wp\/v2\/categories?post=20079"},{"taxonomy":"post_tag","embeddable":true,"href":"https:\/\/dataref.net\/ar\/wp-json\/wp\/v2\/tags?post=20079"}],"curies":[{"name":"wp","href":"https:\/\/api.w.org\/{rel}","templated":true}]}}