{"id":10022,"date":"2025-01-11T13:10:07","date_gmt":"2025-01-11T16:10:07","guid":{"rendered":"https:\/\/dataref.net\/ar\/?p=10022"},"modified":"2025-01-11T13:10:09","modified_gmt":"2025-01-11T16:10:09","slug":"hay-que-ilusionarse-alan-velasco-se-mostro-ilusionado-en-su-llegada-a-boca-juniors","status":"publish","type":"post","link":"https:\/\/dataref.net\/ar\/hay-que-ilusionarse-alan-velasco-se-mostro-ilusionado-en-su-llegada-a-boca-juniors\/","title":{"rendered":"\u201cHAY QUE ILUSIONARSE\u201d: Alan Velasco se mostr\u00f3 ilusionado en su llegada a Boca Juniors"},"content":{"rendered":"\n<p><a href=\"https:\/\/dataref.net\/ar\/tag\/alan-velasco\/\">Alan Velasco<\/a> es uno de los jugadores m\u00e1s deseados por <a href=\"https:\/\/dataref.net\/ar\/tag\/boca-juniors\/\">Boca Juniors<\/a> en este mercado de pases. El Xeneize ya hab\u00eda intentado incorporarlo en mercados anteriores, pero no se hab\u00eda concretado. Esta vez, el club de La Ribera fue con todo por el exjugador de <a href=\"https:\/\/dataref.net\/ar\/tag\/independiente\/\">Independiente<\/a> y finalmente logr\u00f3 su llegada, cumpliendo un anhelo de la dirigencia. <\/p>\n\n\n\n<p><strong>La transferencia se confirm\u00f3 por una cifra cercana a los 10 millones de d\u00f3lares<\/strong> que Boca pagar\u00e1 a <a href=\"https:\/\/dataref.net\/ar\/tag\/dallas-fc\/\">Dallas FC<\/a>. Aunque el equipo de la MLS deseaba retenerlo, la voluntad de Velasco de regresar al f\u00fatbol argentino fue clave para cerrar la operaci\u00f3n. <strong>Su intenci\u00f3n de vestir la camiseta de Boca termin\u00f3 siendo el factor decisivo.<\/strong><\/p>\n\n\n\n<figure class=\"wp-block-gallery has-nested-images columns-default is-cropped wp-block-gallery-1 is-layout-flex wp-block-gallery-is-layout-flex\">\n<figure class=\"wp-block-image size-large\"><img fetchpriority=\"high\" decoding=\"async\" width=\"512\" height=\"640\" data-id=\"10023\" src=\"https:\/\/dataref.net\/ar\/wp-content\/uploads\/2025\/01\/IMG_9458.jpeg\" alt=\"\" class=\"wp-image-10023\" srcset=\"https:\/\/dataref.net\/ar\/wp-content\/uploads\/2025\/01\/IMG_9458.jpeg 512w, https:\/\/dataref.net\/ar\/wp-content\/uploads\/2025\/01\/IMG_9458-240x300.jpeg 240w\" sizes=\"(max-width: 512px) 100vw, 512px\" \/><\/figure>\n<\/figure>\n\n\n\n<p>Tras realizarse la revisi\u00f3n m\u00e9dica, Velasco expres\u00f3 su alegr\u00eda: \u201c<strong>Estoy muy contento, es un paso muy importante en mi carrera. Fueron unos d\u00edas en los que no se resolv\u00eda, pero lo importante es que ya estoy ac\u00e1<\/strong>\u201d. Con estas palabras, el jugador dej\u00f3 claro su entusiasmo por afrontar este nuevo desaf\u00edo.<\/p>\n\n\n\n<p>\u201c<strong>Ahora hay que pensar en todo lo positivo que se viene. Siempre hay que ilusionarse<\/strong>\u201d, agreg\u00f3 el delantero. Con esta incorporaci\u00f3n, Alan Velasco se convierte en la segunda compra m\u00e1s cara en la historia de Boca, superada \u00fanicamente por la transferencia de <a href=\"https:\/\/dataref.net\/ar\/tag\/juan-roman-riquelme\/\">Juan Rom\u00e1n Riquelme<\/a>, un dato que refleja la magnitud de esta apuesta del club.<\/p>\n\n\n\n<figure class=\"wp-block-embed is-type-rich is-provider-twitter wp-block-embed-twitter\"><div class=\"wp-block-embed__wrapper\">\n<blockquote class=\"twitter-tweet\" data-width=\"550\" data-dnt=\"true\"><p lang=\"es\" dir=\"ltr\">\ud83d\udde3\ufe0f Alan Velasco luego de realizarse la revisi\u00f3n m\u00e9dica para convertirse en refuerzo de Boca: <br><br>\u201cEstoy muy contento, es un paso muy importante en mi carrera. Fueron unos d\u00edas que no se resolv\u00eda pero lo importante es que ya estoy ac\u00e1. <br><br>Ahora hay que pensar en todo lo positivo que\u2026 <a href=\"https:\/\/t.co\/x5jZaR0jTD\">pic.twitter.com\/x5jZaR0jTD<\/a><\/p>&mdash; dataref (@dataref_ar) <a href=\"https:\/\/twitter.com\/dataref_ar\/status\/1878097745157771398?ref_src=twsrc%5Etfw\">January 11, 2025<\/a><\/blockquote><script async src=\"https:\/\/platform.twitter.com\/widgets.js\" charset=\"utf-8\"><\/script>\n<\/div><\/figure>\n\n\n\n<h2 class=\"wp-block-heading\">El mercado de pases de Boca Juniors<\/h2>\n\n\n\n<p>Boca Juniors sigue movi\u00e9ndose con fuerza en el mercado de pases y ya cerr\u00f3 las contrataciones de Carlos Palacios, proveniente de Colo Colo; Ayrton Costa, quien llega desde el f\u00fatbol belga; y la reciente incorporaci\u00f3n de Alan Velasco. Adem\u00e1s, el Xeneize est\u00e1 muy cerca de concretar las llegadas de Ander Herrera y Rodrigo Battaglia, dos nombres que sumar\u00edan jerarqu\u00eda y experiencia al plantel para afrontar los desaf\u00edos del 2025.<\/p>\n<div class=\"ays-arp-under-posts-container ays-arp-classy-layout \" id=\"ays-arp-under-posts-container-10022-69f776cdf05ec\"  data-id=\"69f776cdf05ec\" data-ratio=\"0.75\"><h2 class=\"ays-arp-under-posts-container-title\">Noticias relacionadas<\/h2><input type=\"hidden\" name=\"ays-arp-id-69f776cdf05ec\" value=\"10022\"><div class=\"ays-arp-under-posts\"><div class=\"ays-arp-under-post\"><div class=\"ays-arp-under-post-header\"><div class=\"ays-arp-under-post-img-row\"><a href=\"https:\/\/dataref.net\/ar\/tras-la-victoria-en-el-superclasico-el-invicto-que-arrastra-claudio-ubeda-como-entrenador-de-boca\/\" class=\"ays-arp-under-post-link\"  ><img src=\"https:\/\/dataref.net\/ar\/wp-content\/uploads\/2026\/04\/2270934740_f-768x461.jpg\" alt=\"\" class=\"ays-arp-under-post-img\"><img src=\"https:\/\/dataref.net\/ar\/wp-content\/uploads\/2026\/04\/2270934740_f-768x461.jpg\" alt=\"\" class=\"ays-arp-under-post-img ays-arp-under-post-img-mobile\"><span class=\"ays-arp-under-post-overlay-box\"><\/span><\/a><div class=\"ays-arp-under-post-title-row\"><div class=\"ays-arp-under-post-title\"><a href=\"https:\/\/dataref.net\/ar\/tras-la-victoria-en-el-superclasico-el-invicto-que-arrastra-claudio-ubeda-como-entrenador-de-boca\/\" class=\"ays-arp-under-post-link\"  >TRAS LA VICTORIA EN EL SUPERCL\u00c1SICO: el...<\/a><\/div><\/div><\/div><\/div><div class=\"ays-arp-under-post-content\"><div class=\"ays-arp-under-post-excerpt-row\"><span class=\"ays-arp-under-post-excerpt\">\nEn una tarde-noche cargada de tensi\u00f3n y expectativas, Boca Juniors...<\/span><\/div><\/div><\/div><div class=\"ays-arp-under-post\"><div class=\"ays-arp-under-post-header\"><div class=\"ays-arp-under-post-img-row\"><a href=\"https:\/\/dataref.net\/ar\/no-repunta-el-historial-negativo-de-boca-en-sus-ultimos-clasicos\/\" class=\"ays-arp-under-post-link\"  ><img src=\"https:\/\/dataref.net\/ar\/wp-content\/uploads\/2026\/03\/2265481068_f-768x461.jpg\" alt=\"\" class=\"ays-arp-under-post-img\"><img src=\"https:\/\/dataref.net\/ar\/wp-content\/uploads\/2026\/03\/2265481068_f-768x461.jpg\" alt=\"\" class=\"ays-arp-under-post-img ays-arp-under-post-img-mobile\"><span class=\"ays-arp-under-post-overlay-box\"><\/span><\/a><div class=\"ays-arp-under-post-title-row\"><div class=\"ays-arp-under-post-title\"><a href=\"https:\/\/dataref.net\/ar\/no-repunta-el-historial-negativo-de-boca-en-sus-ultimos-clasicos\/\" class=\"ays-arp-under-post-link\"  >NO REPUNTA: el historial NEGATIVO de Boca...<\/a><\/div><\/div><\/div><\/div><div class=\"ays-arp-under-post-content\"><div class=\"ays-arp-under-post-excerpt-row\"><span class=\"ays-arp-under-post-excerpt\">\nBoca Juniors igual\u00f3 1-1 ante San Lorenzo de Almagro este...<\/span><\/div><\/div><\/div><div class=\"ays-arp-under-post\"><div class=\"ays-arp-under-post-header\"><div class=\"ays-arp-under-post-img-row\"><a href=\"https:\/\/dataref.net\/ar\/estoy-totalmente-de-su-lado-emiliano-brancciari-apoyo-la-gestion-de-juan-roman-riquelme-en-boca\/\" class=\"ays-arp-under-post-link\"  ><img src=\"https:\/\/dataref.net\/ar\/wp-content\/uploads\/2026\/01\/G928KPUWAAA01MC-768x461.jpg\" alt=\"\" class=\"ays-arp-under-post-img\"><img src=\"https:\/\/dataref.net\/ar\/wp-content\/uploads\/2026\/01\/G928KPUWAAA01MC-768x461.jpg\" alt=\"\" class=\"ays-arp-under-post-img ays-arp-under-post-img-mobile\"><span class=\"ays-arp-under-post-overlay-box\"><\/span><\/a><div class=\"ays-arp-under-post-title-row\"><div class=\"ays-arp-under-post-title\"><a href=\"https:\/\/dataref.net\/ar\/estoy-totalmente-de-su-lado-emiliano-brancciari-apoyo-la-gestion-de-juan-roman-riquelme-en-boca\/\" class=\"ays-arp-under-post-link\"  >&quot;ESTOY TOTALMENTE DE SU LADO&quot;: Emiliano Brancciari...<\/a><\/div><\/div><\/div><\/div><div class=\"ays-arp-under-post-content\"><div class=\"ays-arp-under-post-excerpt-row\"><span class=\"ays-arp-under-post-excerpt\">\nUna vez m\u00e1s, el mundo Boca qued\u00f3 en el centro...<\/span><\/div><\/div><\/div><\/div><style type=\"text\/css\">\n            #ays-arp-under-posts-container-10022-69f776cdf05ec {\n                width: 100%;\n                word-break: break-word;\n            }\n\n            #ays-arp-under-posts-container-10022-69f776cdf05ec .ays-arp-under-post {\n                width: calc(33% - 10px);\n                padding: 10px;\n                border: none;\n            }\n\n            #ays-arp-under-posts-container-10022-69f776cdf05ec .ays-arp-under-post-img-row .ays-arp-under-post-img {\n\t\t\t    object-fit: contain;\n\t\t\t    object-position:center center;\n                border: unset;\n                padding: unset;\n                border-radius: 0px;\n                height: 100%\n            }\n\n            #ays-arp-under-posts-container-10022-69f776cdf05ec .ays-arp-under-posts-container-title,\n            #ays-arp-under-posts-container-10022-69f776cdf05ec .ays-arp-under-post-title  .ays-arp-under-post-link,\n            #ays-arp-under-posts-container-10022-69f776cdf05ec .ays-arp-under-post-excerpt-row {\n                color: #333333;\n            }\n\n            #ays-arp-under-posts-container-10022-69f776cdf05ec  .ays-arp-under-posts  .ays-arp-under-post {\n                background-color: rgba(255,255,255,0);\n            }\n\n            #ays-arp-under-posts-container-10022-69f776cdf05ec  .ays-arp-under-posts  .ays-arp-under-post:hover {\n                background-color: rgba(255,255,255,0);\n            }\n\n            #ays-arp-under-posts-container-10022-69f776cdf05ec .ays-arp-under-post-title,\n            #ays-arp-under-posts-container-10022-69f776cdf05ec .ays-arp-under-post-link {\n                line-height: 1.5;\n            }\n\n            #ays-arp-under-posts-container-10022-69f776cdf05ec .ays-arp-under-post-title a{\n                font-size: 12px;\n            }\n\n            #ays-arp-under-posts-container-10022-69f776cdf05ec .ays-arp-under-post-date-author-row {\n                color: rgba(51,51,51,0.7);\n            }\n\n            #ays-arp-under-posts-container-10022-69f776cdf05ec .ays-arp-under-posts a:active,\n            #ays-arp-under-posts-container-10022-69f776cdf05ec .ays-arp-under-posts a:hover,\n            #ays-arp-under-posts-container-10022-69f776cdf05ec .ays-arp-under-posts a:focus,\n            #ays-arp-under-posts-container-10022-69f776cdf05ec .ays-arp-under-posts a {\n                text-decoration: unset;\n                cursor: pointer;\n                outline: unset;\n                text-decoration-skip-ink: none;\n                background: unset;\n                opacity: 1;\n            }\n\n            #ays-arp-under-posts-container-10022-69f776cdf05ec .ays-arp-under-post-img-row .ays-arp-under-post-img.ays-arp-under-post-img-mobile {\n                display: none;                    \n            }\n\n            @media screen and (max-width: 768px){\n\n                #ays-arp-under-posts-container-10022-69f776cdf05ec .ays-arp-under-post-img-row .ays-arp-under-post-img {\n                    object-fit: contain;\n                    display: none;                    \n                }\n\n                #ays-arp-under-posts-container-10022-69f776cdf05ec .ays-arp-under-post-img-row .ays-arp-under-post-img.ays-arp-under-post-img-mobile {\n                    display: inline-block;                    \n                }\n\n                #ays-arp-under-posts-container-10022-69f776cdf05ec .ays-arp-under-post-title a{\n                    font-size: 12px;\n                }\n\n                #ays-arp-under-posts-container-10022-69f776cdf05ec .ays-arp-under-post {\n                    width: calc(33% - 10px);\n                    border: none;\n                }\n\n                #ays-arp-under-posts-container-10022-69f776cdf05ec .ays-arp-under-posts-container-title,\n                #ays-arp-under-posts-container-10022-69f776cdf05ec .ays-arp-under-post-title  .ays-arp-under-post-link,\n                #ays-arp-under-posts-container-10022-69f776cdf05ec .ays-arp-under-post-excerpt-row {\n                    color: #333;\n                }\n\n                #ays-arp-under-posts-container-10022-69f776cdf05ec .ays-arp-under-post-date-author-row {\n                    color: rgba(51,51,51,0.7);\n                }\n\n                #ays-arp-under-posts-container-10022-69f776cdf05ec  .ays-arp-under-posts  .ays-arp-under-post {\n                    background-color: rgba(255,255,255,0);\n                }\n            }\n\n            \n            \/* Layout CSS *\/\n            #ays-arp-under-posts-container-10022-69f776cdf05ec.ays-arp-classy-layout .ays-arp-under-post-date-author-row {\n                \/*border-bottom: 0.5px solid rgba(51,51,51,0.4);*\/\n                border: unset;\n            }\n\n            #ays-arp-under-posts-container-10022-69f776cdf05ec.ays-arp-classy-layout .ays-arp-under-post {\n                padding: 0;\n                \/*border: 0.5px solid rgb(236 237 241);*\/\n                border-radius: 0px;\n                overflow:hidden;\n            }\n\n            #ays-arp-under-posts-container-10022-69f776cdf05ec.ays-arp-classy-layout .ays-arp-under-post-content {\n                padding: 10px;\n            }\n\n            #ays-arp-under-posts-container-10022-69f776cdf05ec.ays-arp-classy-layout .ays-arp-under-post-img-row,\n            #ays-arp-under-posts-container-10022-69f776cdf05ec.ays-arp-classy-layout .ays-arp-under-post-img-row img {\n                border-radius: 0px;\n            }\n\n            #ays-arp-under-posts-container-10022-69f776cdf05ec.ays-arp-classy-layout .ays-arp-under-post-link {\n                color: #fff;\n            }\n            \n            <\/style><\/div>","protected":false},"excerpt":{"rendered":"<p>Alan Velasco es uno de los jugadores m\u00e1s deseados por Boca Juniors en este mercado de pases. El Xeneize ya hab\u00eda intentado incorporarlo en mercados anteriores, pero no se hab\u00eda concretado. Esta vez, el club de La Ribera fue con todo por el exjugador de Independiente y finalmente logr\u00f3 su llegada, cumpliendo un anhelo de [&hellip;]<\/p>\n","protected":false},"author":2,"featured_media":10024,"comment_status":"open","ping_status":"open","sticky":false,"template":"","format":"standard","meta":{"_acf_changed":false,"footnotes":""},"categories":[12,1],"tags":[1129,7,1130,63],"class_list":["post-10022","post","type-post","status-publish","format-standard","has-post-thumbnail","hentry","category-boca-juniors","category-uncategorized","tag-alan-velasco","tag-boca-juniors","tag-dallas","tag-independiente"],"acf":[],"yoast_head":"<!-- This site is optimized with the Yoast SEO Premium plugin v21.3 (Yoast SEO v26.9) - https:\/\/yoast.com\/product\/yoast-seo-premium-wordpress\/ -->\n<title>\u201cHAY QUE ILUSIONARSE\u201d: Alan Velasco se mostr\u00f3 ilusionado en su llegada a Boca Juniors - dataref Argentina<\/title>\n<meta name=\"description\" content=\"Alan Velasco es uno de los jugadores m\u00e1s deseados por Boca Juniors en este mercado de pases. El Xeneize ya hab\u00eda intentado incorporarlo en mercados anteriores, pero no se hab\u00eda concretado. Esta vez, el club de La Ribera fue con todo por el exjugador de Independiente y finalmente logr\u00f3 su llegada, cumpliendo un anhelo de la dirigencia.\" \/>\n<meta name=\"robots\" content=\"index, follow, max-snippet:-1, max-image-preview:large, max-video-preview:-1\" \/>\n<link rel=\"canonical\" href=\"https:\/\/dataref.net\/ar\/hay-que-ilusionarse-alan-velasco-se-mostro-ilusionado-en-su-llegada-a-boca-juniors\/\" \/>\n<meta property=\"og:locale\" content=\"es_ES\" \/>\n<meta property=\"og:type\" content=\"article\" \/>\n<meta property=\"og:title\" content=\"\u201cHAY QUE ILUSIONARSE\u201d: Alan Velasco se mostr\u00f3 ilusionado en su llegada a Boca Juniors\" \/>\n<meta property=\"og:description\" content=\"Alan Velasco es uno de los jugadores m\u00e1s deseados por Boca Juniors en este mercado de pases. El Xeneize ya hab\u00eda intentado incorporarlo en mercados anteriores, pero no se hab\u00eda concretado. Esta vez, el club de La Ribera fue con todo por el exjugador de Independiente y finalmente logr\u00f3 su llegada, cumpliendo un anhelo de la dirigencia.\" \/>\n<meta property=\"og:url\" content=\"https:\/\/dataref.net\/ar\/hay-que-ilusionarse-alan-velasco-se-mostro-ilusionado-en-su-llegada-a-boca-juniors\/\" \/>\n<meta property=\"og:site_name\" content=\"dataref Argentina\" \/>\n<meta property=\"article:published_time\" content=\"2025-01-11T16:10:07+00:00\" \/>\n<meta property=\"article:modified_time\" content=\"2025-01-11T16:10:09+00:00\" \/>\n<meta property=\"og:image\" content=\"https:\/\/dataref.net\/ar\/wp-content\/uploads\/2025\/01\/photo-output-5.jpeg\" \/>\n\t<meta property=\"og:image:width\" content=\"800\" \/>\n\t<meta property=\"og:image:height\" content=\"487\" \/>\n\t<meta property=\"og:image:type\" content=\"image\/jpeg\" \/>\n<meta name=\"author\" content=\"Alejo Iwan\" \/>\n<meta name=\"twitter:card\" content=\"summary_large_image\" \/>\n<meta name=\"twitter:creator\" content=\"@alejoiwan\" \/>\n<meta name=\"twitter:site\" content=\"@dataref_ar\" \/>\n<meta name=\"twitter:label1\" content=\"Escrito por\" \/>\n\t<meta name=\"twitter:data1\" content=\"Alejo Iwan\" \/>\n\t<meta name=\"twitter:label2\" content=\"Tiempo de lectura\" \/>\n\t<meta name=\"twitter:data2\" content=\"2 minutos\" \/>\n<script type=\"application\/ld+json\" class=\"yoast-schema-graph\">{\"@context\":\"https:\/\/schema.org\",\"@graph\":[{\"@type\":\"Article\",\"@id\":\"https:\/\/dataref.net\/ar\/hay-que-ilusionarse-alan-velasco-se-mostro-ilusionado-en-su-llegada-a-boca-juniors\/#article\",\"isPartOf\":{\"@id\":\"https:\/\/dataref.net\/ar\/hay-que-ilusionarse-alan-velasco-se-mostro-ilusionado-en-su-llegada-a-boca-juniors\/\"},\"author\":{\"name\":\"Alejo Iwan\",\"@id\":\"https:\/\/dataref.net\/ar\/#\/schema\/person\/0161a0b3da94c7096c38099f9e3457f3\"},\"headline\":\"\u201cHAY QUE ILUSIONARSE\u201d: Alan Velasco se mostr\u00f3 ilusionado en su llegada a Boca Juniors\",\"datePublished\":\"2025-01-11T16:10:07+00:00\",\"dateModified\":\"2025-01-11T16:10:09+00:00\",\"mainEntityOfPage\":{\"@id\":\"https:\/\/dataref.net\/ar\/hay-que-ilusionarse-alan-velasco-se-mostro-ilusionado-en-su-llegada-a-boca-juniors\/\"},\"wordCount\":338,\"commentCount\":0,\"publisher\":{\"@id\":\"https:\/\/dataref.net\/ar\/#\/schema\/person\/cbb7c456fbc21183bdb2dc5bbb7d63b3\"},\"image\":{\"@id\":\"https:\/\/dataref.net\/ar\/hay-que-ilusionarse-alan-velasco-se-mostro-ilusionado-en-su-llegada-a-boca-juniors\/#primaryimage\"},\"thumbnailUrl\":\"https:\/\/dataref.net\/ar\/wp-content\/uploads\/2025\/01\/photo-output-5.jpeg\",\"keywords\":[\"Alan Velasco\",\"Boca Juniors\",\"Dallas\",\"Independiente\"],\"articleSection\":[\"Boca Juniors\",\"Uncategorized\"],\"inLanguage\":\"es-AR\",\"potentialAction\":[{\"@type\":\"CommentAction\",\"name\":\"Comment\",\"target\":[\"https:\/\/dataref.net\/ar\/hay-que-ilusionarse-alan-velasco-se-mostro-ilusionado-en-su-llegada-a-boca-juniors\/#respond\"]}]},{\"@type\":\"WebPage\",\"@id\":\"https:\/\/dataref.net\/ar\/hay-que-ilusionarse-alan-velasco-se-mostro-ilusionado-en-su-llegada-a-boca-juniors\/\",\"url\":\"https:\/\/dataref.net\/ar\/hay-que-ilusionarse-alan-velasco-se-mostro-ilusionado-en-su-llegada-a-boca-juniors\/\",\"name\":\"\u201cHAY QUE ILUSIONARSE\u201d: Alan Velasco se mostr\u00f3 ilusionado en su llegada a Boca Juniors - dataref Argentina\",\"isPartOf\":{\"@id\":\"https:\/\/dataref.net\/ar\/#website\"},\"primaryImageOfPage\":{\"@id\":\"https:\/\/dataref.net\/ar\/hay-que-ilusionarse-alan-velasco-se-mostro-ilusionado-en-su-llegada-a-boca-juniors\/#primaryimage\"},\"image\":{\"@id\":\"https:\/\/dataref.net\/ar\/hay-que-ilusionarse-alan-velasco-se-mostro-ilusionado-en-su-llegada-a-boca-juniors\/#primaryimage\"},\"thumbnailUrl\":\"https:\/\/dataref.net\/ar\/wp-content\/uploads\/2025\/01\/photo-output-5.jpeg\",\"datePublished\":\"2025-01-11T16:10:07+00:00\",\"dateModified\":\"2025-01-11T16:10:09+00:00\",\"description\":\"Alan Velasco es uno de los jugadores m\u00e1s deseados por Boca Juniors en este mercado de pases. El Xeneize ya hab\u00eda intentado incorporarlo en mercados anteriores, pero no se hab\u00eda concretado. Esta vez, el club de La Ribera fue con todo por el exjugador de Independiente y finalmente logr\u00f3 su llegada, cumpliendo un anhelo de la dirigencia.\",\"breadcrumb\":{\"@id\":\"https:\/\/dataref.net\/ar\/hay-que-ilusionarse-alan-velasco-se-mostro-ilusionado-en-su-llegada-a-boca-juniors\/#breadcrumb\"},\"inLanguage\":\"es-AR\",\"potentialAction\":[{\"@type\":\"ReadAction\",\"target\":[\"https:\/\/dataref.net\/ar\/hay-que-ilusionarse-alan-velasco-se-mostro-ilusionado-en-su-llegada-a-boca-juniors\/\"]}]},{\"@type\":\"ImageObject\",\"inLanguage\":\"es-AR\",\"@id\":\"https:\/\/dataref.net\/ar\/hay-que-ilusionarse-alan-velasco-se-mostro-ilusionado-en-su-llegada-a-boca-juniors\/#primaryimage\",\"url\":\"https:\/\/dataref.net\/ar\/wp-content\/uploads\/2025\/01\/photo-output-5.jpeg\",\"contentUrl\":\"https:\/\/dataref.net\/ar\/wp-content\/uploads\/2025\/01\/photo-output-5.jpeg\",\"width\":800,\"height\":487},{\"@type\":\"BreadcrumbList\",\"@id\":\"https:\/\/dataref.net\/ar\/hay-que-ilusionarse-alan-velasco-se-mostro-ilusionado-en-su-llegada-a-boca-juniors\/#breadcrumb\",\"itemListElement\":[{\"@type\":\"ListItem\",\"position\":1,\"name\":\"Home\",\"item\":\"https:\/\/dataref.net\/ar\/\"},{\"@type\":\"ListItem\",\"position\":2,\"name\":\"\u201cHAY QUE ILUSIONARSE\u201d: Alan Velasco se mostr\u00f3 ilusionado en su llegada a Boca Juniors\"}]},{\"@type\":\"WebSite\",\"@id\":\"https:\/\/dataref.net\/ar\/#website\",\"url\":\"https:\/\/dataref.net\/ar\/\",\"name\":\"dataref\",\"description\":\"\",\"publisher\":{\"@id\":\"https:\/\/dataref.net\/ar\/#\/schema\/person\/cbb7c456fbc21183bdb2dc5bbb7d63b3\"},\"potentialAction\":[{\"@type\":\"SearchAction\",\"target\":{\"@type\":\"EntryPoint\",\"urlTemplate\":\"https:\/\/dataref.net\/ar\/?s={search_term_string}\"},\"query-input\":{\"@type\":\"PropertyValueSpecification\",\"valueRequired\":true,\"valueName\":\"search_term_string\"}}],\"inLanguage\":\"es-AR\"},{\"@type\":[\"Person\",\"Organization\"],\"@id\":\"https:\/\/dataref.net\/ar\/#\/schema\/person\/cbb7c456fbc21183bdb2dc5bbb7d63b3\",\"name\":\"datarefNews\",\"image\":{\"@type\":\"ImageObject\",\"inLanguage\":\"es-AR\",\"@id\":\"https:\/\/dataref.net\/ar\/#\/schema\/person\/image\/\",\"url\":\"https:\/\/dataref.net\/ar\/wp-content\/uploads\/2023\/12\/cropped-cropped-dataref-logo-blanco.4d39855902e69a709381.png\",\"contentUrl\":\"https:\/\/dataref.net\/ar\/wp-content\/uploads\/2023\/12\/cropped-cropped-dataref-logo-blanco.4d39855902e69a709381.png\",\"width\":1500,\"height\":428,\"caption\":\"datarefNews\"},\"logo\":{\"@id\":\"https:\/\/dataref.net\/ar\/#\/schema\/person\/image\/\"},\"description\":\"Creador de noticias de Dataref\",\"sameAs\":[\"https:\/\/dataref.net\/ar\",\"https:\/\/x.com\/dataref_ar\"],\"publishingPrinciples\":\"https:\/\/dataref.net\/ar\/\"},{\"@type\":\"Person\",\"@id\":\"https:\/\/dataref.net\/ar\/#\/schema\/person\/0161a0b3da94c7096c38099f9e3457f3\",\"name\":\"Alejo Iwan\",\"image\":{\"@type\":\"ImageObject\",\"inLanguage\":\"es-AR\",\"@id\":\"https:\/\/dataref.net\/ar\/#\/schema\/person\/image\/\",\"url\":\"https:\/\/secure.gravatar.com\/avatar\/01b95f5f3fe097362da179ca9c91087bdefcc522d0782871a9fcbce2366dc139?s=96&d=mm&r=g\",\"contentUrl\":\"https:\/\/secure.gravatar.com\/avatar\/01b95f5f3fe097362da179ca9c91087bdefcc522d0782871a9fcbce2366dc139?s=96&d=mm&r=g\",\"caption\":\"Alejo Iwan\"},\"sameAs\":[\"https:\/\/x.com\/alejoiwan\"],\"url\":\"https:\/\/dataref.net\/ar\/author\/alejo-iwan\/\"}]}<\/script>\n<!-- \/ Yoast SEO Premium plugin. -->","yoast_head_json":{"title":"\u201cHAY QUE ILUSIONARSE\u201d: Alan Velasco se mostr\u00f3 ilusionado en su llegada a Boca Juniors - dataref Argentina","description":"Alan Velasco es uno de los jugadores m\u00e1s deseados por Boca Juniors en este mercado de pases. El Xeneize ya hab\u00eda intentado incorporarlo en mercados anteriores, pero no se hab\u00eda concretado. Esta vez, el club de La Ribera fue con todo por el exjugador de Independiente y finalmente logr\u00f3 su llegada, cumpliendo un anhelo de la dirigencia.","robots":{"index":"index","follow":"follow","max-snippet":"max-snippet:-1","max-image-preview":"max-image-preview:large","max-video-preview":"max-video-preview:-1"},"canonical":"https:\/\/dataref.net\/ar\/hay-que-ilusionarse-alan-velasco-se-mostro-ilusionado-en-su-llegada-a-boca-juniors\/","og_locale":"es_ES","og_type":"article","og_title":"\u201cHAY QUE ILUSIONARSE\u201d: Alan Velasco se mostr\u00f3 ilusionado en su llegada a Boca Juniors","og_description":"Alan Velasco es uno de los jugadores m\u00e1s deseados por Boca Juniors en este mercado de pases. El Xeneize ya hab\u00eda intentado incorporarlo en mercados anteriores, pero no se hab\u00eda concretado. Esta vez, el club de La Ribera fue con todo por el exjugador de Independiente y finalmente logr\u00f3 su llegada, cumpliendo un anhelo de la dirigencia.","og_url":"https:\/\/dataref.net\/ar\/hay-que-ilusionarse-alan-velasco-se-mostro-ilusionado-en-su-llegada-a-boca-juniors\/","og_site_name":"dataref Argentina","article_published_time":"2025-01-11T16:10:07+00:00","article_modified_time":"2025-01-11T16:10:09+00:00","og_image":[{"width":800,"height":487,"url":"https:\/\/dataref.net\/ar\/wp-content\/uploads\/2025\/01\/photo-output-5.jpeg","type":"image\/jpeg"}],"author":"Alejo Iwan","twitter_card":"summary_large_image","twitter_creator":"@alejoiwan","twitter_site":"@dataref_ar","twitter_misc":{"Escrito por":"Alejo Iwan","Tiempo de lectura":"2 minutos"},"schema":{"@context":"https:\/\/schema.org","@graph":[{"@type":"Article","@id":"https:\/\/dataref.net\/ar\/hay-que-ilusionarse-alan-velasco-se-mostro-ilusionado-en-su-llegada-a-boca-juniors\/#article","isPartOf":{"@id":"https:\/\/dataref.net\/ar\/hay-que-ilusionarse-alan-velasco-se-mostro-ilusionado-en-su-llegada-a-boca-juniors\/"},"author":{"name":"Alejo Iwan","@id":"https:\/\/dataref.net\/ar\/#\/schema\/person\/0161a0b3da94c7096c38099f9e3457f3"},"headline":"\u201cHAY QUE ILUSIONARSE\u201d: Alan Velasco se mostr\u00f3 ilusionado en su llegada a Boca Juniors","datePublished":"2025-01-11T16:10:07+00:00","dateModified":"2025-01-11T16:10:09+00:00","mainEntityOfPage":{"@id":"https:\/\/dataref.net\/ar\/hay-que-ilusionarse-alan-velasco-se-mostro-ilusionado-en-su-llegada-a-boca-juniors\/"},"wordCount":338,"commentCount":0,"publisher":{"@id":"https:\/\/dataref.net\/ar\/#\/schema\/person\/cbb7c456fbc21183bdb2dc5bbb7d63b3"},"image":{"@id":"https:\/\/dataref.net\/ar\/hay-que-ilusionarse-alan-velasco-se-mostro-ilusionado-en-su-llegada-a-boca-juniors\/#primaryimage"},"thumbnailUrl":"https:\/\/dataref.net\/ar\/wp-content\/uploads\/2025\/01\/photo-output-5.jpeg","keywords":["Alan Velasco","Boca Juniors","Dallas","Independiente"],"articleSection":["Boca Juniors","Uncategorized"],"inLanguage":"es-AR","potentialAction":[{"@type":"CommentAction","name":"Comment","target":["https:\/\/dataref.net\/ar\/hay-que-ilusionarse-alan-velasco-se-mostro-ilusionado-en-su-llegada-a-boca-juniors\/#respond"]}]},{"@type":"WebPage","@id":"https:\/\/dataref.net\/ar\/hay-que-ilusionarse-alan-velasco-se-mostro-ilusionado-en-su-llegada-a-boca-juniors\/","url":"https:\/\/dataref.net\/ar\/hay-que-ilusionarse-alan-velasco-se-mostro-ilusionado-en-su-llegada-a-boca-juniors\/","name":"\u201cHAY QUE ILUSIONARSE\u201d: Alan Velasco se mostr\u00f3 ilusionado en su llegada a Boca Juniors - dataref Argentina","isPartOf":{"@id":"https:\/\/dataref.net\/ar\/#website"},"primaryImageOfPage":{"@id":"https:\/\/dataref.net\/ar\/hay-que-ilusionarse-alan-velasco-se-mostro-ilusionado-en-su-llegada-a-boca-juniors\/#primaryimage"},"image":{"@id":"https:\/\/dataref.net\/ar\/hay-que-ilusionarse-alan-velasco-se-mostro-ilusionado-en-su-llegada-a-boca-juniors\/#primaryimage"},"thumbnailUrl":"https:\/\/dataref.net\/ar\/wp-content\/uploads\/2025\/01\/photo-output-5.jpeg","datePublished":"2025-01-11T16:10:07+00:00","dateModified":"2025-01-11T16:10:09+00:00","description":"Alan Velasco es uno de los jugadores m\u00e1s deseados por Boca Juniors en este mercado de pases. El Xeneize ya hab\u00eda intentado incorporarlo en mercados anteriores, pero no se hab\u00eda concretado. Esta vez, el club de La Ribera fue con todo por el exjugador de Independiente y finalmente logr\u00f3 su llegada, cumpliendo un anhelo de la dirigencia.","breadcrumb":{"@id":"https:\/\/dataref.net\/ar\/hay-que-ilusionarse-alan-velasco-se-mostro-ilusionado-en-su-llegada-a-boca-juniors\/#breadcrumb"},"inLanguage":"es-AR","potentialAction":[{"@type":"ReadAction","target":["https:\/\/dataref.net\/ar\/hay-que-ilusionarse-alan-velasco-se-mostro-ilusionado-en-su-llegada-a-boca-juniors\/"]}]},{"@type":"ImageObject","inLanguage":"es-AR","@id":"https:\/\/dataref.net\/ar\/hay-que-ilusionarse-alan-velasco-se-mostro-ilusionado-en-su-llegada-a-boca-juniors\/#primaryimage","url":"https:\/\/dataref.net\/ar\/wp-content\/uploads\/2025\/01\/photo-output-5.jpeg","contentUrl":"https:\/\/dataref.net\/ar\/wp-content\/uploads\/2025\/01\/photo-output-5.jpeg","width":800,"height":487},{"@type":"BreadcrumbList","@id":"https:\/\/dataref.net\/ar\/hay-que-ilusionarse-alan-velasco-se-mostro-ilusionado-en-su-llegada-a-boca-juniors\/#breadcrumb","itemListElement":[{"@type":"ListItem","position":1,"name":"Home","item":"https:\/\/dataref.net\/ar\/"},{"@type":"ListItem","position":2,"name":"\u201cHAY QUE ILUSIONARSE\u201d: Alan Velasco se mostr\u00f3 ilusionado en su llegada a Boca Juniors"}]},{"@type":"WebSite","@id":"https:\/\/dataref.net\/ar\/#website","url":"https:\/\/dataref.net\/ar\/","name":"dataref","description":"","publisher":{"@id":"https:\/\/dataref.net\/ar\/#\/schema\/person\/cbb7c456fbc21183bdb2dc5bbb7d63b3"},"potentialAction":[{"@type":"SearchAction","target":{"@type":"EntryPoint","urlTemplate":"https:\/\/dataref.net\/ar\/?s={search_term_string}"},"query-input":{"@type":"PropertyValueSpecification","valueRequired":true,"valueName":"search_term_string"}}],"inLanguage":"es-AR"},{"@type":["Person","Organization"],"@id":"https:\/\/dataref.net\/ar\/#\/schema\/person\/cbb7c456fbc21183bdb2dc5bbb7d63b3","name":"datarefNews","image":{"@type":"ImageObject","inLanguage":"es-AR","@id":"https:\/\/dataref.net\/ar\/#\/schema\/person\/image\/","url":"https:\/\/dataref.net\/ar\/wp-content\/uploads\/2023\/12\/cropped-cropped-dataref-logo-blanco.4d39855902e69a709381.png","contentUrl":"https:\/\/dataref.net\/ar\/wp-content\/uploads\/2023\/12\/cropped-cropped-dataref-logo-blanco.4d39855902e69a709381.png","width":1500,"height":428,"caption":"datarefNews"},"logo":{"@id":"https:\/\/dataref.net\/ar\/#\/schema\/person\/image\/"},"description":"Creador de noticias de Dataref","sameAs":["https:\/\/dataref.net\/ar","https:\/\/x.com\/dataref_ar"],"publishingPrinciples":"https:\/\/dataref.net\/ar\/"},{"@type":"Person","@id":"https:\/\/dataref.net\/ar\/#\/schema\/person\/0161a0b3da94c7096c38099f9e3457f3","name":"Alejo Iwan","image":{"@type":"ImageObject","inLanguage":"es-AR","@id":"https:\/\/dataref.net\/ar\/#\/schema\/person\/image\/","url":"https:\/\/secure.gravatar.com\/avatar\/01b95f5f3fe097362da179ca9c91087bdefcc522d0782871a9fcbce2366dc139?s=96&d=mm&r=g","contentUrl":"https:\/\/secure.gravatar.com\/avatar\/01b95f5f3fe097362da179ca9c91087bdefcc522d0782871a9fcbce2366dc139?s=96&d=mm&r=g","caption":"Alejo Iwan"},"sameAs":["https:\/\/x.com\/alejoiwan"],"url":"https:\/\/dataref.net\/ar\/author\/alejo-iwan\/"}]}},"_links":{"self":[{"href":"https:\/\/dataref.net\/ar\/wp-json\/wp\/v2\/posts\/10022","targetHints":{"allow":["GET"]}}],"collection":[{"href":"https:\/\/dataref.net\/ar\/wp-json\/wp\/v2\/posts"}],"about":[{"href":"https:\/\/dataref.net\/ar\/wp-json\/wp\/v2\/types\/post"}],"author":[{"embeddable":true,"href":"https:\/\/dataref.net\/ar\/wp-json\/wp\/v2\/users\/2"}],"replies":[{"embeddable":true,"href":"https:\/\/dataref.net\/ar\/wp-json\/wp\/v2\/comments?post=10022"}],"version-history":[{"count":1,"href":"https:\/\/dataref.net\/ar\/wp-json\/wp\/v2\/posts\/10022\/revisions"}],"predecessor-version":[{"id":10029,"href":"https:\/\/dataref.net\/ar\/wp-json\/wp\/v2\/posts\/10022\/revisions\/10029"}],"wp:featuredmedia":[{"embeddable":true,"href":"https:\/\/dataref.net\/ar\/wp-json\/wp\/v2\/media\/10024"}],"wp:attachment":[{"href":"https:\/\/dataref.net\/ar\/wp-json\/wp\/v2\/media?parent=10022"}],"wp:term":[{"taxonomy":"category","embeddable":true,"href":"https:\/\/dataref.net\/ar\/wp-json\/wp\/v2\/categories?post=10022"},{"taxonomy":"post_tag","embeddable":true,"href":"https:\/\/dataref.net\/ar\/wp-json\/wp\/v2\/tags?post=10022"}],"curies":[{"name":"wp","href":"https:\/\/api.w.org\/{rel}","templated":true}]}}